{"id":31201,"date":"2023-05-21T01:17:01","date_gmt":"2023-05-20T23:17:01","guid":{"rendered":"https:\/\/www.feuerwehr-brilon.de\/?p=31201"},"modified":"2023-05-21T01:17:01","modified_gmt":"2023-05-20T23:17:01","slug":"einsatz-760","status":"publish","type":"post","link":"https:\/\/www.feuerwehr-brilon.de\/?p=31201","title":{"rendered":"+++ Einsatz +++"},"content":{"rendered":"<p>20.05. 19:49Uhr, Brandeinsatz, F3 BMA, Marsberg, Bredelarer Str., autom. BMA (\u00fcber\u00f6rtlich)<\/p>\n","protected":false},"excerpt":{"rendered":"<p>20.05. 19:49Uhr, Brandeinsatz, F3 BMA, Marsberg, Bredelarer Str., autom. BMA (\u00fcber\u00f6rtlich)<\/p>\n","protected":false},"author":8,"featured_media":22587,"comment_status":"closed","ping_status":"closed","sticky":false,"template":"","format":"standard","meta":{"_exactmetrics_skip_tracking":false,"_exactmetrics_sitenote_active":false,"_exactmetrics_sitenote_note":"","_exactmetrics_sitenote_category":0,"jetpack_post_was_ever_published":false,"_jetpack_newsletter_access":"","_jetpack_dont_email_post_to_subs":false,"_jetpack_newsletter_tier_id":0,"_jetpack_memberships_contains_paywalled_content":false,"_jetpack_memberships_contains_paid_content":false,"footnotes":""},"categories":[102],"tags":[],"class_list":["post-31201","post","type-post","status-publish","format-standard","has-post-thumbnail","hentry","category-alarmierungen"],"jetpack_featured_media_url":"https:\/\/www.feuerwehr-brilon.de\/wp-up\/2020\/07\/FIZ.jpg","jetpack_shortlink":"https:\/\/wp.me\/pCIJa-87f","jetpack_sharing_enabled":true,"jetpack-related-posts":[{"id":21953,"url":"https:\/\/www.feuerwehr-brilon.de\/?p=21953","url_meta":{"origin":31201,"position":0},"title":"+++ Einsatz +++","author":"Andreas Becker","date":"17. Dezember 2019","format":false,"excerpt":"17.12. 09:39Uhr, Brandeinsatz, F3 BMA, Marsberg, Bredelarer Str., autom. BMA (ELW)","rel":"","context":"In &quot;Alarmierungen&quot;","block_context":{"text":"Alarmierungen","link":"https:\/\/www.feuerwehr-brilon.de\/?cat=102"},"img":{"alt_text":"","src":"","width":0,"height":0},"classes":[]},{"id":15902,"url":"https:\/\/www.feuerwehr-brilon.de\/?p=15902","url_meta":{"origin":31201,"position":1},"title":"26.04. 01:40Uhr, Brandeinsatz, F3 BMA,\u2026","author":"Andreas Becker","date":"26. April 2018","format":false,"excerpt":"26.04. 01:40Uhr, Brandeinsatz, F3 BMA, Marsberg, Bredelarer Str., autom. BMA, (ELW \u00fcber\u00f6rtl.)","rel":"","context":"In &quot;Alarmierungen&quot;","block_context":{"text":"Alarmierungen","link":"https:\/\/www.feuerwehr-brilon.de\/?cat=102"},"img":{"alt_text":"","src":"","width":0,"height":0},"classes":[]},{"id":31485,"url":"https:\/\/www.feuerwehr-brilon.de\/?p=31485","url_meta":{"origin":31201,"position":2},"title":"+++ Einsatz +++","author":"Andreas Becker","date":"30. August 2023","format":false,"excerpt":"30.08. 08:44Uhr, Brandeinsatz, F3 BMA, Bigge, Hauptstra\u00dfe, autom. BMA (DLK \u00fcber\u00f6rtlich)","rel":"","context":"In &quot;Alarmierungen&quot;","block_context":{"text":"Alarmierungen","link":"https:\/\/www.feuerwehr-brilon.de\/?cat=102"},"img":{"alt_text":"","src":"https:\/\/i0.wp.com\/www.feuerwehr-brilon.de\/wp-up\/2023\/03\/sym_DLK.jpg?resize=350%2C200&ssl=1","width":350,"height":200,"srcset":"https:\/\/i0.wp.com\/www.feuerwehr-brilon.de\/wp-up\/2023\/03\/sym_DLK.jpg?resize=350%2C200&ssl=1 1x, https:\/\/i0.wp.com\/www.feuerwehr-brilon.de\/wp-up\/2023\/03\/sym_DLK.jpg?resize=525%2C300&ssl=1 1.5x, https:\/\/i0.wp.com\/www.feuerwehr-brilon.de\/wp-up\/2023\/03\/sym_DLK.jpg?resize=700%2C400&ssl=1 2x"},"classes":[]},{"id":23973,"url":"https:\/\/www.feuerwehr-brilon.de\/?p=23973","url_meta":{"origin":31201,"position":3},"title":"+++ Einsatz +++","author":"Andreas Becker","date":"18. November 2021","format":false,"excerpt":"17.11. 23:49Uhr, Brandeinsatz, F3 BMA, Brilon, Hinterm Sch\u00f6nschede, autom. BMA","rel":"","context":"In &quot;Alarmierungen&quot;","block_context":{"text":"Alarmierungen","link":"https:\/\/www.feuerwehr-brilon.de\/?cat=102"},"img":{"alt_text":"","src":"","width":0,"height":0},"classes":[]},{"id":23938,"url":"https:\/\/www.feuerwehr-brilon.de\/?p=23938","url_meta":{"origin":31201,"position":4},"title":"+++ Einsatz +++","author":"Andreas Becker","date":"25. Oktober 2021","format":false,"excerpt":"25.10. 13:39Uhr, Brandeinsatz, F3 BMA, Olsberg, Heinrich-Sommer-Str., autom. BMA (DLK)","rel":"","context":"In &quot;Alarmierungen&quot;","block_context":{"text":"Alarmierungen","link":"https:\/\/www.feuerwehr-brilon.de\/?cat=102"},"img":{"alt_text":"","src":"","width":0,"height":0},"classes":[]},{"id":16982,"url":"https:\/\/www.feuerwehr-brilon.de\/?p=16982","url_meta":{"origin":31201,"position":5},"title":"01.04. 09:20Uhr, Brandeinsatz, F3 BMA,\u2026","author":"Andreas Becker","date":"1. April 2019","format":false,"excerpt":"01.04. 09:20Uhr, Brandeinsatz, F3 BMA, Marsberg, M\u00fchlenstra\u00dfe, autom. BMA","rel":"","context":"In &quot;Alarmierungen&quot;","block_context":{"text":"Alarmierungen","link":"https:\/\/www.feuerwehr-brilon.de\/?cat=102"},"img":{"alt_text":"","src":"","width":0,"height":0},"classes":[]}],"_links":{"self":[{"href":"https:\/\/www.feuerwehr-brilon.de\/index.php?rest_route=\/wp\/v2\/posts\/31201","targetHints":{"allow":["GET"]}}],"collection":[{"href":"https:\/\/www.feuerwehr-brilon.de\/index.php?rest_route=\/wp\/v2\/posts"}],"about":[{"href":"https:\/\/www.feuerwehr-brilon.de\/index.php?rest_route=\/wp\/v2\/types\/post"}],"author":[{"embeddable":true,"href":"https:\/\/www.feuerwehr-brilon.de\/index.php?rest_route=\/wp\/v2\/users\/8"}],"replies":[{"embeddable":true,"href":"https:\/\/www.feuerwehr-brilon.de\/index.php?rest_route=%2Fwp%2Fv2%2Fcomments&post=31201"}],"version-history":[{"count":1,"href":"https:\/\/www.feuerwehr-brilon.de\/index.php?rest_route=\/wp\/v2\/posts\/31201\/revisions"}],"predecessor-version":[{"id":31202,"href":"https:\/\/www.feuerwehr-brilon.de\/index.php?rest_route=\/wp\/v2\/posts\/31201\/revisions\/31202"}],"wp:featuredmedia":[{"embeddable":true,"href":"https:\/\/www.feuerwehr-brilon.de\/index.php?rest_route=\/wp\/v2\/media\/22587"}],"wp:attachment":[{"href":"https:\/\/www.feuerwehr-brilon.de\/index.php?rest_route=%2Fwp%2Fv2%2Fmedia&parent=31201"}],"wp:term":[{"taxonomy":"category","embeddable":true,"href":"https:\/\/www.feuerwehr-brilon.de\/index.php?rest_route=%2Fwp%2Fv2%2Fcategories&post=31201"},{"taxonomy":"post_tag","embeddable":true,"href":"https:\/\/www.feuerwehr-brilon.de\/index.php?rest_route=%2Fwp%2Fv2%2Ftags&post=31201"}],"curies":[{"name":"wp","href":"https:\/\/api.w.org\/{rel}","templated":true}]}}