{"id":31208,"date":"2023-05-26T08:22:50","date_gmt":"2023-05-26T06:22:50","guid":{"rendered":"https:\/\/www.feuerwehr-brilon.de\/?p=31208"},"modified":"2023-05-26T08:22:50","modified_gmt":"2023-05-26T06:22:50","slug":"einsatz-762","status":"publish","type":"post","link":"https:\/\/www.feuerwehr-brilon.de\/?p=31208","title":{"rendered":"+++ Einsatz +++"},"content":{"rendered":"<p>25.05. 23:43Uhr, Hilfeleistung, H0 Unfall, Brilon, B480, Verkehrsunfall<\/p>\n","protected":false},"excerpt":{"rendered":"<p>25.05. 23:43Uhr, Hilfeleistung, H0 Unfall, Brilon, B480, Verkehrsunfall<\/p>\n","protected":false},"author":8,"featured_media":30861,"comment_status":"closed","ping_status":"closed","sticky":false,"template":"","format":"standard","meta":{"_exactmetrics_skip_tracking":false,"_exactmetrics_sitenote_active":false,"_exactmetrics_sitenote_note":"","_exactmetrics_sitenote_category":0,"jetpack_post_was_ever_published":false,"_jetpack_newsletter_access":"","_jetpack_dont_email_post_to_subs":false,"_jetpack_newsletter_tier_id":0,"_jetpack_memberships_contains_paywalled_content":false,"_jetpack_memberships_contains_paid_content":false,"footnotes":""},"categories":[102],"tags":[],"class_list":["post-31208","post","type-post","status-publish","format-standard","has-post-thumbnail","hentry","category-alarmierungen"],"jetpack_featured_media_url":"https:\/\/www.feuerwehr-brilon.de\/wp-up\/2023\/03\/sym_HLF-2.jpg","jetpack_shortlink":"https:\/\/wp.me\/pCIJa-87m","jetpack_sharing_enabled":true,"jetpack-related-posts":[{"id":31328,"url":"https:\/\/www.feuerwehr-brilon.de\/?p=31328","url_meta":{"origin":31208,"position":0},"title":"+++ Einsatz +++","author":"Andreas Becker","date":"28. Juni 2023","format":false,"excerpt":"28.06. 06:36Uhr, Hilfeleistung, H0 Unfall, Altenb\u00fcren, B480 -> Antfeld, Verkehrsunfall","rel":"","context":"In &quot;Alarmierungen&quot;","block_context":{"text":"Alarmierungen","link":"https:\/\/www.feuerwehr-brilon.de\/?cat=102"},"img":{"alt_text":"","src":"https:\/\/i0.wp.com\/www.feuerwehr-brilon.de\/wp-up\/2023\/03\/sym_sign.jpg?resize=350%2C200&ssl=1","width":350,"height":200,"srcset":"https:\/\/i0.wp.com\/www.feuerwehr-brilon.de\/wp-up\/2023\/03\/sym_sign.jpg?resize=350%2C200&ssl=1 1x, https:\/\/i0.wp.com\/www.feuerwehr-brilon.de\/wp-up\/2023\/03\/sym_sign.jpg?resize=525%2C300&ssl=1 1.5x, https:\/\/i0.wp.com\/www.feuerwehr-brilon.de\/wp-up\/2023\/03\/sym_sign.jpg?resize=700%2C400&ssl=1 2x"},"classes":[]},{"id":33307,"url":"https:\/\/www.feuerwehr-brilon.de\/?p=33307","url_meta":{"origin":31208,"position":1},"title":"+++ Einsatz +++","author":"Andreas Becker","date":"20. M\u00e4rz 2025","format":false,"excerpt":"19.03. 23:04Uhr, Hilfeleistung, H0 Unfall, Brilon, Ostring, Verkehrsunfall","rel":"","context":"In &quot;Alarmierungen&quot;","block_context":{"text":"Alarmierungen","link":"https:\/\/www.feuerwehr-brilon.de\/?cat=102"},"img":{"alt_text":"","src":"","width":0,"height":0},"classes":[]},{"id":22630,"url":"https:\/\/www.feuerwehr-brilon.de\/?p=22630","url_meta":{"origin":31208,"position":2},"title":"+++ Einsatz +++","author":"Andreas Becker","date":"4. August 2020","format":false,"excerpt":"03.08. 21:43Uhr, Hilfeleistung, H0 Sonstige, Alme, B480 -> W\u00fclfte, G\u00fclle auf Stra\u00dfe","rel":"","context":"In &quot;Alarmierungen&quot;","block_context":{"text":"Alarmierungen","link":"https:\/\/www.feuerwehr-brilon.de\/?cat=102"},"img":{"alt_text":"","src":"","width":0,"height":0},"classes":[]},{"id":23527,"url":"https:\/\/www.feuerwehr-brilon.de\/?p=23527","url_meta":{"origin":31208,"position":3},"title":"+++ Einsatz +++","author":"Andreas Becker","date":"1. Juni 2021","format":false,"excerpt":"01.06. 14:43Uhr, Hilfeleistung, H0 \u00d6lspur, Alme, OA - B480 - FR W\u00fcnnenberg, \u00d6lspur","rel":"","context":"In &quot;Alarmierungen&quot;","block_context":{"text":"Alarmierungen","link":"https:\/\/www.feuerwehr-brilon.de\/?cat=102"},"img":{"alt_text":"","src":"https:\/\/i0.wp.com\/www.feuerwehr-brilon.de\/wp-up\/2020\/02\/Oelspur.jpg?resize=350%2C200&ssl=1","width":350,"height":200,"srcset":"https:\/\/i0.wp.com\/www.feuerwehr-brilon.de\/wp-up\/2020\/02\/Oelspur.jpg?resize=350%2C200&ssl=1 1x, https:\/\/i0.wp.com\/www.feuerwehr-brilon.de\/wp-up\/2020\/02\/Oelspur.jpg?resize=525%2C300&ssl=1 1.5x"},"classes":[]},{"id":24158,"url":"https:\/\/www.feuerwehr-brilon.de\/?p=24158","url_meta":{"origin":31208,"position":4},"title":"+++ Einsatz +++","author":"Andreas Becker","date":"17. Februar 2022","format":false,"excerpt":"17.02. 15:13Uhr, Hilfeleistung, H0 Unfall, Brilon, B480, ausl. Betriebsmittel","rel":"","context":"In &quot;Alarmierungen&quot;","block_context":{"text":"Alarmierungen","link":"https:\/\/www.feuerwehr-brilon.de\/?cat=102"},"img":{"alt_text":"","src":"https:\/\/i0.wp.com\/www.feuerwehr-brilon.de\/wp-up\/2020\/02\/Oelspur.jpg?resize=350%2C200&ssl=1","width":350,"height":200,"srcset":"https:\/\/i0.wp.com\/www.feuerwehr-brilon.de\/wp-up\/2020\/02\/Oelspur.jpg?resize=350%2C200&ssl=1 1x, https:\/\/i0.wp.com\/www.feuerwehr-brilon.de\/wp-up\/2020\/02\/Oelspur.jpg?resize=525%2C300&ssl=1 1.5x"},"classes":[]},{"id":33093,"url":"https:\/\/www.feuerwehr-brilon.de\/?p=33093","url_meta":{"origin":31208,"position":5},"title":"+++ Einsatz +++","author":"Andreas Becker","date":"6. Januar 2025","format":false,"excerpt":"06.01. 18:22Uhr, Hilfeleistung, H0 Unfall, Brilon, M\u00f6hnetal, Verkehrsunfall","rel":"","context":"In &quot;Alarmierungen&quot;","block_context":{"text":"Alarmierungen","link":"https:\/\/www.feuerwehr-brilon.de\/?cat=102"},"img":{"alt_text":"","src":"","width":0,"height":0},"classes":[]}],"_links":{"self":[{"href":"https:\/\/www.feuerwehr-brilon.de\/index.php?rest_route=\/wp\/v2\/posts\/31208","targetHints":{"allow":["GET"]}}],"collection":[{"href":"https:\/\/www.feuerwehr-brilon.de\/index.php?rest_route=\/wp\/v2\/posts"}],"about":[{"href":"https:\/\/www.feuerwehr-brilon.de\/index.php?rest_route=\/wp\/v2\/types\/post"}],"author":[{"embeddable":true,"href":"https:\/\/www.feuerwehr-brilon.de\/index.php?rest_route=\/wp\/v2\/users\/8"}],"replies":[{"embeddable":true,"href":"https:\/\/www.feuerwehr-brilon.de\/index.php?rest_route=%2Fwp%2Fv2%2Fcomments&post=31208"}],"version-history":[{"count":1,"href":"https:\/\/www.feuerwehr-brilon.de\/index.php?rest_route=\/wp\/v2\/posts\/31208\/revisions"}],"predecessor-version":[{"id":31209,"href":"https:\/\/www.feuerwehr-brilon.de\/index.php?rest_route=\/wp\/v2\/posts\/31208\/revisions\/31209"}],"wp:featuredmedia":[{"embeddable":true,"href":"https:\/\/www.feuerwehr-brilon.de\/index.php?rest_route=\/wp\/v2\/media\/30861"}],"wp:attachment":[{"href":"https:\/\/www.feuerwehr-brilon.de\/index.php?rest_route=%2Fwp%2Fv2%2Fmedia&parent=31208"}],"wp:term":[{"taxonomy":"category","embeddable":true,"href":"https:\/\/www.feuerwehr-brilon.de\/index.php?rest_route=%2Fwp%2Fv2%2Fcategories&post=31208"},{"taxonomy":"post_tag","embeddable":true,"href":"https:\/\/www.feuerwehr-brilon.de\/index.php?rest_route=%2Fwp%2Fv2%2Ftags&post=31208"}],"curies":[{"name":"wp","href":"https:\/\/api.w.org\/{rel}","templated":true}]}}