{"id":31213,"date":"2023-05-27T14:40:08","date_gmt":"2023-05-27T12:40:08","guid":{"rendered":"https:\/\/www.feuerwehr-brilon.de\/?p=31213"},"modified":"2023-06-05T11:21:50","modified_gmt":"2023-06-05T09:21:50","slug":"heckenbrand-in-alme","status":"publish","type":"post","link":"https:\/\/www.feuerwehr-brilon.de\/?p=31213","title":{"rendered":"Heckenbrand in Alme"},"content":{"rendered":"<p><a href=\"https:\/\/www.feuerwehr-brilon.de\/?p=31213\"><img loading=\"lazy\" decoding=\"async\" src=\"https:\/\/www.feuerwehr-brilon.de\/wp-up\/2023\/05\/IMG_20230526_185122_tw-150x113.jpg\" alt=\"\" width=\"150\" height=\"113\" class=\"alignleft size-thumbnail wp-image-31214\" srcset=\"https:\/\/www.feuerwehr-brilon.de\/wp-up\/2023\/05\/IMG_20230526_185122_tw-150x113.jpg 150w, https:\/\/www.feuerwehr-brilon.de\/wp-up\/2023\/05\/IMG_20230526_185122_tw-500x375.jpg 500w, https:\/\/www.feuerwehr-brilon.de\/wp-up\/2023\/05\/IMG_20230526_185122_tw.jpg 800w\" sizes=\"auto, (max-width: 150px) 100vw, 150px\" \/><\/a><a title=\"Alme\" href=\"http:\/\/www.feuerwehr-brilon.de\/?page_id=27\" target=\"_blank\" rel=\"noopener\">Alme. <\/a>Ein Heckenbrand sorgte am Freitagabend f\u00fcr den Einsatz mehrerer L\u00f6schgruppen rund um Alme. Nachdem zun\u00e4chst nur die L\u00f6schgruppe Alme gegen 18.40 Uhr zu einem Heckenbrand alarmiert worden war, gab es bereits zwei Minuten sp\u00e4ter eine Alarmstichworterh\u00f6hung.<!--more--><\/p>\n<p>Aufgrund der Brand- und Rauchausbreitung hatten sich mehrere Anrufer bei der Rettungsleitstelle gemeldet und berichtet, dass das Feuer bereits auf eine Garage \u00fcbergegriffen hatte und ein  benachbartes Wohnhaus gef\u00e4hrdet sei. Daraufhin eilten auch die L\u00f6schgruppen aus W\u00fclfte und Nehden sowie der L\u00f6schzug Brilon zum Einsatzort.<\/p>\n<p>Durch das schnelle Eingreifen der L\u00f6schgruppe Alme konnte gr\u00f6\u00dferer Schaden vermieden werden. Bereits die ersten L\u00f6schma\u00dfnahmen durch einen Trupp unter schwerem Atemschutz mit einem C-Hohlstrahlrohr zeigten schnelle Wirkung. Somit konnten alle sich noch auf der Anfahrt befindlichen Einheiten abdrehen und wieder zur\u00fcck zum Standort fahren.<\/p>\n<p>Nach rund 30 Minuten war der Einsatz beendet.<\/p>\n<p>\u00dcber Ursache und H\u00f6he des Schadens liegen der Feuerwehr keine Angaben vor. <\/p>\n<p style=\"border-color: #696969; border-width: 2px; border-style: solid; padding: 4px;\"><strong>Eingesetzte Einheiten:<\/strong><br \/>\n<a href=\"http:\/\/www.feuerwehr-brilon.de\/?page_id=27\"><img loading=\"lazy\" decoding=\"async\" class=\"alignnone\" title=\"lg alme\" src=\"http:\/\/www.feuerwehr-brilon.de\/images\/einsatz_details\/lg_alme.jpg\" alt=\"\" width=\"110\" height=\"31\" \/><\/a><a href=\"http:\/\/www.feuerwehr-brilon.de\/?page_id=29\"><img loading=\"lazy\" decoding=\"async\" class=\"alignnone\" title=\"lg nehden\" src=\"http:\/\/www.feuerwehr-brilon.de\/images\/einsatz_details\/lg_nehden.jpg\" alt=\"\" width=\"110\" height=\"31\" \/><\/a>  <a href=\"http:\/\/www.feuerwehr-brilon.de\/?page_id=26\"><img loading=\"lazy\" decoding=\"async\" class=\"alignnone\" title=\"lg w\u00fclfte\" src=\"http:\/\/www.feuerwehr-brilon.de\/images\/einsatz_details\/lg_wuelfte.jpg\" alt=\"\" width=\"110\" height=\"31\" \/><\/a> <a href=\"http:\/\/www.feuerwehr-brilon.de\/?page_id=7\"><img loading=\"lazy\" decoding=\"async\" class=\"alignnone\" title=\"lz brilon\" src=\"http:\/\/www.feuerwehr-brilon.de\/images\/einsatz_details\/lz_brilon.jpg\" alt=\"\" width=\"110\" height=\"31\" \/><\/a>  <\/p>\n<p style=\"border-color: #696969; border-width: 2px; border-style: solid; padding: 4px;\"><strong>Eingesetzte Fahrzeuge:<\/strong><br \/>\n<a href=\"http:\/\/www.feuerwehr-brilon.de\/?page_id=812\"><img loading=\"lazy\" decoding=\"async\" class=\"alignnone\" title=\"StLF\" src=\"http:\/\/www.feuerwehr-brilon.de\/images\/einsatz_details\/054802.jpg\" alt=\"\" width=\"110\" height=\"31\" \/><\/a><\/p>\n<p><strong>Bilder:<\/strong><br \/>\n<a rel=\"lightbox\" href=\"https:\/\/www.feuerwehr-brilon.de\/wp-up\/2023\/05\/IMG_20230526_185122_tw.jpg\"><img loading=\"lazy\" decoding=\"async\" src=\"https:\/\/www.feuerwehr-brilon.de\/wp-up\/2023\/05\/IMG_20230526_185122_tw-150x113.jpg\" alt=\"\" width=\"150\" height=\"113\" class=\"alignnone size-thumbnail wp-image-31214\" srcset=\"https:\/\/www.feuerwehr-brilon.de\/wp-up\/2023\/05\/IMG_20230526_185122_tw-150x113.jpg 150w, https:\/\/www.feuerwehr-brilon.de\/wp-up\/2023\/05\/IMG_20230526_185122_tw-500x375.jpg 500w, https:\/\/www.feuerwehr-brilon.de\/wp-up\/2023\/05\/IMG_20230526_185122_tw.jpg 800w\" sizes=\"auto, (max-width: 150px) 100vw, 150px\" \/><\/a><a rel=\"lightbox\" href=\"https:\/\/www.feuerwehr-brilon.de\/wp-up\/2023\/05\/IMG_20230526_185053_tw.jpg\"><img loading=\"lazy\" decoding=\"async\" src=\"https:\/\/www.feuerwehr-brilon.de\/wp-up\/2023\/05\/IMG_20230526_185053_tw-150x113.jpg\" alt=\"\" width=\"150\" height=\"113\" class=\"alignnone size-thumbnail wp-image-31216\" srcset=\"https:\/\/www.feuerwehr-brilon.de\/wp-up\/2023\/05\/IMG_20230526_185053_tw-150x113.jpg 150w, https:\/\/www.feuerwehr-brilon.de\/wp-up\/2023\/05\/IMG_20230526_185053_tw-500x375.jpg 500w, https:\/\/www.feuerwehr-brilon.de\/wp-up\/2023\/05\/IMG_20230526_185053_tw.jpg 800w\" sizes=\"auto, (max-width: 150px) 100vw, 150px\" \/><\/a><\/p>\n","protected":false},"excerpt":{"rendered":"<p>Alme. Ein Heckenbrand sorgte am Freitagabend f\u00fcr den Einsatz mehrerer L\u00f6schgruppen rund um Alme. Nachdem zun\u00e4chst nur die L\u00f6schgruppe Alme gegen 18.40 Uhr zu einem Heckenbrand alarmiert worden war, gab es bereits zwei Minuten sp\u00e4ter eine Alarmstichworterh\u00f6hung.<\/p>\n","protected":false},"author":8,"featured_media":31215,"comment_status":"closed","ping_status":"closed","sticky":false,"template":"","format":"standard","meta":{"_exactmetrics_skip_tracking":false,"_exactmetrics_sitenote_active":false,"_exactmetrics_sitenote_note":"","_exactmetrics_sitenote_category":0,"jetpack_post_was_ever_published":false,"_jetpack_newsletter_access":"","_jetpack_dont_email_post_to_subs":false,"_jetpack_newsletter_tier_id":0,"_jetpack_memberships_contains_paywalled_content":false,"_jetpack_memberships_contains_paid_content":false,"footnotes":""},"categories":[335],"tags":[40,197,221],"class_list":["post-31213","post","type-post","status-publish","format-standard","has-post-thumbnail","hentry","category-einsatze-2023","tag-alme","tag-brand","tag-mlf"],"jetpack_featured_media_url":"https:\/\/www.feuerwehr-brilon.de\/wp-up\/2023\/05\/IMG_20230526_185122_tww.jpg","jetpack_shortlink":"https:\/\/wp.me\/pCIJa-87r","jetpack_sharing_enabled":true,"jetpack-related-posts":[{"id":34325,"url":"https:\/\/www.feuerwehr-brilon.de\/?p=34325","url_meta":{"origin":31213,"position":0},"title":"Geb\u00e4udebrand in Alme \u2013 weiterer Einsatz bei Verkehrsunfall","author":"Erwin Mungenast","date":"4. Februar 2026","format":false,"excerpt":"Alme. Am Dienstagmorgen (3.2.) gegen 8:49 Uhr wurde die Feuerwehr Brilon zu einem Schornsteinbrand (Stichwort: F2 Schorn) in die Sebastianstra\u00dfe nach Alme alarmiert. Zun\u00e4chst r\u00fcckten die Einheiten Alme, Brilon, Nehden und W\u00fclfte aus. W\u00e4hrend der Anfahrt der Einsatzkr\u00e4fte meldeten weitere Anrufer der Rettungsleitstelle, dass das Feuer bereits auf das Geb\u00e4ude\u2026","rel":"","context":"In &quot;Eins\u00e4tze 2026&quot;","block_context":{"text":"Eins\u00e4tze 2026","link":"https:\/\/www.feuerwehr-brilon.de\/?cat=369"},"img":{"alt_text":"","src":"https:\/\/i0.wp.com\/www.feuerwehr-brilon.de\/wp-up\/2026\/02\/Brand-QF-3-1.jpg?resize=350%2C200&ssl=1","width":350,"height":200,"srcset":"https:\/\/i0.wp.com\/www.feuerwehr-brilon.de\/wp-up\/2026\/02\/Brand-QF-3-1.jpg?resize=350%2C200&ssl=1 1x, https:\/\/i0.wp.com\/www.feuerwehr-brilon.de\/wp-up\/2026\/02\/Brand-QF-3-1.jpg?resize=525%2C300&ssl=1 1.5x, https:\/\/i0.wp.com\/www.feuerwehr-brilon.de\/wp-up\/2026\/02\/Brand-QF-3-1.jpg?resize=700%2C400&ssl=1 2x"},"classes":[]},{"id":683,"url":"https:\/\/www.feuerwehr-brilon.de\/?p=683","url_meta":{"origin":31213,"position":1},"title":"Verkehrsunfall auf der L 637 Alme &#8211; B\u00fcren","author":"Marc Heines","date":"20. Januar 2009","format":false,"excerpt":"Die L\u00f6schgruppen Alme und Nehden, sowie der L\u00f6schzug Brilon wurden am 20.01.09 um 10:50 Uhr zu einem Verkehrsunfall alarmiert. Durch Sta\u00dfengl\u00e4tte ist ein Fahrzeug in den Stra\u00dfengraben gerutscht und auf dem Dach liegengeblieben. Der Fahrer konnte sich leicht verletzt selbst\u00e4ndig aus dem Fahrzeug befreien. Die L\u00f6schgruppe Alme sicherte die Unfallstelle\u2026","rel":"","context":"In &quot;Eins\u00e4tze 2009&quot;","block_context":{"text":"Eins\u00e4tze 2009","link":"https:\/\/www.feuerwehr-brilon.de\/?cat=13"},"img":{"alt_text":"","src":"https:\/\/i0.wp.com\/www.feuerwehr-brilon.de\/wp-up\/2009\/01\/vu-200109-2-1-125x125.jpg?resize=350%2C200","width":350,"height":200},"classes":[]},{"id":23547,"url":"https:\/\/www.feuerwehr-brilon.de\/?p=23547","url_meta":{"origin":31213,"position":2},"title":"PKW Brand in Alme","author":"Andreas Becker","date":"4. Juni 2021","format":false,"excerpt":"Alme. Zu einem PKW Brand sind die L\u00f6schgruppen Alme und Nehden am Mittwochnachmittag (2.6.) um 15.32 Uhr alarmiert worden. Bei Eintreffen in der Hermann-L\u00f6ns-Stra\u00dfe brannte der PKW in voller Ausdehnung. Das Feuer hatte bereits auf B\u00e4ume und Str\u00e4ucher eines nahegelegenen Grundst\u00fccks \u00fcbergegriffen. Unter schwerem Atemschutz konnten zwei Trupps das Feuer\u2026","rel":"","context":"In &quot;Eins\u00e4tze 2021&quot;","block_context":{"text":"Eins\u00e4tze 2021","link":"https:\/\/www.feuerwehr-brilon.de\/?cat=265"},"img":{"alt_text":"","src":"https:\/\/i0.wp.com\/www.feuerwehr-brilon.de\/wp-up\/2021\/06\/210603_Alme_PKW_03-113x150.jpg?resize=350%2C200&ssl=1","width":350,"height":200},"classes":[]},{"id":21475,"url":"https:\/\/www.feuerwehr-brilon.de\/?p=21475","url_meta":{"origin":31213,"position":3},"title":"Waldbrand bei Bleiw\u00e4sche","author":"Marcus Bange","date":"11. Juli 2019","format":false,"excerpt":"Brilon. Die Feuerwehr Brilon wurde am Mittwoch um 16:50 Uhr zu einem Waldbrand in der N\u00e4he von Madfeld alarmiert. Dort war am Himbeerkopf an der Sch\u00fctzenwiese bei Bleiw\u00e4sche ein Brand ausgebrochen. Die Feuerwehr Brilon leistete dabei nachbarschaftliche L\u00f6schhilfe im Bad W\u00fcnnenberger Stadtgebiet. Bei Eintreffen der Madfelder Einsatzkr\u00e4fte breiteten sich die\u2026","rel":"","context":"In &quot;Eins\u00e4tze 2019&quot;","block_context":{"text":"Eins\u00e4tze 2019","link":"https:\/\/www.feuerwehr-brilon.de\/?cat=222"},"img":{"alt_text":"","src":"https:\/\/i0.wp.com\/www.feuerwehr-brilon.de\/wp-up\/2019\/07\/Waldbrand-Bleiw%C3%A4sche-3-150x113.jpg?resize=350%2C200&ssl=1","width":350,"height":200},"classes":[]},{"id":31254,"url":"https:\/\/www.feuerwehr-brilon.de\/?p=31254","url_meta":{"origin":31213,"position":4},"title":"Brand eines Harvesters in Bad W\u00fcnnenberg","author":"Marcus Bange","date":"9. Juni 2023","format":false,"excerpt":"Alme. Die L\u00f6schgruppen Alme und W\u00fclfte wurden zu einer unklaren Rauchentwicklung in Alme in Richtung Berenscheid alarmiert. Bereits beim Ausr\u00fccken der Feuerwehr wurde schwarzer Rauch im Waldgebiet zwischen Alme und Bad W\u00fcnnenberg\/Leiberg\/B\u00fcren aus der Ferne erkannt. Aufgrund der weiterhin sichtbaren Rauchs\u00e4ule wurden neben den Feuerwehrkr\u00e4ften der Stadt Brilon durch die\u2026","rel":"","context":"In &quot;Eins\u00e4tze 2023&quot;","block_context":{"text":"Eins\u00e4tze 2023","link":"https:\/\/www.feuerwehr-brilon.de\/?cat=335"},"img":{"alt_text":"","src":"https:\/\/i0.wp.com\/www.feuerwehr-brilon.de\/wp-up\/2023\/06\/Harverster-Wuennenberg-1.jpg?resize=350%2C200&ssl=1","width":350,"height":200,"srcset":"https:\/\/i0.wp.com\/www.feuerwehr-brilon.de\/wp-up\/2023\/06\/Harverster-Wuennenberg-1.jpg?resize=350%2C200&ssl=1 1x, https:\/\/i0.wp.com\/www.feuerwehr-brilon.de\/wp-up\/2023\/06\/Harverster-Wuennenberg-1.jpg?resize=525%2C300&ssl=1 1.5x, https:\/\/i0.wp.com\/www.feuerwehr-brilon.de\/wp-up\/2023\/06\/Harverster-Wuennenberg-1.jpg?resize=700%2C400&ssl=1 2x"},"classes":[]},{"id":15183,"url":"https:\/\/www.feuerwehr-brilon.de\/?p=15183","url_meta":{"origin":31213,"position":5},"title":"Sturmeins\u00e4tze der Feuerwehr","author":"Andreas Becker","date":"13. September 2017","format":false,"excerpt":"Stadtgebiet. Auf einer Baustelle zwischen Brilon und Rixen, wurde am Mittwochmittag (13.9.) ein Arbeiter von einem umst\u00fcrzenden Baum t\u00f6dlich verletzt. Die Feuerwehr Brilon wurde zun\u00e4chst zu einer eingeklemmten Person alarmiert. Aufgrund der Schwere der Verletzungen, kam jedoch jede Hilfe f\u00fcr den 53-j\u00e4hrigen Mann zu sp\u00e4t. Die Polizei hat die weiteren\u2026","rel":"","context":"In &quot;Eins\u00e4tze 2017&quot;","block_context":{"text":"Eins\u00e4tze 2017","link":"https:\/\/www.feuerwehr-brilon.de\/?cat=205"},"img":{"alt_text":"","src":"https:\/\/i0.wp.com\/www.feuerwehr-brilon.de\/wp-up\/2017\/09\/170913-150x113.jpg?resize=350%2C200&ssl=1","width":350,"height":200},"classes":[]}],"_links":{"self":[{"href":"https:\/\/www.feuerwehr-brilon.de\/index.php?rest_route=\/wp\/v2\/posts\/31213","targetHints":{"allow":["GET"]}}],"collection":[{"href":"https:\/\/www.feuerwehr-brilon.de\/index.php?rest_route=\/wp\/v2\/posts"}],"about":[{"href":"https:\/\/www.feuerwehr-brilon.de\/index.php?rest_route=\/wp\/v2\/types\/post"}],"author":[{"embeddable":true,"href":"https:\/\/www.feuerwehr-brilon.de\/index.php?rest_route=\/wp\/v2\/users\/8"}],"replies":[{"embeddable":true,"href":"https:\/\/www.feuerwehr-brilon.de\/index.php?rest_route=%2Fwp%2Fv2%2Fcomments&post=31213"}],"version-history":[{"count":3,"href":"https:\/\/www.feuerwehr-brilon.de\/index.php?rest_route=\/wp\/v2\/posts\/31213\/revisions"}],"predecessor-version":[{"id":31248,"href":"https:\/\/www.feuerwehr-brilon.de\/index.php?rest_route=\/wp\/v2\/posts\/31213\/revisions\/31248"}],"wp:featuredmedia":[{"embeddable":true,"href":"https:\/\/www.feuerwehr-brilon.de\/index.php?rest_route=\/wp\/v2\/media\/31215"}],"wp:attachment":[{"href":"https:\/\/www.feuerwehr-brilon.de\/index.php?rest_route=%2Fwp%2Fv2%2Fmedia&parent=31213"}],"wp:term":[{"taxonomy":"category","embeddable":true,"href":"https:\/\/www.feuerwehr-brilon.de\/index.php?rest_route=%2Fwp%2Fv2%2Fcategories&post=31213"},{"taxonomy":"post_tag","embeddable":true,"href":"https:\/\/www.feuerwehr-brilon.de\/index.php?rest_route=%2Fwp%2Fv2%2Ftags&post=31213"}],"curies":[{"name":"wp","href":"https:\/\/api.w.org\/{rel}","templated":true}]}}