{"id":31268,"date":"2023-06-09T22:11:59","date_gmt":"2023-06-09T20:11:59","guid":{"rendered":"https:\/\/www.feuerwehr-brilon.de\/?p=31268"},"modified":"2023-06-09T22:11:59","modified_gmt":"2023-06-09T20:11:59","slug":"brand-eines-lebensbaums-in-wuelfte","status":"publish","type":"post","link":"https:\/\/www.feuerwehr-brilon.de\/?p=31268","title":{"rendered":"Brand eines Lebensbaums in W\u00fclfte"},"content":{"rendered":"<p><a href=\"https:\/\/www.feuerwehr-brilon.de\/?p=31268\"><img loading=\"lazy\" decoding=\"async\" src=\"https:\/\/www.feuerwehr-brilon.de\/wp-up\/2023\/06\/IMG_20230609_101529_hp-150x91.jpg\" alt=\"\" width=\"150\" height=\"91\" class=\"alignleft size-thumbnail wp-image-31272\" srcset=\"https:\/\/www.feuerwehr-brilon.de\/wp-up\/2023\/06\/IMG_20230609_101529_hp-150x91.jpg 150w, https:\/\/www.feuerwehr-brilon.de\/wp-up\/2023\/06\/IMG_20230609_101529_hp-500x303.jpg 500w, https:\/\/www.feuerwehr-brilon.de\/wp-up\/2023\/06\/IMG_20230609_101529_hp.jpg 800w\" sizes=\"auto, (max-width: 150px) 100vw, 150px\" \/><\/a><a title=\"W\u00fclfte\" href=\"http:\/\/www.feuerwehr-brilon.de\/?page_id=26\" target=\"_blank\" rel=\"noopener\">W\u00fclfte. <\/a>Beim Entfernen von Unkraut mit Hilfe eines Gasbrenners ist heute in W\u00fclfte ein Lebensbaum den Flammen zum Opfer gefallen. Dabei h\u00e4tte es noch durchaus schlimmer kommen k\u00f6nnen.<!--more--><\/p>\n<p>Durch das schnelle Eingreifen der L\u00f6schgruppen aus W\u00fclfte und Alme konnte verhindert werden, dass sich Glutnester in einer angrenzenden Hecke und in einem Baum weiter ausbreiten konnten. Mittels Schnellangriff war das Haupt- und die Nebenfeuer rasch gel\u00f6scht.<\/p>\n<p>Da gl\u00fccklicherweise keine weiteren Glutnester gefunden wurden, war der Einsatz f\u00fcr die 12 Einsatzkr\u00e4fte nach einer Stunde beendet.<\/p>\n<p><strong>Hinweis:<\/strong><br \/>\nDie Feuerwehr r\u00e4t von dem Verwenden von Gasbrennern f\u00fcr das Abfackeln von Unkraut ab. Immer wieder kommt es dabei zu Hecken- oder Baumbr\u00e4nden. Im schlimmsten Fall kommt es dar\u00fcberhinaus zu einer Ausbreitung des Feuers auf Geb\u00e4ude. Besonders bei Lebensb\u00e4umen oder Lebensbaumhecken (Thuja-Hecken) besteht hohe Brandgefahr durch die in der Pflanze enthaltenen \u00e4therischen \u00d6le.<\/p>\n<p style=\"border-color: #696969; border-width: 2px; border-style: solid; padding: 4px;\"><strong>Eingesetzte Einheiten:<\/strong><br \/>\n<a href=\"http:\/\/www.feuerwehr-brilon.de\/?page_id=27\"><img loading=\"lazy\" decoding=\"async\" class=\"alignnone\" title=\"lg alme\" src=\"http:\/\/www.feuerwehr-brilon.de\/images\/einsatz_details\/lg_alme.jpg\" alt=\"\" width=\"110\" height=\"31\" \/><\/a><a href=\"http:\/\/www.feuerwehr-brilon.de\/?page_id=26\"><img loading=\"lazy\" decoding=\"async\" class=\"alignnone\" title=\"lg w\u00fclfte\" src=\"http:\/\/www.feuerwehr-brilon.de\/images\/einsatz_details\/lg_wuelfte.jpg\" alt=\"\" width=\"110\" height=\"31\" \/><\/a> <\/p>\n<p style=\"border-color: #696969; border-width: 2px; border-style: solid; padding: 4px;\"><strong>Eingesetzte Fahrzeuge:<\/strong><br \/>\n<a href=\"http:\/\/www.feuerwehr-brilon.de\/?page_id=818\"><img loading=\"lazy\" decoding=\"async\" class=\"alignnone\" title=\"TSF\" src=\"http:\/\/www.feuerwehr-brilon.de\/images\/einsatz_details\/054701.jpg\" alt=\"\" width=\"110\" height=\"31\" \/><\/a><a href=\"http:\/\/www.feuerwehr-brilon.de\/?page_id=23302\"><img loading=\"lazy\" decoding=\"async\" class=\"alignnone\" title=\"MTF\" src=\"http:\/\/www.feuerwehr-brilon.de\/images\/einsatz_details\/mtf-alme.png\" alt=\"\" width=\"110\" height=\"31\" \/><\/a><a href=\"http:\/\/www.feuerwehr-brilon.de\/?page_id=812\"><img loading=\"lazy\" decoding=\"async\" class=\"alignnone\" title=\"StLF\" src=\"http:\/\/www.feuerwehr-brilon.de\/images\/einsatz_details\/054802.jpg\" alt=\"\" width=\"110\" height=\"31\" \/><\/a><\/p>\n<p><strong>Bilder:<\/strong><br \/>\n<a rel=\"lightbox\" href=\"https:\/\/www.feuerwehr-brilon.de\/wp-up\/2023\/06\/IMG_20230609_101529_hp.jpg\"><img loading=\"lazy\" decoding=\"async\" src=\"https:\/\/www.feuerwehr-brilon.de\/wp-up\/2023\/06\/IMG_20230609_101529_hp-150x91.jpg\" alt=\"\" width=\"150\" height=\"91\" class=\"alignnone size-thumbnail wp-image-31272\" srcset=\"https:\/\/www.feuerwehr-brilon.de\/wp-up\/2023\/06\/IMG_20230609_101529_hp-150x91.jpg 150w, https:\/\/www.feuerwehr-brilon.de\/wp-up\/2023\/06\/IMG_20230609_101529_hp-500x303.jpg 500w, https:\/\/www.feuerwehr-brilon.de\/wp-up\/2023\/06\/IMG_20230609_101529_hp.jpg 800w\" sizes=\"auto, (max-width: 150px) 100vw, 150px\" \/><\/a><\/p>\n","protected":false},"excerpt":{"rendered":"<p>W\u00fclfte. Beim Entfernen von Unkraut mit Hilfe eines Gasbrenners ist heute in W\u00fclfte ein Lebensbaum den Flammen zum Opfer gefallen. Dabei h\u00e4tte es noch durchaus schlimmer kommen k\u00f6nnen.<\/p>\n","protected":false},"author":8,"featured_media":31273,"comment_status":"closed","ping_status":"closed","sticky":false,"template":"","format":"standard","meta":{"_exactmetrics_skip_tracking":false,"_exactmetrics_sitenote_active":false,"_exactmetrics_sitenote_note":"","_exactmetrics_sitenote_category":0,"jetpack_post_was_ever_published":false,"_jetpack_newsletter_access":"","_jetpack_dont_email_post_to_subs":false,"_jetpack_newsletter_tier_id":0,"_jetpack_memberships_contains_paywalled_content":false,"_jetpack_memberships_contains_paid_content":false,"footnotes":""},"categories":[335],"tags":[40,197,221,48,45],"class_list":["post-31268","post","type-post","status-publish","format-standard","has-post-thumbnail","hentry","category-einsatze-2023","tag-alme","tag-brand","tag-mlf","tag-tsf","tag-wulfte"],"jetpack_featured_media_url":"https:\/\/www.feuerwehr-brilon.de\/wp-up\/2023\/06\/IMG_20230609_101529_tww.jpg","jetpack_shortlink":"https:\/\/wp.me\/pCIJa-88k","jetpack_sharing_enabled":true,"jetpack-related-posts":[{"id":24336,"url":"https:\/\/www.feuerwehr-brilon.de\/?p=24336","url_meta":{"origin":31268,"position":0},"title":"Brand einer Garage in Alme","author":"Marcus Bange","date":"22. M\u00e4rz 2022","format":false,"excerpt":"Alme. Die Feuerwehr Brilon hat am Dienstagmittag (22.03.2022) einen Garagenbrand in Alme gel\u00f6scht. Dort waren gegen 11.40 Uhr verschiedene Gegenst\u00e4nde in einer Doppelgarage in Brand geraten. Unter Einsatz von schwerem Atemschutz konnte der Brand auf die Garage begrenzt werden. Ein \u00dcbergreifen an das angebaute Einfamilienwohnhaus wurde so verhindert. Die Bewohner\u2026","rel":"","context":"In &quot;Eins\u00e4tze 2022&quot;","block_context":{"text":"Eins\u00e4tze 2022","link":"https:\/\/www.feuerwehr-brilon.de\/?cat=288"},"img":{"alt_text":"","src":"https:\/\/i0.wp.com\/www.feuerwehr-brilon.de\/wp-up\/2022\/03\/Brand-Alme-1.jpg?resize=350%2C200&ssl=1","width":350,"height":200,"srcset":"https:\/\/i0.wp.com\/www.feuerwehr-brilon.de\/wp-up\/2022\/03\/Brand-Alme-1.jpg?resize=350%2C200&ssl=1 1x, https:\/\/i0.wp.com\/www.feuerwehr-brilon.de\/wp-up\/2022\/03\/Brand-Alme-1.jpg?resize=525%2C300&ssl=1 1.5x, https:\/\/i0.wp.com\/www.feuerwehr-brilon.de\/wp-up\/2022\/03\/Brand-Alme-1.jpg?resize=700%2C400&ssl=1 2x"},"classes":[]},{"id":34600,"url":"https:\/\/www.feuerwehr-brilon.de\/?p=34600","url_meta":{"origin":31268,"position":1},"title":"Brand in Alme","author":"Marcus Bange","date":"9. April 2026","format":false,"excerpt":"Brilon.Die Feuerwehr Brilon wurde am Donnerstagmittag (09.04.2026, 12:50 Uhr) zu einem Brandeinsatz mit Menschenrettung in Alme alarmiert. Laut Alarmmeldung sollte der Dachstuhl eines S\u00e4gewerks brennen, Personen bef\u00e4nden sich auf dem Dach. Bei Eintreffen der Feuerwehr bestand f\u00fcr die Personen keine unmittelbare Gefahr. Es brannte im Dachbereich eines Sp\u00e4nebunkers. Mehrere Mitarbeiter\u2026","rel":"","context":"In &quot;Eins\u00e4tze 2026&quot;","block_context":{"text":"Eins\u00e4tze 2026","link":"https:\/\/www.feuerwehr-brilon.de\/?cat=369"},"img":{"alt_text":"","src":"https:\/\/i0.wp.com\/www.feuerwehr-brilon.de\/wp-up\/2026\/04\/Saegewerk-Alme-1.jpg?resize=350%2C200&ssl=1","width":350,"height":200,"srcset":"https:\/\/i0.wp.com\/www.feuerwehr-brilon.de\/wp-up\/2026\/04\/Saegewerk-Alme-1.jpg?resize=350%2C200&ssl=1 1x, https:\/\/i0.wp.com\/www.feuerwehr-brilon.de\/wp-up\/2026\/04\/Saegewerk-Alme-1.jpg?resize=525%2C300&ssl=1 1.5x, https:\/\/i0.wp.com\/www.feuerwehr-brilon.de\/wp-up\/2026\/04\/Saegewerk-Alme-1.jpg?resize=700%2C400&ssl=1 2x"},"classes":[]},{"id":23423,"url":"https:\/\/www.feuerwehr-brilon.de\/?p=23423","url_meta":{"origin":31268,"position":2},"title":"Verkehrsunfall auf der Bri 23 bei W\u00fclfte","author":"Marcus Bange","date":"20. April 2021","format":false,"excerpt":"W\u00fclfte. Die Feuerwehr Brilon wurde am Dienstagmorgen zu einem Verkehrsunfall mit einer eingeklemmten Person auf der Bri 23 zwischen W\u00fclfte und Alme alarmiert. Dort war ein 21-j\u00e4hriger PKW Fahrer gegen 7.20 Uhr mit seinem Fahrzeug nach links von der Fahrbahn abgekommen und gegen einen Baum geprallt. Der Fahrer wurde von\u2026","rel":"","context":"In &quot;Eins\u00e4tze 2021&quot;","block_context":{"text":"Eins\u00e4tze 2021","link":"https:\/\/www.feuerwehr-brilon.de\/?cat=265"},"img":{"alt_text":"","src":"https:\/\/i0.wp.com\/www.feuerwehr-brilon.de\/wp-up\/2021\/04\/VU-Bri-23-1.jpg?resize=350%2C200&ssl=1","width":350,"height":200,"srcset":"https:\/\/i0.wp.com\/www.feuerwehr-brilon.de\/wp-up\/2021\/04\/VU-Bri-23-1.jpg?resize=350%2C200&ssl=1 1x, https:\/\/i0.wp.com\/www.feuerwehr-brilon.de\/wp-up\/2021\/04\/VU-Bri-23-1.jpg?resize=525%2C300&ssl=1 1.5x, https:\/\/i0.wp.com\/www.feuerwehr-brilon.de\/wp-up\/2021\/04\/VU-Bri-23-1.jpg?resize=700%2C400&ssl=1 2x"},"classes":[]},{"id":23511,"url":"https:\/\/www.feuerwehr-brilon.de\/?p=23511","url_meta":{"origin":31268,"position":3},"title":"Kellerbrand in W\u00fclfte","author":"Andreas Becker","date":"29. Mai 2021","format":false,"excerpt":"W\u00fclfte. Aus bislang ungekl\u00e4rter Ursache kam es am Freitagnachmittag (28.5.) in der W\u00fclfter Stra\u00dfe zu einem Kellerbrand in einem Einfamilienhaus. Gl\u00fccklicherweise befand sich die dreik\u00f6pfige Familie zum Zeitpunkt des Brandausbruchs nicht im Geb\u00e4ude. Um 17.36 Uhr wurden die Einheiten aus W\u00fclfte, Alme und Brilon zusammen mit dem Rettungsdienst und der\u2026","rel":"","context":"In &quot;Eins\u00e4tze 2021&quot;","block_context":{"text":"Eins\u00e4tze 2021","link":"https:\/\/www.feuerwehr-brilon.de\/?cat=265"},"img":{"alt_text":"","src":"https:\/\/i0.wp.com\/www.feuerwehr-brilon.de\/wp-up\/2021\/05\/210529_IMG_5007_.jpg?resize=350%2C200&ssl=1","width":350,"height":200,"srcset":"https:\/\/i0.wp.com\/www.feuerwehr-brilon.de\/wp-up\/2021\/05\/210529_IMG_5007_.jpg?resize=350%2C200&ssl=1 1x, https:\/\/i0.wp.com\/www.feuerwehr-brilon.de\/wp-up\/2021\/05\/210529_IMG_5007_.jpg?resize=525%2C300&ssl=1 1.5x, https:\/\/i0.wp.com\/www.feuerwehr-brilon.de\/wp-up\/2021\/05\/210529_IMG_5007_.jpg?resize=700%2C400&ssl=1 2x"},"classes":[]},{"id":4981,"url":"https:\/\/www.feuerwehr-brilon.de\/?p=4981","url_meta":{"origin":31268,"position":4},"title":"Verkehrsunfall zwischen W\u00fclfte und Alme","author":"Marc Heines","date":"23. Mai 2011","format":false,"excerpt":"Zu einem schweren Verkehrsunfall mit eingeklemmter Person wurden am Freitag den 20. Mai gegen 16:25 Uhr die Feuerwehren aus Alme, Brilon, Scharfenberg und W\u00fclfte alarmiert. Nach den erst eingetroffenen Kr\u00e4ften aus Alme konnte schnell die R\u00fcckmeldung gegeben werden das bereits alle Personen aus den verunfallten Fahrzeugen von den Ersthelfern befreit\u2026","rel":"","context":"In &quot;Meldungen 2011&quot;","block_context":{"text":"Meldungen 2011","link":"https:\/\/www.feuerwehr-brilon.de\/?cat=133"},"img":{"alt_text":"","src":"https:\/\/i0.wp.com\/www.feuerwehr-brilon.de\/wp-up\/2011\/05\/IMAG0062i-150x89.jpg?resize=350%2C200&ssl=1","width":350,"height":200},"classes":[]},{"id":30564,"url":"https:\/\/www.feuerwehr-brilon.de\/?p=30564","url_meta":{"origin":31268,"position":5},"title":"Brand in W\u00fclfte","author":"Marcus Bange","date":"19. Dezember 2022","format":false,"excerpt":"W\u00fclfte. Kaminbrand in W\u00fclfte. So lautete die Einsatzmeldung der Briloner Feuerwehr am Montagmorgen (19.12.2022, 10:30 Uhr). An der W\u00fclfter Stra\u00dfe hatte sich beim Anz\u00fcnden eines Kaminofens eine starke Rauchentwicklung in einem Wohnhaus gezeigt. Die Bewohner verlie\u00dfen daraufhin das Geb\u00e4ude und alarmierten die Feuerwehr. Mit Hilfe des Bezirksschornsteinfegers wurde der Ofen\u2026","rel":"","context":"In &quot;Eins\u00e4tze 2022&quot;","block_context":{"text":"Eins\u00e4tze 2022","link":"https:\/\/www.feuerwehr-brilon.de\/?cat=288"},"img":{"alt_text":"","src":"https:\/\/i0.wp.com\/www.feuerwehr-brilon.de\/wp-up\/2022\/12\/Kaminbrand-Wuelfte-3.jpg?resize=350%2C200&ssl=1","width":350,"height":200,"srcset":"https:\/\/i0.wp.com\/www.feuerwehr-brilon.de\/wp-up\/2022\/12\/Kaminbrand-Wuelfte-3.jpg?resize=350%2C200&ssl=1 1x, https:\/\/i0.wp.com\/www.feuerwehr-brilon.de\/wp-up\/2022\/12\/Kaminbrand-Wuelfte-3.jpg?resize=525%2C300&ssl=1 1.5x, https:\/\/i0.wp.com\/www.feuerwehr-brilon.de\/wp-up\/2022\/12\/Kaminbrand-Wuelfte-3.jpg?resize=700%2C400&ssl=1 2x"},"classes":[]}],"_links":{"self":[{"href":"https:\/\/www.feuerwehr-brilon.de\/index.php?rest_route=\/wp\/v2\/posts\/31268","targetHints":{"allow":["GET"]}}],"collection":[{"href":"https:\/\/www.feuerwehr-brilon.de\/index.php?rest_route=\/wp\/v2\/posts"}],"about":[{"href":"https:\/\/www.feuerwehr-brilon.de\/index.php?rest_route=\/wp\/v2\/types\/post"}],"author":[{"embeddable":true,"href":"https:\/\/www.feuerwehr-brilon.de\/index.php?rest_route=\/wp\/v2\/users\/8"}],"replies":[{"embeddable":true,"href":"https:\/\/www.feuerwehr-brilon.de\/index.php?rest_route=%2Fwp%2Fv2%2Fcomments&post=31268"}],"version-history":[{"count":3,"href":"https:\/\/www.feuerwehr-brilon.de\/index.php?rest_route=\/wp\/v2\/posts\/31268\/revisions"}],"predecessor-version":[{"id":31276,"href":"https:\/\/www.feuerwehr-brilon.de\/index.php?rest_route=\/wp\/v2\/posts\/31268\/revisions\/31276"}],"wp:featuredmedia":[{"embeddable":true,"href":"https:\/\/www.feuerwehr-brilon.de\/index.php?rest_route=\/wp\/v2\/media\/31273"}],"wp:attachment":[{"href":"https:\/\/www.feuerwehr-brilon.de\/index.php?rest_route=%2Fwp%2Fv2%2Fmedia&parent=31268"}],"wp:term":[{"taxonomy":"category","embeddable":true,"href":"https:\/\/www.feuerwehr-brilon.de\/index.php?rest_route=%2Fwp%2Fv2%2Fcategories&post=31268"},{"taxonomy":"post_tag","embeddable":true,"href":"https:\/\/www.feuerwehr-brilon.de\/index.php?rest_route=%2Fwp%2Fv2%2Ftags&post=31268"}],"curies":[{"name":"wp","href":"https:\/\/api.w.org\/{rel}","templated":true}]}}