{"id":31283,"date":"2023-06-12T23:01:33","date_gmt":"2023-06-12T21:01:33","guid":{"rendered":"https:\/\/www.feuerwehr-brilon.de\/?p=31283"},"modified":"2023-06-12T23:01:33","modified_gmt":"2023-06-12T21:01:33","slug":"einsatz-776","status":"publish","type":"post","link":"https:\/\/www.feuerwehr-brilon.de\/?p=31283","title":{"rendered":"+++ Einsatz +++"},"content":{"rendered":"<p>09.06. 18:59Uhr, Hilfeleistung, H0, Madfeld, Zwischen den H\u00f6fen, Tragehilfe<\/p>\n","protected":false},"excerpt":{"rendered":"<p>09.06. 18:59Uhr, Hilfeleistung, H0, Madfeld, Zwischen den H\u00f6fen, Tragehilfe<\/p>\n","protected":false},"author":8,"featured_media":30811,"comment_status":"closed","ping_status":"closed","sticky":false,"template":"","format":"standard","meta":{"_exactmetrics_skip_tracking":false,"_exactmetrics_sitenote_active":false,"_exactmetrics_sitenote_note":"","_exactmetrics_sitenote_category":0,"jetpack_post_was_ever_published":false,"_jetpack_newsletter_access":"","_jetpack_dont_email_post_to_subs":false,"_jetpack_newsletter_tier_id":0,"_jetpack_memberships_contains_paywalled_content":false,"_jetpack_memberships_contains_paid_content":false,"footnotes":""},"categories":[102],"tags":[],"class_list":["post-31283","post","type-post","status-publish","format-standard","has-post-thumbnail","hentry","category-alarmierungen"],"jetpack_featured_media_url":"https:\/\/www.feuerwehr-brilon.de\/wp-up\/2023\/02\/sym_RTW.jpeg","jetpack_shortlink":"https:\/\/wp.me\/pCIJa-88z","jetpack_sharing_enabled":true,"jetpack-related-posts":[{"id":32979,"url":"https:\/\/www.feuerwehr-brilon.de\/?p=32979","url_meta":{"origin":31283,"position":0},"title":"+++ Einsatz +++","author":"Andreas Becker","date":"14. November 2024","format":false,"excerpt":"14.11. 18:40Uhr, Hilfeleistung, H0 Trageh, Madfeld, Margarethenstr., Tragehilfe","rel":"","context":"In &quot;Alarmierungen&quot;","block_context":{"text":"Alarmierungen","link":"https:\/\/www.feuerwehr-brilon.de\/?cat=102"},"img":{"alt_text":"","src":"","width":0,"height":0},"classes":[]},{"id":23271,"url":"https:\/\/www.feuerwehr-brilon.de\/?p=23271","url_meta":{"origin":31283,"position":1},"title":"+++ Einsatz +++","author":"Andreas Becker","date":"11. M\u00e4rz 2021","format":false,"excerpt":"11.03. 14:59Uhr, Hilfeleistung, H0 Sturm, Madfeld, L637, Baum auf Fahrbahn","rel":"","context":"In &quot;Alarmierungen&quot;","block_context":{"text":"Alarmierungen","link":"https:\/\/www.feuerwehr-brilon.de\/?cat=102"},"img":{"alt_text":"","src":"https:\/\/i0.wp.com\/www.feuerwehr-brilon.de\/wp-up\/2020\/02\/Sturm_Fhz-Baum.jpg?resize=350%2C200&ssl=1","width":350,"height":200,"srcset":"https:\/\/i0.wp.com\/www.feuerwehr-brilon.de\/wp-up\/2020\/02\/Sturm_Fhz-Baum.jpg?resize=350%2C200&ssl=1 1x, https:\/\/i0.wp.com\/www.feuerwehr-brilon.de\/wp-up\/2020\/02\/Sturm_Fhz-Baum.jpg?resize=525%2C300&ssl=1 1.5x, https:\/\/i0.wp.com\/www.feuerwehr-brilon.de\/wp-up\/2020\/02\/Sturm_Fhz-Baum.jpg?resize=700%2C400&ssl=1 2x"},"classes":[]},{"id":32758,"url":"https:\/\/www.feuerwehr-brilon.de\/?p=32758","url_meta":{"origin":31283,"position":2},"title":"+++ Einsatz +++","author":"Andreas Becker","date":"5. September 2024","format":false,"excerpt":"05.09. 08:59Uhr, Hilfeleistung, H0 \u00d6lspur, Madfeld, Almer Str., Motor\u00f6l l\u00e4uft aus","rel":"","context":"In &quot;Alarmierungen&quot;","block_context":{"text":"Alarmierungen","link":"https:\/\/www.feuerwehr-brilon.de\/?cat=102"},"img":{"alt_text":"","src":"","width":0,"height":0},"classes":[]},{"id":23812,"url":"https:\/\/www.feuerwehr-brilon.de\/?p=23812","url_meta":{"origin":31283,"position":3},"title":"+++ Einsatz +++","author":"Andreas Becker","date":"3. Oktober 2021","format":false,"excerpt":"02.10. 00:14Uhr, Hilfeleistung, H0 Trageh, Madfeld, Wilhelmstra\u00dfe, Tragehilfe","rel":"","context":"In &quot;Alarmierungen&quot;","block_context":{"text":"Alarmierungen","link":"https:\/\/www.feuerwehr-brilon.de\/?cat=102"},"img":{"alt_text":"","src":"","width":0,"height":0},"classes":[]},{"id":34472,"url":"https:\/\/www.feuerwehr-brilon.de\/?p=34472","url_meta":{"origin":31283,"position":4},"title":"+++ Einsatz +++","author":"Erwin Mungenast","date":"8. M\u00e4rz 2026","format":false,"excerpt":"08.03. 03:06Uhr, Hilfeleistung, H0 DLK\/Sonstige, Madfeld, Stemmelstr., Tragehilfe","rel":"","context":"In &quot;Alarmierungen&quot;","block_context":{"text":"Alarmierungen","link":"https:\/\/www.feuerwehr-brilon.de\/?cat=102"},"img":{"alt_text":"","src":"","width":0,"height":0},"classes":[]},{"id":32897,"url":"https:\/\/www.feuerwehr-brilon.de\/?p=32897","url_meta":{"origin":31283,"position":5},"title":"+++ Einsatz +++","author":"Andreas Becker","date":"21. Oktober 2024","format":false,"excerpt":"20.10. 02:48Uhr, Hilfeleistung, H0 Trageh, Madfeld, Auf der Egge, Tragehilfe","rel":"","context":"In &quot;Alarmierungen&quot;","block_context":{"text":"Alarmierungen","link":"https:\/\/www.feuerwehr-brilon.de\/?cat=102"},"img":{"alt_text":"","src":"","width":0,"height":0},"classes":[]}],"_links":{"self":[{"href":"https:\/\/www.feuerwehr-brilon.de\/index.php?rest_route=\/wp\/v2\/posts\/31283","targetHints":{"allow":["GET"]}}],"collection":[{"href":"https:\/\/www.feuerwehr-brilon.de\/index.php?rest_route=\/wp\/v2\/posts"}],"about":[{"href":"https:\/\/www.feuerwehr-brilon.de\/index.php?rest_route=\/wp\/v2\/types\/post"}],"author":[{"embeddable":true,"href":"https:\/\/www.feuerwehr-brilon.de\/index.php?rest_route=\/wp\/v2\/users\/8"}],"replies":[{"embeddable":true,"href":"https:\/\/www.feuerwehr-brilon.de\/index.php?rest_route=%2Fwp%2Fv2%2Fcomments&post=31283"}],"version-history":[{"count":1,"href":"https:\/\/www.feuerwehr-brilon.de\/index.php?rest_route=\/wp\/v2\/posts\/31283\/revisions"}],"predecessor-version":[{"id":31284,"href":"https:\/\/www.feuerwehr-brilon.de\/index.php?rest_route=\/wp\/v2\/posts\/31283\/revisions\/31284"}],"wp:featuredmedia":[{"embeddable":true,"href":"https:\/\/www.feuerwehr-brilon.de\/index.php?rest_route=\/wp\/v2\/media\/30811"}],"wp:attachment":[{"href":"https:\/\/www.feuerwehr-brilon.de\/index.php?rest_route=%2Fwp%2Fv2%2Fmedia&parent=31283"}],"wp:term":[{"taxonomy":"category","embeddable":true,"href":"https:\/\/www.feuerwehr-brilon.de\/index.php?rest_route=%2Fwp%2Fv2%2Fcategories&post=31283"},{"taxonomy":"post_tag","embeddable":true,"href":"https:\/\/www.feuerwehr-brilon.de\/index.php?rest_route=%2Fwp%2Fv2%2Ftags&post=31283"}],"curies":[{"name":"wp","href":"https:\/\/api.w.org\/{rel}","templated":true}]}}