{"id":31287,"date":"2023-06-19T10:05:52","date_gmt":"2023-06-19T08:05:52","guid":{"rendered":"https:\/\/www.feuerwehr-brilon.de\/?p=31287"},"modified":"2023-06-19T10:05:52","modified_gmt":"2023-06-19T08:05:52","slug":"einsatz-778","status":"publish","type":"post","link":"https:\/\/www.feuerwehr-brilon.de\/?p=31287","title":{"rendered":"+++ Einsatz +++"},"content":{"rendered":"<p>18.06. 19:47Uhr, Hilfeleistung, H0 \u00d6lspur, Brilon, Hasselborn, \u00d6lspur<\/p>\n","protected":false},"excerpt":{"rendered":"<p>18.06. 19:47Uhr, Hilfeleistung, H0 \u00d6lspur, Brilon, Hasselborn, \u00d6lspur<\/p>\n","protected":false},"author":8,"featured_media":30162,"comment_status":"closed","ping_status":"closed","sticky":false,"template":"","format":"standard","meta":{"_exactmetrics_skip_tracking":false,"_exactmetrics_sitenote_active":false,"_exactmetrics_sitenote_note":"","_exactmetrics_sitenote_category":0,"jetpack_post_was_ever_published":false,"_jetpack_newsletter_access":"","_jetpack_dont_email_post_to_subs":false,"_jetpack_newsletter_tier_id":0,"_jetpack_memberships_contains_paywalled_content":false,"_jetpack_memberships_contains_paid_content":false,"footnotes":""},"categories":[102],"tags":[],"class_list":["post-31287","post","type-post","status-publish","format-standard","has-post-thumbnail","hentry","category-alarmierungen"],"jetpack_featured_media_url":"https:\/\/www.feuerwehr-brilon.de\/wp-up\/2022\/09\/sym_gwl2.jpg","jetpack_shortlink":"https:\/\/wp.me\/pCIJa-88D","jetpack_sharing_enabled":true,"jetpack-related-posts":[{"id":33726,"url":"https:\/\/www.feuerwehr-brilon.de\/?p=33726","url_meta":{"origin":31287,"position":0},"title":"+++ Einsatz +++","author":"Andreas Becker","date":"9. September 2025","format":false,"excerpt":"09.09. 13:30Uhr, Hilfeleistung, H0 \u00d6lspur, Brilon, Hasselborn, \u00d6lspur","rel":"","context":"In &quot;Alarmierungen&quot;","block_context":{"text":"Alarmierungen","link":"https:\/\/www.feuerwehr-brilon.de\/?cat=102"},"img":{"alt_text":"","src":"","width":0,"height":0},"classes":[]},{"id":30577,"url":"https:\/\/www.feuerwehr-brilon.de\/?p=30577","url_meta":{"origin":31287,"position":1},"title":"+++ Einsatz +++","author":"Andreas Becker","date":"31. Dezember 2022","format":false,"excerpt":"31.12. 11:53Uhr, Hilfeleistung, H0 \u00d6lspur, Brilon, Hasselborn, \u00d6lspur","rel":"","context":"In &quot;Alarmierungen&quot;","block_context":{"text":"Alarmierungen","link":"https:\/\/www.feuerwehr-brilon.de\/?cat=102"},"img":{"alt_text":"","src":"","width":0,"height":0},"classes":[]},{"id":33567,"url":"https:\/\/www.feuerwehr-brilon.de\/?p=33567","url_meta":{"origin":31287,"position":2},"title":"+++ Einsatz +++","author":"Andreas Becker","date":"28. Juni 2025","format":false,"excerpt":"27.06. 17:17Uhr, Hilfeleistung, H0 \u00d6lspur, Brilon, Hasselborn, \u00d6lspur","rel":"","context":"In &quot;Alarmierungen&quot;","block_context":{"text":"Alarmierungen","link":"https:\/\/www.feuerwehr-brilon.de\/?cat=102"},"img":{"alt_text":"","src":"","width":0,"height":0},"classes":[]},{"id":24270,"url":"https:\/\/www.feuerwehr-brilon.de\/?p=24270","url_meta":{"origin":31287,"position":3},"title":"+++ Einsatz +++","author":"Andreas Becker","date":"26. Februar 2022","format":false,"excerpt":"26.02. 13:47Uhr, Hilfeleistung, H0 \u00d6lspur, Alme, Buchenring, \u00d6lspur","rel":"","context":"In &quot;Alarmierungen&quot;","block_context":{"text":"Alarmierungen","link":"https:\/\/www.feuerwehr-brilon.de\/?cat=102"},"img":{"alt_text":"","src":"https:\/\/i0.wp.com\/www.feuerwehr-brilon.de\/wp-up\/2020\/02\/Oelspur.jpg?resize=350%2C200&ssl=1","width":350,"height":200,"srcset":"https:\/\/i0.wp.com\/www.feuerwehr-brilon.de\/wp-up\/2020\/02\/Oelspur.jpg?resize=350%2C200&ssl=1 1x, https:\/\/i0.wp.com\/www.feuerwehr-brilon.de\/wp-up\/2020\/02\/Oelspur.jpg?resize=525%2C300&ssl=1 1.5x"},"classes":[]},{"id":16443,"url":"https:\/\/www.feuerwehr-brilon.de\/?p=16443","url_meta":{"origin":31287,"position":4},"title":"16.09. 21:47Uhr, Hilfeleistung, H0 \u00d6lspur,\u2026","author":"Andreas Becker","date":"16. September 2018","format":false,"excerpt":"16.09. 21:47Uhr, Hilfeleistung, H0 \u00d6lspur, Petersborn, Am Haidkn\u00fcckel, \u00d6lspur","rel":"","context":"In &quot;Alarmierungen&quot;","block_context":{"text":"Alarmierungen","link":"https:\/\/www.feuerwehr-brilon.de\/?cat=102"},"img":{"alt_text":"","src":"","width":0,"height":0},"classes":[]},{"id":30074,"url":"https:\/\/www.feuerwehr-brilon.de\/?p=30074","url_meta":{"origin":31287,"position":5},"title":"+++ Einsatz +++","author":"Andreas Becker","date":"4. August 2022","format":false,"excerpt":"02.08. 19:39Uhr, Hilfeleistung, H0 \u00d6lspur, Brilon, Papestra\u00dfe, \u00d6lspur","rel":"","context":"In &quot;Alarmierungen&quot;","block_context":{"text":"Alarmierungen","link":"https:\/\/www.feuerwehr-brilon.de\/?cat=102"},"img":{"alt_text":"","src":"","width":0,"height":0},"classes":[]}],"_links":{"self":[{"href":"https:\/\/www.feuerwehr-brilon.de\/index.php?rest_route=\/wp\/v2\/posts\/31287","targetHints":{"allow":["GET"]}}],"collection":[{"href":"https:\/\/www.feuerwehr-brilon.de\/index.php?rest_route=\/wp\/v2\/posts"}],"about":[{"href":"https:\/\/www.feuerwehr-brilon.de\/index.php?rest_route=\/wp\/v2\/types\/post"}],"author":[{"embeddable":true,"href":"https:\/\/www.feuerwehr-brilon.de\/index.php?rest_route=\/wp\/v2\/users\/8"}],"replies":[{"embeddable":true,"href":"https:\/\/www.feuerwehr-brilon.de\/index.php?rest_route=%2Fwp%2Fv2%2Fcomments&post=31287"}],"version-history":[{"count":1,"href":"https:\/\/www.feuerwehr-brilon.de\/index.php?rest_route=\/wp\/v2\/posts\/31287\/revisions"}],"predecessor-version":[{"id":31288,"href":"https:\/\/www.feuerwehr-brilon.de\/index.php?rest_route=\/wp\/v2\/posts\/31287\/revisions\/31288"}],"wp:featuredmedia":[{"embeddable":true,"href":"https:\/\/www.feuerwehr-brilon.de\/index.php?rest_route=\/wp\/v2\/media\/30162"}],"wp:attachment":[{"href":"https:\/\/www.feuerwehr-brilon.de\/index.php?rest_route=%2Fwp%2Fv2%2Fmedia&parent=31287"}],"wp:term":[{"taxonomy":"category","embeddable":true,"href":"https:\/\/www.feuerwehr-brilon.de\/index.php?rest_route=%2Fwp%2Fv2%2Fcategories&post=31287"},{"taxonomy":"post_tag","embeddable":true,"href":"https:\/\/www.feuerwehr-brilon.de\/index.php?rest_route=%2Fwp%2Fv2%2Ftags&post=31287"}],"curies":[{"name":"wp","href":"https:\/\/api.w.org\/{rel}","templated":true}]}}