{"id":31305,"date":"2023-06-22T08:05:43","date_gmt":"2023-06-22T06:05:43","guid":{"rendered":"https:\/\/www.feuerwehr-brilon.de\/?p=31305"},"modified":"2023-06-22T08:08:39","modified_gmt":"2023-06-22T06:08:39","slug":"einsatz-781","status":"publish","type":"post","link":"https:\/\/www.feuerwehr-brilon.de\/?p=31305","title":{"rendered":"+++ Einsatz +++"},"content":{"rendered":"<p>22.06. 01:41Uhr, Hilfeleistung, H0 \u00d6lspur, Brilon, Scharfenberger Str., \u00d6lspur<\/p>\n","protected":false},"excerpt":{"rendered":"<p>22.06. 01:41Uhr, Hilfeleistung, H0 \u00d6lspur, Brilon, Scharfenberger Str., \u00d6lspur<\/p>\n","protected":false},"author":8,"featured_media":30281,"comment_status":"closed","ping_status":"closed","sticky":false,"template":"","format":"standard","meta":{"_exactmetrics_skip_tracking":false,"_exactmetrics_sitenote_active":false,"_exactmetrics_sitenote_note":"","_exactmetrics_sitenote_category":0,"jetpack_post_was_ever_published":false,"_jetpack_newsletter_access":"","_jetpack_dont_email_post_to_subs":false,"_jetpack_newsletter_tier_id":0,"_jetpack_memberships_contains_paywalled_content":false,"_jetpack_memberships_contains_paid_content":false,"footnotes":""},"categories":[102],"tags":[],"class_list":["post-31305","post","type-post","status-publish","format-standard","has-post-thumbnail","hentry","category-alarmierungen"],"jetpack_featured_media_url":"https:\/\/www.feuerwehr-brilon.de\/wp-up\/2022\/10\/sym_Oelspur_.jpg","jetpack_shortlink":"https:\/\/wp.me\/pCIJa-88V","jetpack_sharing_enabled":true,"jetpack-related-posts":[{"id":33036,"url":"https:\/\/www.feuerwehr-brilon.de\/?p=33036","url_meta":{"origin":31305,"position":0},"title":"+++ Einsatz +++","author":"Andreas Becker","date":"16. Dezember 2024","format":false,"excerpt":"16.12. 16:41Uhr, Hilfeleistung, H0 \u00d6lspur, Brilon, Altenb\u00fcrener Str., \u00d6lspur","rel":"","context":"In &quot;Alarmierungen&quot;","block_context":{"text":"Alarmierungen","link":"https:\/\/www.feuerwehr-brilon.de\/?cat=102"},"img":{"alt_text":"","src":"","width":0,"height":0},"classes":[]},{"id":31976,"url":"https:\/\/www.feuerwehr-brilon.de\/?p=31976","url_meta":{"origin":31305,"position":1},"title":"+++ Einsatz +++","author":"Andreas Becker","date":"9. Januar 2024","format":false,"excerpt":"09.01. 20:25Uhr, Hilfeleistung, H0 \u00d6lspur, Brilon, Scharfenberger Hof, \u00d6lspur","rel":"","context":"In &quot;Alarmierungen&quot;","block_context":{"text":"Alarmierungen","link":"https:\/\/www.feuerwehr-brilon.de\/?cat=102"},"img":{"alt_text":"","src":"https:\/\/i0.wp.com\/www.feuerwehr-brilon.de\/wp-up\/2022\/10\/sym_Oelspur_.jpg?resize=350%2C200&ssl=1","width":350,"height":200,"srcset":"https:\/\/i0.wp.com\/www.feuerwehr-brilon.de\/wp-up\/2022\/10\/sym_Oelspur_.jpg?resize=350%2C200&ssl=1 1x, https:\/\/i0.wp.com\/www.feuerwehr-brilon.de\/wp-up\/2022\/10\/sym_Oelspur_.jpg?resize=525%2C300&ssl=1 1.5x, https:\/\/i0.wp.com\/www.feuerwehr-brilon.de\/wp-up\/2022\/10\/sym_Oelspur_.jpg?resize=700%2C400&ssl=1 2x"},"classes":[]},{"id":32062,"url":"https:\/\/www.feuerwehr-brilon.de\/?p=32062","url_meta":{"origin":31305,"position":2},"title":"+++ Einsatz +++","author":"Andreas Becker","date":"4. Februar 2024","format":false,"excerpt":"04.02. 15:41Uhr, Hilfeleistung, H0 \u00d6lspur, Brilon, M\u00fcggenborn, \u00d6lspur","rel":"","context":"In &quot;Alarmierungen&quot;","block_context":{"text":"Alarmierungen","link":"https:\/\/www.feuerwehr-brilon.de\/?cat=102"},"img":{"alt_text":"","src":"https:\/\/i0.wp.com\/www.feuerwehr-brilon.de\/wp-up\/2022\/10\/sym_Oelspur_.jpg?resize=350%2C200&ssl=1","width":350,"height":200,"srcset":"https:\/\/i0.wp.com\/www.feuerwehr-brilon.de\/wp-up\/2022\/10\/sym_Oelspur_.jpg?resize=350%2C200&ssl=1 1x, https:\/\/i0.wp.com\/www.feuerwehr-brilon.de\/wp-up\/2022\/10\/sym_Oelspur_.jpg?resize=525%2C300&ssl=1 1.5x, https:\/\/i0.wp.com\/www.feuerwehr-brilon.de\/wp-up\/2022\/10\/sym_Oelspur_.jpg?resize=700%2C400&ssl=1 2x"},"classes":[]},{"id":31307,"url":"https:\/\/www.feuerwehr-brilon.de\/?p=31307","url_meta":{"origin":31305,"position":3},"title":"+++ Einsatz +++","author":"Andreas Becker","date":"22. Juni 2023","format":false,"excerpt":"22.06. 02:09Uhr, Hilfeleistung, H0 \u00d6lspur, W\u00fclfte, Im Wenster, \u00d6lspur","rel":"","context":"In &quot;Alarmierungen&quot;","block_context":{"text":"Alarmierungen","link":"https:\/\/www.feuerwehr-brilon.de\/?cat=102"},"img":{"alt_text":"","src":"https:\/\/i0.wp.com\/www.feuerwehr-brilon.de\/wp-up\/2022\/10\/sym_Oelspur_.jpg?resize=350%2C200&ssl=1","width":350,"height":200,"srcset":"https:\/\/i0.wp.com\/www.feuerwehr-brilon.de\/wp-up\/2022\/10\/sym_Oelspur_.jpg?resize=350%2C200&ssl=1 1x, https:\/\/i0.wp.com\/www.feuerwehr-brilon.de\/wp-up\/2022\/10\/sym_Oelspur_.jpg?resize=525%2C300&ssl=1 1.5x, https:\/\/i0.wp.com\/www.feuerwehr-brilon.de\/wp-up\/2022\/10\/sym_Oelspur_.jpg?resize=700%2C400&ssl=1 2x"},"classes":[]},{"id":31310,"url":"https:\/\/www.feuerwehr-brilon.de\/?p=31310","url_meta":{"origin":31305,"position":4},"title":"+++ Einsatz +++","author":"Andreas Becker","date":"22. Juni 2023","format":false,"excerpt":"22.06. 09:25Uhr, Hilfeleistung, H0 \u00d6lspur, Altenb\u00fcren, Briloner Tor, \u00d6lspur","rel":"","context":"In &quot;Alarmierungen&quot;","block_context":{"text":"Alarmierungen","link":"https:\/\/www.feuerwehr-brilon.de\/?cat=102"},"img":{"alt_text":"","src":"https:\/\/i0.wp.com\/www.feuerwehr-brilon.de\/wp-up\/2023\/06\/IMG_1401_tw.jpg?resize=350%2C200&ssl=1","width":350,"height":200,"srcset":"https:\/\/i0.wp.com\/www.feuerwehr-brilon.de\/wp-up\/2023\/06\/IMG_1401_tw.jpg?resize=350%2C200&ssl=1 1x, https:\/\/i0.wp.com\/www.feuerwehr-brilon.de\/wp-up\/2023\/06\/IMG_1401_tw.jpg?resize=525%2C300&ssl=1 1.5x, https:\/\/i0.wp.com\/www.feuerwehr-brilon.de\/wp-up\/2023\/06\/IMG_1401_tw.jpg?resize=700%2C400&ssl=1 2x"},"classes":[]},{"id":22448,"url":"https:\/\/www.feuerwehr-brilon.de\/?p=22448","url_meta":{"origin":31305,"position":5},"title":"+++ Einsatz +++","author":"Andreas Becker","date":"14. April 2020","format":false,"excerpt":"14.04. 15:41Uhr, Hilfeleistung, H0 \u00d6lspur, Scharfenberg, B 516 -> R\u00fcthen, \u00d6lspur","rel":"","context":"In &quot;Alarmierungen&quot;","block_context":{"text":"Alarmierungen","link":"https:\/\/www.feuerwehr-brilon.de\/?cat=102"},"img":{"alt_text":"","src":"","width":0,"height":0},"classes":[]}],"_links":{"self":[{"href":"https:\/\/www.feuerwehr-brilon.de\/index.php?rest_route=\/wp\/v2\/posts\/31305","targetHints":{"allow":["GET"]}}],"collection":[{"href":"https:\/\/www.feuerwehr-brilon.de\/index.php?rest_route=\/wp\/v2\/posts"}],"about":[{"href":"https:\/\/www.feuerwehr-brilon.de\/index.php?rest_route=\/wp\/v2\/types\/post"}],"author":[{"embeddable":true,"href":"https:\/\/www.feuerwehr-brilon.de\/index.php?rest_route=\/wp\/v2\/users\/8"}],"replies":[{"embeddable":true,"href":"https:\/\/www.feuerwehr-brilon.de\/index.php?rest_route=%2Fwp%2Fv2%2Fcomments&post=31305"}],"version-history":[{"count":1,"href":"https:\/\/www.feuerwehr-brilon.de\/index.php?rest_route=\/wp\/v2\/posts\/31305\/revisions"}],"predecessor-version":[{"id":31306,"href":"https:\/\/www.feuerwehr-brilon.de\/index.php?rest_route=\/wp\/v2\/posts\/31305\/revisions\/31306"}],"wp:featuredmedia":[{"embeddable":true,"href":"https:\/\/www.feuerwehr-brilon.de\/index.php?rest_route=\/wp\/v2\/media\/30281"}],"wp:attachment":[{"href":"https:\/\/www.feuerwehr-brilon.de\/index.php?rest_route=%2Fwp%2Fv2%2Fmedia&parent=31305"}],"wp:term":[{"taxonomy":"category","embeddable":true,"href":"https:\/\/www.feuerwehr-brilon.de\/index.php?rest_route=%2Fwp%2Fv2%2Fcategories&post=31305"},{"taxonomy":"post_tag","embeddable":true,"href":"https:\/\/www.feuerwehr-brilon.de\/index.php?rest_route=%2Fwp%2Fv2%2Ftags&post=31305"}],"curies":[{"name":"wp","href":"https:\/\/api.w.org\/{rel}","templated":true}]}}