{"id":31310,"date":"2023-06-22T11:42:16","date_gmt":"2023-06-22T09:42:16","guid":{"rendered":"https:\/\/www.feuerwehr-brilon.de\/?p=31310"},"modified":"2023-06-23T11:32:34","modified_gmt":"2023-06-23T09:32:34","slug":"einsatz-783","status":"publish","type":"post","link":"https:\/\/www.feuerwehr-brilon.de\/?p=31310","title":{"rendered":"+++ Einsatz +++"},"content":{"rendered":"<p>22.06. 09:25Uhr, Hilfeleistung, H0 \u00d6lspur, Altenb\u00fcren, Briloner Tor, \u00d6lspur<\/p>\n","protected":false},"excerpt":{"rendered":"<p>22.06. 09:25Uhr, Hilfeleistung, H0 \u00d6lspur, Altenb\u00fcren, Briloner Tor, \u00d6lspur<\/p>\n","protected":false},"author":8,"featured_media":31322,"comment_status":"closed","ping_status":"closed","sticky":false,"template":"","format":"standard","meta":{"_exactmetrics_skip_tracking":false,"_exactmetrics_sitenote_active":false,"_exactmetrics_sitenote_note":"","_exactmetrics_sitenote_category":0,"jetpack_post_was_ever_published":false,"_jetpack_newsletter_access":"","_jetpack_dont_email_post_to_subs":false,"_jetpack_newsletter_tier_id":0,"_jetpack_memberships_contains_paywalled_content":false,"_jetpack_memberships_contains_paid_content":false,"footnotes":""},"categories":[102],"tags":[],"class_list":["post-31310","post","type-post","status-publish","format-standard","has-post-thumbnail","hentry","category-alarmierungen"],"jetpack_featured_media_url":"https:\/\/www.feuerwehr-brilon.de\/wp-up\/2023\/06\/IMG_1401_tw.jpg","jetpack_shortlink":"https:\/\/wp.me\/pCIJa-890","jetpack_sharing_enabled":true,"jetpack-related-posts":[{"id":13968,"url":"https:\/\/www.feuerwehr-brilon.de\/?p=13968","url_meta":{"origin":31310,"position":0},"title":"04.10. 17:53Uhr, Hilfeleistung, \u00d6lspur, Altenb\u00fcren,\u2026","author":"Andreas Becker","date":"4. Oktober 2016","format":false,"excerpt":"04.10. 17:53Uhr, Hilfeleistung, \u00d6lspur, Altenb\u00fcren, Briloner Tor, \u00d6lspur nach VU","rel":"","context":"In &quot;Alarmierungen&quot;","block_context":{"text":"Alarmierungen","link":"https:\/\/www.feuerwehr-brilon.de\/?cat=102"},"img":{"alt_text":"","src":"","width":0,"height":0},"classes":[]},{"id":29824,"url":"https:\/\/www.feuerwehr-brilon.de\/?p=29824","url_meta":{"origin":31310,"position":1},"title":"+++ Einsatz +++","author":"Andreas Becker","date":"29. Mai 2022","format":false,"excerpt":"29.05. 09:55Uhr, Hilfeleistung, H0 \u00d6lspur, Altenb\u00fcren, B7 OD, \u00d6lspur","rel":"","context":"In &quot;Alarmierungen&quot;","block_context":{"text":"Alarmierungen","link":"https:\/\/www.feuerwehr-brilon.de\/?cat=102"},"img":{"alt_text":"","src":"https:\/\/i0.wp.com\/www.feuerwehr-brilon.de\/wp-up\/2020\/02\/Oelspur.jpg?resize=350%2C200&ssl=1","width":350,"height":200,"srcset":"https:\/\/i0.wp.com\/www.feuerwehr-brilon.de\/wp-up\/2020\/02\/Oelspur.jpg?resize=350%2C200&ssl=1 1x, https:\/\/i0.wp.com\/www.feuerwehr-brilon.de\/wp-up\/2020\/02\/Oelspur.jpg?resize=525%2C300&ssl=1 1.5x"},"classes":[]},{"id":29799,"url":"https:\/\/www.feuerwehr-brilon.de\/?p=29799","url_meta":{"origin":31310,"position":2},"title":"+++ Einsatz +++","author":"Andreas Becker","date":"21. Mai 2022","format":false,"excerpt":"20.05. 22:25Uhr, Hilfeleistung, H0 \u00d6lspur, Alme, B480, \u00d6lspur","rel":"","context":"In &quot;Alarmierungen&quot;","block_context":{"text":"Alarmierungen","link":"https:\/\/www.feuerwehr-brilon.de\/?cat=102"},"img":{"alt_text":"","src":"https:\/\/i0.wp.com\/www.feuerwehr-brilon.de\/wp-up\/2020\/02\/Oelspur.jpg?resize=350%2C200&ssl=1","width":350,"height":200,"srcset":"https:\/\/i0.wp.com\/www.feuerwehr-brilon.de\/wp-up\/2020\/02\/Oelspur.jpg?resize=350%2C200&ssl=1 1x, https:\/\/i0.wp.com\/www.feuerwehr-brilon.de\/wp-up\/2020\/02\/Oelspur.jpg?resize=525%2C300&ssl=1 1.5x"},"classes":[]},{"id":23502,"url":"https:\/\/www.feuerwehr-brilon.de\/?p=23502","url_meta":{"origin":31310,"position":3},"title":"+++ Einsatz +++","author":"Andreas Becker","date":"23. Mai 2021","format":false,"excerpt":"23.05. 22:25Uhr, Hilfeleistung, H0 \u00d6lspur, Alme, B480 - L637, \u00d6lspur","rel":"","context":"In &quot;Alarmierungen&quot;","block_context":{"text":"Alarmierungen","link":"https:\/\/www.feuerwehr-brilon.de\/?cat=102"},"img":{"alt_text":"","src":"https:\/\/i0.wp.com\/www.feuerwehr-brilon.de\/wp-up\/2020\/02\/Oelspur.jpg?resize=350%2C200&ssl=1","width":350,"height":200,"srcset":"https:\/\/i0.wp.com\/www.feuerwehr-brilon.de\/wp-up\/2020\/02\/Oelspur.jpg?resize=350%2C200&ssl=1 1x, https:\/\/i0.wp.com\/www.feuerwehr-brilon.de\/wp-up\/2020\/02\/Oelspur.jpg?resize=525%2C300&ssl=1 1.5x"},"classes":[]},{"id":31976,"url":"https:\/\/www.feuerwehr-brilon.de\/?p=31976","url_meta":{"origin":31310,"position":4},"title":"+++ Einsatz +++","author":"Andreas Becker","date":"9. Januar 2024","format":false,"excerpt":"09.01. 20:25Uhr, Hilfeleistung, H0 \u00d6lspur, Brilon, Scharfenberger Hof, \u00d6lspur","rel":"","context":"In &quot;Alarmierungen&quot;","block_context":{"text":"Alarmierungen","link":"https:\/\/www.feuerwehr-brilon.de\/?cat=102"},"img":{"alt_text":"","src":"https:\/\/i0.wp.com\/www.feuerwehr-brilon.de\/wp-up\/2022\/10\/sym_Oelspur_.jpg?resize=350%2C200&ssl=1","width":350,"height":200,"srcset":"https:\/\/i0.wp.com\/www.feuerwehr-brilon.de\/wp-up\/2022\/10\/sym_Oelspur_.jpg?resize=350%2C200&ssl=1 1x, https:\/\/i0.wp.com\/www.feuerwehr-brilon.de\/wp-up\/2022\/10\/sym_Oelspur_.jpg?resize=525%2C300&ssl=1 1.5x, https:\/\/i0.wp.com\/www.feuerwehr-brilon.de\/wp-up\/2022\/10\/sym_Oelspur_.jpg?resize=700%2C400&ssl=1 2x"},"classes":[]},{"id":31305,"url":"https:\/\/www.feuerwehr-brilon.de\/?p=31305","url_meta":{"origin":31310,"position":5},"title":"+++ Einsatz +++","author":"Andreas Becker","date":"22. Juni 2023","format":false,"excerpt":"22.06. 01:41Uhr, Hilfeleistung, H0 \u00d6lspur, Brilon, Scharfenberger Str., \u00d6lspur","rel":"","context":"In &quot;Alarmierungen&quot;","block_context":{"text":"Alarmierungen","link":"https:\/\/www.feuerwehr-brilon.de\/?cat=102"},"img":{"alt_text":"","src":"https:\/\/i0.wp.com\/www.feuerwehr-brilon.de\/wp-up\/2022\/10\/sym_Oelspur_.jpg?resize=350%2C200&ssl=1","width":350,"height":200,"srcset":"https:\/\/i0.wp.com\/www.feuerwehr-brilon.de\/wp-up\/2022\/10\/sym_Oelspur_.jpg?resize=350%2C200&ssl=1 1x, https:\/\/i0.wp.com\/www.feuerwehr-brilon.de\/wp-up\/2022\/10\/sym_Oelspur_.jpg?resize=525%2C300&ssl=1 1.5x, https:\/\/i0.wp.com\/www.feuerwehr-brilon.de\/wp-up\/2022\/10\/sym_Oelspur_.jpg?resize=700%2C400&ssl=1 2x"},"classes":[]}],"_links":{"self":[{"href":"https:\/\/www.feuerwehr-brilon.de\/index.php?rest_route=\/wp\/v2\/posts\/31310","targetHints":{"allow":["GET"]}}],"collection":[{"href":"https:\/\/www.feuerwehr-brilon.de\/index.php?rest_route=\/wp\/v2\/posts"}],"about":[{"href":"https:\/\/www.feuerwehr-brilon.de\/index.php?rest_route=\/wp\/v2\/types\/post"}],"author":[{"embeddable":true,"href":"https:\/\/www.feuerwehr-brilon.de\/index.php?rest_route=\/wp\/v2\/users\/8"}],"replies":[{"embeddable":true,"href":"https:\/\/www.feuerwehr-brilon.de\/index.php?rest_route=%2Fwp%2Fv2%2Fcomments&post=31310"}],"version-history":[{"count":2,"href":"https:\/\/www.feuerwehr-brilon.de\/index.php?rest_route=\/wp\/v2\/posts\/31310\/revisions"}],"predecessor-version":[{"id":31312,"href":"https:\/\/www.feuerwehr-brilon.de\/index.php?rest_route=\/wp\/v2\/posts\/31310\/revisions\/31312"}],"wp:featuredmedia":[{"embeddable":true,"href":"https:\/\/www.feuerwehr-brilon.de\/index.php?rest_route=\/wp\/v2\/media\/31322"}],"wp:attachment":[{"href":"https:\/\/www.feuerwehr-brilon.de\/index.php?rest_route=%2Fwp%2Fv2%2Fmedia&parent=31310"}],"wp:term":[{"taxonomy":"category","embeddable":true,"href":"https:\/\/www.feuerwehr-brilon.de\/index.php?rest_route=%2Fwp%2Fv2%2Fcategories&post=31310"},{"taxonomy":"post_tag","embeddable":true,"href":"https:\/\/www.feuerwehr-brilon.de\/index.php?rest_route=%2Fwp%2Fv2%2Ftags&post=31310"}],"curies":[{"name":"wp","href":"https:\/\/api.w.org\/{rel}","templated":true}]}}