{"id":31328,"date":"2023-06-28T12:46:36","date_gmt":"2023-06-28T10:46:36","guid":{"rendered":"https:\/\/www.feuerwehr-brilon.de\/?p=31328"},"modified":"2023-06-28T12:46:36","modified_gmt":"2023-06-28T10:46:36","slug":"einsatz-786","status":"publish","type":"post","link":"https:\/\/www.feuerwehr-brilon.de\/?p=31328","title":{"rendered":"+++ Einsatz +++"},"content":{"rendered":"<p>28.06. 06:36Uhr, Hilfeleistung, H0 Unfall, Altenb\u00fcren, B480 -> Antfeld, Verkehrsunfall<\/p>\n","protected":false},"excerpt":{"rendered":"<p>28.06. 06:36Uhr, Hilfeleistung, H0 Unfall, Altenb\u00fcren, B480 -> Antfeld, Verkehrsunfall<\/p>\n","protected":false},"author":8,"featured_media":30863,"comment_status":"closed","ping_status":"closed","sticky":false,"template":"","format":"standard","meta":{"_exactmetrics_skip_tracking":false,"_exactmetrics_sitenote_active":false,"_exactmetrics_sitenote_note":"","_exactmetrics_sitenote_category":0,"jetpack_post_was_ever_published":false,"_jetpack_newsletter_access":"","_jetpack_dont_email_post_to_subs":false,"_jetpack_newsletter_tier_id":0,"_jetpack_memberships_contains_paywalled_content":false,"_jetpack_memberships_contains_paid_content":false,"footnotes":""},"categories":[102],"tags":[],"class_list":["post-31328","post","type-post","status-publish","format-standard","has-post-thumbnail","hentry","category-alarmierungen"],"jetpack_featured_media_url":"https:\/\/www.feuerwehr-brilon.de\/wp-up\/2023\/03\/sym_sign.jpg","jetpack_shortlink":"https:\/\/wp.me\/pCIJa-89i","jetpack_sharing_enabled":true,"jetpack-related-posts":[{"id":32411,"url":"https:\/\/www.feuerwehr-brilon.de\/?p=32411","url_meta":{"origin":31328,"position":0},"title":"+++ Einsatz +++","author":"Andreas Becker","date":"16. Mai 2024","format":false,"excerpt":"15.05. 16:36Uhr, Hilfeleistung, H0 Unfall, Altenb\u00fcren, Antfelder Str., Verkehrsunfall","rel":"","context":"In &quot;Alarmierungen&quot;","block_context":{"text":"Alarmierungen","link":"https:\/\/www.feuerwehr-brilon.de\/?cat=102"},"img":{"alt_text":"","src":"https:\/\/i0.wp.com\/www.feuerwehr-brilon.de\/wp-up\/2023\/03\/sym_sign.jpg?resize=350%2C200&ssl=1","width":350,"height":200,"srcset":"https:\/\/i0.wp.com\/www.feuerwehr-brilon.de\/wp-up\/2023\/03\/sym_sign.jpg?resize=350%2C200&ssl=1 1x, https:\/\/i0.wp.com\/www.feuerwehr-brilon.de\/wp-up\/2023\/03\/sym_sign.jpg?resize=525%2C300&ssl=1 1.5x, https:\/\/i0.wp.com\/www.feuerwehr-brilon.de\/wp-up\/2023\/03\/sym_sign.jpg?resize=700%2C400&ssl=1 2x"},"classes":[]},{"id":24011,"url":"https:\/\/www.feuerwehr-brilon.de\/?p=24011","url_meta":{"origin":31328,"position":1},"title":"+++ Einsatz +++","author":"Andreas Becker","date":"5. Dezember 2021","format":false,"excerpt":"05.12. 15:06Uhr, Hilfeleistung, H0 \u00d6lspur, Altenb\u00fcren, B480 Antfeld, \u00d6lspur nach VU","rel":"","context":"In &quot;Alarmierungen&quot;","block_context":{"text":"Alarmierungen","link":"https:\/\/www.feuerwehr-brilon.de\/?cat=102"},"img":{"alt_text":"","src":"https:\/\/i0.wp.com\/www.feuerwehr-brilon.de\/wp-up\/2020\/02\/Oelspur.jpg?resize=350%2C200&ssl=1","width":350,"height":200,"srcset":"https:\/\/i0.wp.com\/www.feuerwehr-brilon.de\/wp-up\/2020\/02\/Oelspur.jpg?resize=350%2C200&ssl=1 1x, https:\/\/i0.wp.com\/www.feuerwehr-brilon.de\/wp-up\/2020\/02\/Oelspur.jpg?resize=525%2C300&ssl=1 1.5x"},"classes":[]},{"id":32934,"url":"https:\/\/www.feuerwehr-brilon.de\/?p=32934","url_meta":{"origin":31328,"position":2},"title":"+++ Einsatz +++","author":"Andreas Becker","date":"4. November 2024","format":false,"excerpt":"04.11. 06:45Uhr, Hilfeleistung, H0 Unfall, Altenb\u00fcren, K 57, Verkehrsunfall","rel":"","context":"In &quot;Alarmierungen&quot;","block_context":{"text":"Alarmierungen","link":"https:\/\/www.feuerwehr-brilon.de\/?cat=102"},"img":{"alt_text":"","src":"","width":0,"height":0},"classes":[]},{"id":22688,"url":"https:\/\/www.feuerwehr-brilon.de\/?p=22688","url_meta":{"origin":31328,"position":3},"title":"+++ Einsatz +++","author":"Andreas Becker","date":"27. August 2020","format":false,"excerpt":"27.08. 09:36Uhr, Hilfeleistung, H0 Unfall, Brilon, M\u00f6hnestra\u00dfe, Verkehrsunfall","rel":"","context":"In &quot;Alarmierungen&quot;","block_context":{"text":"Alarmierungen","link":"https:\/\/www.feuerwehr-brilon.de\/?cat=102"},"img":{"alt_text":"","src":"https:\/\/i0.wp.com\/www.feuerwehr-brilon.de\/wp-up\/2020\/08\/200827_VU_Moehnestr.jpg?resize=350%2C200&ssl=1","width":350,"height":200,"srcset":"https:\/\/i0.wp.com\/www.feuerwehr-brilon.de\/wp-up\/2020\/08\/200827_VU_Moehnestr.jpg?resize=350%2C200&ssl=1 1x, https:\/\/i0.wp.com\/www.feuerwehr-brilon.de\/wp-up\/2020\/08\/200827_VU_Moehnestr.jpg?resize=525%2C300&ssl=1 1.5x, https:\/\/i0.wp.com\/www.feuerwehr-brilon.de\/wp-up\/2020\/08\/200827_VU_Moehnestr.jpg?resize=700%2C400&ssl=1 2x"},"classes":[]},{"id":31208,"url":"https:\/\/www.feuerwehr-brilon.de\/?p=31208","url_meta":{"origin":31328,"position":4},"title":"+++ Einsatz +++","author":"Andreas Becker","date":"26. Mai 2023","format":false,"excerpt":"25.05. 23:43Uhr, Hilfeleistung, H0 Unfall, Brilon, B480, Verkehrsunfall","rel":"","context":"In &quot;Alarmierungen&quot;","block_context":{"text":"Alarmierungen","link":"https:\/\/www.feuerwehr-brilon.de\/?cat=102"},"img":{"alt_text":"","src":"https:\/\/i0.wp.com\/www.feuerwehr-brilon.de\/wp-up\/2023\/03\/sym_HLF-2.jpg?resize=350%2C200&ssl=1","width":350,"height":200,"srcset":"https:\/\/i0.wp.com\/www.feuerwehr-brilon.de\/wp-up\/2023\/03\/sym_HLF-2.jpg?resize=350%2C200&ssl=1 1x, https:\/\/i0.wp.com\/www.feuerwehr-brilon.de\/wp-up\/2023\/03\/sym_HLF-2.jpg?resize=525%2C300&ssl=1 1.5x, https:\/\/i0.wp.com\/www.feuerwehr-brilon.de\/wp-up\/2023\/03\/sym_HLF-2.jpg?resize=700%2C400&ssl=1 2x"},"classes":[]},{"id":23354,"url":"https:\/\/www.feuerwehr-brilon.de\/?p=23354","url_meta":{"origin":31328,"position":5},"title":"+++ Einsatz +++","author":"Andreas Becker","date":"9. April 2021","format":false,"excerpt":"09.04. 20:37Uhr, Hilfeleistung, H0 Unfall, Altenb\u00fcren, K15, Verkehrsunfall","rel":"","context":"In &quot;Alarmierungen&quot;","block_context":{"text":"Alarmierungen","link":"https:\/\/www.feuerwehr-brilon.de\/?cat=102"},"img":{"alt_text":"","src":"https:\/\/i0.wp.com\/www.feuerwehr-brilon.de\/wp-up\/2021\/04\/210409_VU_Altenbueren_.jpg?resize=350%2C200&ssl=1","width":350,"height":200,"srcset":"https:\/\/i0.wp.com\/www.feuerwehr-brilon.de\/wp-up\/2021\/04\/210409_VU_Altenbueren_.jpg?resize=350%2C200&ssl=1 1x, https:\/\/i0.wp.com\/www.feuerwehr-brilon.de\/wp-up\/2021\/04\/210409_VU_Altenbueren_.jpg?resize=525%2C300&ssl=1 1.5x, https:\/\/i0.wp.com\/www.feuerwehr-brilon.de\/wp-up\/2021\/04\/210409_VU_Altenbueren_.jpg?resize=700%2C400&ssl=1 2x"},"classes":[]}],"_links":{"self":[{"href":"https:\/\/www.feuerwehr-brilon.de\/index.php?rest_route=\/wp\/v2\/posts\/31328","targetHints":{"allow":["GET"]}}],"collection":[{"href":"https:\/\/www.feuerwehr-brilon.de\/index.php?rest_route=\/wp\/v2\/posts"}],"about":[{"href":"https:\/\/www.feuerwehr-brilon.de\/index.php?rest_route=\/wp\/v2\/types\/post"}],"author":[{"embeddable":true,"href":"https:\/\/www.feuerwehr-brilon.de\/index.php?rest_route=\/wp\/v2\/users\/8"}],"replies":[{"embeddable":true,"href":"https:\/\/www.feuerwehr-brilon.de\/index.php?rest_route=%2Fwp%2Fv2%2Fcomments&post=31328"}],"version-history":[{"count":1,"href":"https:\/\/www.feuerwehr-brilon.de\/index.php?rest_route=\/wp\/v2\/posts\/31328\/revisions"}],"predecessor-version":[{"id":31329,"href":"https:\/\/www.feuerwehr-brilon.de\/index.php?rest_route=\/wp\/v2\/posts\/31328\/revisions\/31329"}],"wp:featuredmedia":[{"embeddable":true,"href":"https:\/\/www.feuerwehr-brilon.de\/index.php?rest_route=\/wp\/v2\/media\/30863"}],"wp:attachment":[{"href":"https:\/\/www.feuerwehr-brilon.de\/index.php?rest_route=%2Fwp%2Fv2%2Fmedia&parent=31328"}],"wp:term":[{"taxonomy":"category","embeddable":true,"href":"https:\/\/www.feuerwehr-brilon.de\/index.php?rest_route=%2Fwp%2Fv2%2Fcategories&post=31328"},{"taxonomy":"post_tag","embeddable":true,"href":"https:\/\/www.feuerwehr-brilon.de\/index.php?rest_route=%2Fwp%2Fv2%2Ftags&post=31328"}],"curies":[{"name":"wp","href":"https:\/\/api.w.org\/{rel}","templated":true}]}}