{"id":31349,"date":"2023-07-10T19:35:09","date_gmt":"2023-07-10T17:35:09","guid":{"rendered":"https:\/\/www.feuerwehr-brilon.de\/?p=31349"},"modified":"2023-07-10T19:36:19","modified_gmt":"2023-07-10T17:36:19","slug":"einsatz-794","status":"publish","type":"post","link":"https:\/\/www.feuerwehr-brilon.de\/?p=31349","title":{"rendered":"+++ Einsatz +++"},"content":{"rendered":"<p>09.07. 17:44Uhr, Brandeinsatz, F3 BMA, R1, Marsberg, M\u00fchlenstra\u00dfe, BMA ausgel\u00f6st<\/p>\n","protected":false},"excerpt":{"rendered":"<p>09.07. 17:44Uhr, Brandeinsatz, F3 BMA, R1, Marsberg, M\u00fchlenstra\u00dfe, BMA ausgel\u00f6st<\/p>\n","protected":false},"author":5,"featured_media":30860,"comment_status":"closed","ping_status":"closed","sticky":false,"template":"","format":"standard","meta":{"_exactmetrics_skip_tracking":false,"_exactmetrics_sitenote_active":false,"_exactmetrics_sitenote_note":"","_exactmetrics_sitenote_category":0,"jetpack_post_was_ever_published":false,"_jetpack_newsletter_access":"","_jetpack_dont_email_post_to_subs":false,"_jetpack_newsletter_tier_id":0,"_jetpack_memberships_contains_paywalled_content":false,"_jetpack_memberships_contains_paid_content":false,"footnotes":""},"categories":[102],"tags":[],"class_list":["post-31349","post","type-post","status-publish","format-standard","has-post-thumbnail","hentry","category-alarmierungen"],"jetpack_featured_media_url":"https:\/\/www.feuerwehr-brilon.de\/wp-up\/2023\/03\/sym_DLK.jpg","jetpack_shortlink":"https:\/\/wp.me\/pCIJa-89D","jetpack_sharing_enabled":true,"jetpack-related-posts":[{"id":16982,"url":"https:\/\/www.feuerwehr-brilon.de\/?p=16982","url_meta":{"origin":31349,"position":0},"title":"01.04. 09:20Uhr, Brandeinsatz, F3 BMA,\u2026","author":"Andreas Becker","date":"1. April 2019","format":false,"excerpt":"01.04. 09:20Uhr, Brandeinsatz, F3 BMA, Marsberg, M\u00fchlenstra\u00dfe, autom. BMA","rel":"","context":"In &quot;Alarmierungen&quot;","block_context":{"text":"Alarmierungen","link":"https:\/\/www.feuerwehr-brilon.de\/?cat=102"},"img":{"alt_text":"","src":"","width":0,"height":0},"classes":[]},{"id":32562,"url":"https:\/\/www.feuerwehr-brilon.de\/?p=32562","url_meta":{"origin":31349,"position":1},"title":"+++ Einsatz +++","author":"Andreas Becker","date":"10. Juli 2024","format":false,"excerpt":"09.07. 20:21Uhr, Brandeinsatz, F3 BMA, Brilon, Hellehohlweg, autom. BMA","rel":"","context":"In &quot;Alarmierungen&quot;","block_context":{"text":"Alarmierungen","link":"https:\/\/www.feuerwehr-brilon.de\/?cat=102"},"img":{"alt_text":"","src":"https:\/\/i0.wp.com\/www.feuerwehr-brilon.de\/wp-up\/2024\/07\/sym_ELW_.jpg?resize=350%2C200&ssl=1","width":350,"height":200,"srcset":"https:\/\/i0.wp.com\/www.feuerwehr-brilon.de\/wp-up\/2024\/07\/sym_ELW_.jpg?resize=350%2C200&ssl=1 1x, https:\/\/i0.wp.com\/www.feuerwehr-brilon.de\/wp-up\/2024\/07\/sym_ELW_.jpg?resize=525%2C300&ssl=1 1.5x, https:\/\/i0.wp.com\/www.feuerwehr-brilon.de\/wp-up\/2024\/07\/sym_ELW_.jpg?resize=700%2C400&ssl=1 2x, https:\/\/i0.wp.com\/www.feuerwehr-brilon.de\/wp-up\/2024\/07\/sym_ELW_.jpg?resize=1050%2C600&ssl=1 3x"},"classes":[]},{"id":24372,"url":"https:\/\/www.feuerwehr-brilon.de\/?p=24372","url_meta":{"origin":31349,"position":2},"title":"+++ Einsatz +++","author":"Andreas Becker","date":"2. April 2022","format":false,"excerpt":"02.04. 07:44Uhr, Brandeinsatz, F3 BMA, Brilon, Am Sch\u00f6nschede, autom. BMA","rel":"","context":"In &quot;Alarmierungen&quot;","block_context":{"text":"Alarmierungen","link":"https:\/\/www.feuerwehr-brilon.de\/?cat=102"},"img":{"alt_text":"","src":"https:\/\/i0.wp.com\/www.feuerwehr-brilon.de\/wp-up\/2020\/02\/bma_fat.jpg?resize=350%2C200&ssl=1","width":350,"height":200},"classes":[]},{"id":31485,"url":"https:\/\/www.feuerwehr-brilon.de\/?p=31485","url_meta":{"origin":31349,"position":3},"title":"+++ Einsatz +++","author":"Andreas Becker","date":"30. August 2023","format":false,"excerpt":"30.08. 08:44Uhr, Brandeinsatz, F3 BMA, Bigge, Hauptstra\u00dfe, autom. BMA (DLK \u00fcber\u00f6rtlich)","rel":"","context":"In &quot;Alarmierungen&quot;","block_context":{"text":"Alarmierungen","link":"https:\/\/www.feuerwehr-brilon.de\/?cat=102"},"img":{"alt_text":"","src":"https:\/\/i0.wp.com\/www.feuerwehr-brilon.de\/wp-up\/2023\/03\/sym_DLK.jpg?resize=350%2C200&ssl=1","width":350,"height":200,"srcset":"https:\/\/i0.wp.com\/www.feuerwehr-brilon.de\/wp-up\/2023\/03\/sym_DLK.jpg?resize=350%2C200&ssl=1 1x, https:\/\/i0.wp.com\/www.feuerwehr-brilon.de\/wp-up\/2023\/03\/sym_DLK.jpg?resize=525%2C300&ssl=1 1.5x, https:\/\/i0.wp.com\/www.feuerwehr-brilon.de\/wp-up\/2023\/03\/sym_DLK.jpg?resize=700%2C400&ssl=1 2x"},"classes":[]},{"id":21953,"url":"https:\/\/www.feuerwehr-brilon.de\/?p=21953","url_meta":{"origin":31349,"position":4},"title":"+++ Einsatz +++","author":"Andreas Becker","date":"17. Dezember 2019","format":false,"excerpt":"17.12. 09:39Uhr, Brandeinsatz, F3 BMA, Marsberg, Bredelarer Str., autom. BMA (ELW)","rel":"","context":"In &quot;Alarmierungen&quot;","block_context":{"text":"Alarmierungen","link":"https:\/\/www.feuerwehr-brilon.de\/?cat=102"},"img":{"alt_text":"","src":"","width":0,"height":0},"classes":[]},{"id":31201,"url":"https:\/\/www.feuerwehr-brilon.de\/?p=31201","url_meta":{"origin":31349,"position":5},"title":"+++ Einsatz +++","author":"Andreas Becker","date":"21. Mai 2023","format":false,"excerpt":"20.05. 19:49Uhr, Brandeinsatz, F3 BMA, Marsberg, Bredelarer Str., autom. BMA (\u00fcber\u00f6rtlich)","rel":"","context":"In &quot;Alarmierungen&quot;","block_context":{"text":"Alarmierungen","link":"https:\/\/www.feuerwehr-brilon.de\/?cat=102"},"img":{"alt_text":"","src":"https:\/\/i0.wp.com\/www.feuerwehr-brilon.de\/wp-up\/2020\/07\/FIZ.jpg?resize=350%2C200&ssl=1","width":350,"height":200,"srcset":"https:\/\/i0.wp.com\/www.feuerwehr-brilon.de\/wp-up\/2020\/07\/FIZ.jpg?resize=350%2C200&ssl=1 1x, https:\/\/i0.wp.com\/www.feuerwehr-brilon.de\/wp-up\/2020\/07\/FIZ.jpg?resize=525%2C300&ssl=1 1.5x, https:\/\/i0.wp.com\/www.feuerwehr-brilon.de\/wp-up\/2020\/07\/FIZ.jpg?resize=700%2C400&ssl=1 2x"},"classes":[]}],"_links":{"self":[{"href":"https:\/\/www.feuerwehr-brilon.de\/index.php?rest_route=\/wp\/v2\/posts\/31349","targetHints":{"allow":["GET"]}}],"collection":[{"href":"https:\/\/www.feuerwehr-brilon.de\/index.php?rest_route=\/wp\/v2\/posts"}],"about":[{"href":"https:\/\/www.feuerwehr-brilon.de\/index.php?rest_route=\/wp\/v2\/types\/post"}],"author":[{"embeddable":true,"href":"https:\/\/www.feuerwehr-brilon.de\/index.php?rest_route=\/wp\/v2\/users\/5"}],"replies":[{"embeddable":true,"href":"https:\/\/www.feuerwehr-brilon.de\/index.php?rest_route=%2Fwp%2Fv2%2Fcomments&post=31349"}],"version-history":[{"count":2,"href":"https:\/\/www.feuerwehr-brilon.de\/index.php?rest_route=\/wp\/v2\/posts\/31349\/revisions"}],"predecessor-version":[{"id":31351,"href":"https:\/\/www.feuerwehr-brilon.de\/index.php?rest_route=\/wp\/v2\/posts\/31349\/revisions\/31351"}],"wp:featuredmedia":[{"embeddable":true,"href":"https:\/\/www.feuerwehr-brilon.de\/index.php?rest_route=\/wp\/v2\/media\/30860"}],"wp:attachment":[{"href":"https:\/\/www.feuerwehr-brilon.de\/index.php?rest_route=%2Fwp%2Fv2%2Fmedia&parent=31349"}],"wp:term":[{"taxonomy":"category","embeddable":true,"href":"https:\/\/www.feuerwehr-brilon.de\/index.php?rest_route=%2Fwp%2Fv2%2Fcategories&post=31349"},{"taxonomy":"post_tag","embeddable":true,"href":"https:\/\/www.feuerwehr-brilon.de\/index.php?rest_route=%2Fwp%2Fv2%2Ftags&post=31349"}],"curies":[{"name":"wp","href":"https:\/\/api.w.org\/{rel}","templated":true}]}}