{"id":31369,"date":"2023-07-26T17:21:07","date_gmt":"2023-07-26T15:21:07","guid":{"rendered":"https:\/\/www.feuerwehr-brilon.de\/?p=31369"},"modified":"2023-07-26T17:21:07","modified_gmt":"2023-07-26T15:21:07","slug":"einsatz-797","status":"publish","type":"post","link":"https:\/\/www.feuerwehr-brilon.de\/?p=31369","title":{"rendered":"+++ Einsatz +++"},"content":{"rendered":"<p>25.07. 15:15Uhr, Hilfeleistung, H0, Brilon, Obere Mauer, Tragehilfe<\/p>\n","protected":false},"excerpt":{"rendered":"<p>25.07. 15:15Uhr, Hilfeleistung, H0, Brilon, Obere Mauer, Tragehilfe<\/p>\n","protected":false},"author":8,"featured_media":31370,"comment_status":"closed","ping_status":"closed","sticky":false,"template":"","format":"standard","meta":{"_exactmetrics_skip_tracking":false,"_exactmetrics_sitenote_active":false,"_exactmetrics_sitenote_note":"","_exactmetrics_sitenote_category":0,"jetpack_post_was_ever_published":false,"_jetpack_newsletter_access":"","_jetpack_dont_email_post_to_subs":false,"_jetpack_newsletter_tier_id":0,"_jetpack_memberships_contains_paywalled_content":false,"_jetpack_memberships_contains_paid_content":false,"footnotes":""},"categories":[102],"tags":[],"class_list":["post-31369","post","type-post","status-publish","format-standard","has-post-thumbnail","hentry","category-alarmierungen"],"jetpack_featured_media_url":"https:\/\/www.feuerwehr-brilon.de\/wp-up\/2023\/07\/IMG_1619_tw.jpg","jetpack_shortlink":"https:\/\/wp.me\/pCIJa-89X","jetpack_sharing_enabled":true,"jetpack-related-posts":[{"id":32601,"url":"https:\/\/www.feuerwehr-brilon.de\/?p=32601","url_meta":{"origin":31369,"position":0},"title":"+++ Einsatz +++","author":"Marcus Bange","date":"13. Juli 2024","format":false,"excerpt":"13.07. 12:15Uhr, Hilfeleistung, H0 Tragehilfe, Brilon, Rettungspunkt Bilstein, Fahrradsturz","rel":"","context":"In &quot;Alarmierungen&quot;","block_context":{"text":"Alarmierungen","link":"https:\/\/www.feuerwehr-brilon.de\/?cat=102"},"img":{"alt_text":"","src":"https:\/\/i0.wp.com\/www.feuerwehr-brilon.de\/wp-up\/2024\/07\/Trail-2.jpg?resize=350%2C200&ssl=1","width":350,"height":200,"srcset":"https:\/\/i0.wp.com\/www.feuerwehr-brilon.de\/wp-up\/2024\/07\/Trail-2.jpg?resize=350%2C200&ssl=1 1x, https:\/\/i0.wp.com\/www.feuerwehr-brilon.de\/wp-up\/2024\/07\/Trail-2.jpg?resize=525%2C300&ssl=1 1.5x, https:\/\/i0.wp.com\/www.feuerwehr-brilon.de\/wp-up\/2024\/07\/Trail-2.jpg?resize=700%2C400&ssl=1 2x"},"classes":[]},{"id":24077,"url":"https:\/\/www.feuerwehr-brilon.de\/?p=24077","url_meta":{"origin":31369,"position":1},"title":"+++ Einsatz +++","author":"Andreas Becker","date":"16. Januar 2022","format":false,"excerpt":"16.01. 11:35Uhr, Hilfeleistung, H0 \u00d6lspur, Brilon, Obere Mauer, \u00d6lspur","rel":"","context":"In &quot;Alarmierungen&quot;","block_context":{"text":"Alarmierungen","link":"https:\/\/www.feuerwehr-brilon.de\/?cat=102"},"img":{"alt_text":"","src":"https:\/\/i0.wp.com\/www.feuerwehr-brilon.de\/wp-up\/2020\/02\/Oelspur.jpg?resize=350%2C200&ssl=1","width":350,"height":200,"srcset":"https:\/\/i0.wp.com\/www.feuerwehr-brilon.de\/wp-up\/2020\/02\/Oelspur.jpg?resize=350%2C200&ssl=1 1x, https:\/\/i0.wp.com\/www.feuerwehr-brilon.de\/wp-up\/2020\/02\/Oelspur.jpg?resize=525%2C300&ssl=1 1.5x"},"classes":[]},{"id":30095,"url":"https:\/\/www.feuerwehr-brilon.de\/?p=30095","url_meta":{"origin":31369,"position":2},"title":"+++ Einsatz +++","author":"Andreas Becker","date":"9. August 2022","format":false,"excerpt":"08.08. 20:18Uhr, Hilfeleistung, H0 T\u00fcr, Brilon, Obere Mauer, T\u00fcr\u00f6ffnung","rel":"","context":"In &quot;Alarmierungen&quot;","block_context":{"text":"Alarmierungen","link":"https:\/\/www.feuerwehr-brilon.de\/?cat=102"},"img":{"alt_text":"","src":"https:\/\/i0.wp.com\/www.feuerwehr-brilon.de\/wp-up\/2020\/08\/Tueroeffnung.jpg?resize=350%2C200&ssl=1","width":350,"height":200,"srcset":"https:\/\/i0.wp.com\/www.feuerwehr-brilon.de\/wp-up\/2020\/08\/Tueroeffnung.jpg?resize=350%2C200&ssl=1 1x, https:\/\/i0.wp.com\/www.feuerwehr-brilon.de\/wp-up\/2020\/08\/Tueroeffnung.jpg?resize=525%2C300&ssl=1 1.5x, https:\/\/i0.wp.com\/www.feuerwehr-brilon.de\/wp-up\/2020\/08\/Tueroeffnung.jpg?resize=700%2C400&ssl=1 2x"},"classes":[]},{"id":31236,"url":"https:\/\/www.feuerwehr-brilon.de\/?p=31236","url_meta":{"origin":31369,"position":3},"title":"+++ Einsatz +++","author":"Andreas Becker","date":"2. Juni 2023","format":false,"excerpt":"02.06. 12:45Uhr, Hilfeleistung, H0 T\u00fcr, Brilon, Obere Mauer, T\u00fcr\u00f6ffnung","rel":"","context":"In &quot;Alarmierungen&quot;","block_context":{"text":"Alarmierungen","link":"https:\/\/www.feuerwehr-brilon.de\/?cat=102"},"img":{"alt_text":"","src":"https:\/\/i0.wp.com\/www.feuerwehr-brilon.de\/wp-up\/2023\/06\/20230602_124731_tww.jpg?resize=350%2C200&ssl=1","width":350,"height":200,"srcset":"https:\/\/i0.wp.com\/www.feuerwehr-brilon.de\/wp-up\/2023\/06\/20230602_124731_tww.jpg?resize=350%2C200&ssl=1 1x, https:\/\/i0.wp.com\/www.feuerwehr-brilon.de\/wp-up\/2023\/06\/20230602_124731_tww.jpg?resize=525%2C300&ssl=1 1.5x, https:\/\/i0.wp.com\/www.feuerwehr-brilon.de\/wp-up\/2023\/06\/20230602_124731_tww.jpg?resize=700%2C400&ssl=1 2x"},"classes":[]},{"id":32078,"url":"https:\/\/www.feuerwehr-brilon.de\/?p=32078","url_meta":{"origin":31369,"position":4},"title":"+++ Einsatz +++","author":"Andreas Becker","date":"13. Februar 2024","format":false,"excerpt":"12.02. 23:36Uhr, Hilfeleistung, H0 T\u00fcr, Brilon, Obere Mauer, T\u00fcr\u00f6ffnung","rel":"","context":"In &quot;Alarmierungen&quot;","block_context":{"text":"Alarmierungen","link":"https:\/\/www.feuerwehr-brilon.de\/?cat=102"},"img":{"alt_text":"","src":"https:\/\/i0.wp.com\/www.feuerwehr-brilon.de\/wp-up\/2022\/09\/sym_tuer.jpg?resize=350%2C200&ssl=1","width":350,"height":200,"srcset":"https:\/\/i0.wp.com\/www.feuerwehr-brilon.de\/wp-up\/2022\/09\/sym_tuer.jpg?resize=350%2C200&ssl=1 1x, https:\/\/i0.wp.com\/www.feuerwehr-brilon.de\/wp-up\/2022\/09\/sym_tuer.jpg?resize=525%2C300&ssl=1 1.5x, https:\/\/i0.wp.com\/www.feuerwehr-brilon.de\/wp-up\/2022\/09\/sym_tuer.jpg?resize=700%2C400&ssl=1 2x"},"classes":[]},{"id":31335,"url":"https:\/\/www.feuerwehr-brilon.de\/?p=31335","url_meta":{"origin":31369,"position":5},"title":"+++ Einsatz +++","author":"Marcus Bange","date":"7. Juli 2023","format":false,"excerpt":"02.07. 14:18Uhr, Hilfeleistung, H0 \u00d6lspur, Brilon, Obere Mauer, Stra\u00dfenverunreinigung durch Betriebsmittel, Dieselspur","rel":"","context":"In &quot;Alarmierungen&quot;","block_context":{"text":"Alarmierungen","link":"https:\/\/www.feuerwehr-brilon.de\/?cat=102"},"img":{"alt_text":"","src":"https:\/\/i0.wp.com\/www.feuerwehr-brilon.de\/wp-up\/2023\/07\/Oelspur-1.jpg?resize=350%2C200&ssl=1","width":350,"height":200,"srcset":"https:\/\/i0.wp.com\/www.feuerwehr-brilon.de\/wp-up\/2023\/07\/Oelspur-1.jpg?resize=350%2C200&ssl=1 1x, https:\/\/i0.wp.com\/www.feuerwehr-brilon.de\/wp-up\/2023\/07\/Oelspur-1.jpg?resize=525%2C300&ssl=1 1.5x, https:\/\/i0.wp.com\/www.feuerwehr-brilon.de\/wp-up\/2023\/07\/Oelspur-1.jpg?resize=700%2C400&ssl=1 2x"},"classes":[]}],"_links":{"self":[{"href":"https:\/\/www.feuerwehr-brilon.de\/index.php?rest_route=\/wp\/v2\/posts\/31369","targetHints":{"allow":["GET"]}}],"collection":[{"href":"https:\/\/www.feuerwehr-brilon.de\/index.php?rest_route=\/wp\/v2\/posts"}],"about":[{"href":"https:\/\/www.feuerwehr-brilon.de\/index.php?rest_route=\/wp\/v2\/types\/post"}],"author":[{"embeddable":true,"href":"https:\/\/www.feuerwehr-brilon.de\/index.php?rest_route=\/wp\/v2\/users\/8"}],"replies":[{"embeddable":true,"href":"https:\/\/www.feuerwehr-brilon.de\/index.php?rest_route=%2Fwp%2Fv2%2Fcomments&post=31369"}],"version-history":[{"count":1,"href":"https:\/\/www.feuerwehr-brilon.de\/index.php?rest_route=\/wp\/v2\/posts\/31369\/revisions"}],"predecessor-version":[{"id":31371,"href":"https:\/\/www.feuerwehr-brilon.de\/index.php?rest_route=\/wp\/v2\/posts\/31369\/revisions\/31371"}],"wp:featuredmedia":[{"embeddable":true,"href":"https:\/\/www.feuerwehr-brilon.de\/index.php?rest_route=\/wp\/v2\/media\/31370"}],"wp:attachment":[{"href":"https:\/\/www.feuerwehr-brilon.de\/index.php?rest_route=%2Fwp%2Fv2%2Fmedia&parent=31369"}],"wp:term":[{"taxonomy":"category","embeddable":true,"href":"https:\/\/www.feuerwehr-brilon.de\/index.php?rest_route=%2Fwp%2Fv2%2Fcategories&post=31369"},{"taxonomy":"post_tag","embeddable":true,"href":"https:\/\/www.feuerwehr-brilon.de\/index.php?rest_route=%2Fwp%2Fv2%2Ftags&post=31369"}],"curies":[{"name":"wp","href":"https:\/\/api.w.org\/{rel}","templated":true}]}}