{"id":31373,"date":"2023-07-27T10:29:55","date_gmt":"2023-07-27T08:29:55","guid":{"rendered":"https:\/\/www.feuerwehr-brilon.de\/?p=31373"},"modified":"2023-07-27T10:29:55","modified_gmt":"2023-07-27T08:29:55","slug":"einsatz-798","status":"publish","type":"post","link":"https:\/\/www.feuerwehr-brilon.de\/?p=31373","title":{"rendered":"+++ Einsatz +++"},"content":{"rendered":"<p>27.07. 05:46Uhr, Hilfeleistung, H0 \u00d6lspur, Alme, B480, auslaufende Betriebsmittel ca. 80m<\/p>\n","protected":false},"excerpt":{"rendered":"<p>27.07. 05:46Uhr, Hilfeleistung, H0 \u00d6lspur, Alme, B480, auslaufende Betriebsmittel ca. 80m<\/p>\n","protected":false},"author":8,"featured_media":30281,"comment_status":"closed","ping_status":"closed","sticky":false,"template":"","format":"standard","meta":{"_exactmetrics_skip_tracking":false,"_exactmetrics_sitenote_active":false,"_exactmetrics_sitenote_note":"","_exactmetrics_sitenote_category":0,"jetpack_post_was_ever_published":false,"_jetpack_newsletter_access":"","_jetpack_dont_email_post_to_subs":false,"_jetpack_newsletter_tier_id":0,"_jetpack_memberships_contains_paywalled_content":false,"_jetpack_memberships_contains_paid_content":false,"footnotes":""},"categories":[102],"tags":[],"class_list":["post-31373","post","type-post","status-publish","format-standard","has-post-thumbnail","hentry","category-alarmierungen"],"jetpack_featured_media_url":"https:\/\/www.feuerwehr-brilon.de\/wp-up\/2022\/10\/sym_Oelspur_.jpg","jetpack_shortlink":"https:\/\/wp.me\/pCIJa-8a1","jetpack_sharing_enabled":true,"jetpack-related-posts":[{"id":30838,"url":"https:\/\/www.feuerwehr-brilon.de\/?p=30838","url_meta":{"origin":31373,"position":0},"title":"+++ Einsatz +++","author":"Andreas Becker","date":"5. M\u00e4rz 2023","format":false,"excerpt":"04.03. 14:38Uhr, Hilfeleistung, H0 \u00d6lspur, Alme, B480, ausl. Betriebsmittel nach VU","rel":"","context":"In &quot;Alarmierungen&quot;","block_context":{"text":"Alarmierungen","link":"https:\/\/www.feuerwehr-brilon.de\/?cat=102"},"img":{"alt_text":"","src":"https:\/\/i0.wp.com\/www.feuerwehr-brilon.de\/wp-up\/2022\/12\/42352cc9-1c78-4276-b449-72b12b378cd6.jpg?resize=350%2C200&ssl=1","width":350,"height":200,"srcset":"https:\/\/i0.wp.com\/www.feuerwehr-brilon.de\/wp-up\/2022\/12\/42352cc9-1c78-4276-b449-72b12b378cd6.jpg?resize=350%2C200&ssl=1 1x, https:\/\/i0.wp.com\/www.feuerwehr-brilon.de\/wp-up\/2022\/12\/42352cc9-1c78-4276-b449-72b12b378cd6.jpg?resize=525%2C300&ssl=1 1.5x, https:\/\/i0.wp.com\/www.feuerwehr-brilon.de\/wp-up\/2022\/12\/42352cc9-1c78-4276-b449-72b12b378cd6.jpg?resize=700%2C400&ssl=1 2x"},"classes":[]},{"id":33565,"url":"https:\/\/www.feuerwehr-brilon.de\/?p=33565","url_meta":{"origin":31373,"position":1},"title":"+++ Einsatz +++","author":"Andreas Becker","date":"28. Juni 2025","format":false,"excerpt":"26.06. 05:54Uhr, Hilfeleistung, H0 \u00d6lspur, Alme, B480, \u00d6lspur","rel":"","context":"In &quot;Alarmierungen&quot;","block_context":{"text":"Alarmierungen","link":"https:\/\/www.feuerwehr-brilon.de\/?cat=102"},"img":{"alt_text":"","src":"","width":0,"height":0},"classes":[]},{"id":23221,"url":"https:\/\/www.feuerwehr-brilon.de\/?p=23221","url_meta":{"origin":31373,"position":2},"title":"+++ Einsatz +++","author":"Andreas Becker","date":"22. Februar 2021","format":false,"excerpt":"22.02. 18:38Uhr, Hilfeleistung, H0 \u00d6lspur, W\u00fclfte, B480 -> Alme, ca. 1km Dieselspur","rel":"","context":"In &quot;Alarmierungen&quot;","block_context":{"text":"Alarmierungen","link":"https:\/\/www.feuerwehr-brilon.de\/?cat=102"},"img":{"alt_text":"","src":"https:\/\/i0.wp.com\/www.feuerwehr-brilon.de\/wp-up\/2020\/02\/Oelspur.jpg?resize=350%2C200&ssl=1","width":350,"height":200,"srcset":"https:\/\/i0.wp.com\/www.feuerwehr-brilon.de\/wp-up\/2020\/02\/Oelspur.jpg?resize=350%2C200&ssl=1 1x, https:\/\/i0.wp.com\/www.feuerwehr-brilon.de\/wp-up\/2020\/02\/Oelspur.jpg?resize=525%2C300&ssl=1 1.5x"},"classes":[]},{"id":34498,"url":"https:\/\/www.feuerwehr-brilon.de\/?p=34498","url_meta":{"origin":31373,"position":3},"title":"+++ Einsatz +++","author":"Erwin Mungenast","date":"17. M\u00e4rz 2026","format":false,"excerpt":"14.03. 11:45Uhr, Hilfeleistung, H0 \u00d6lspur, Alme, B480 Bad W\u00fcnnenberg -> Alme, \u00d6lspur","rel":"","context":"In &quot;Alarmierungen&quot;","block_context":{"text":"Alarmierungen","link":"https:\/\/www.feuerwehr-brilon.de\/?cat=102"},"img":{"alt_text":"","src":"","width":0,"height":0},"classes":[]},{"id":33886,"url":"https:\/\/www.feuerwehr-brilon.de\/?p=33886","url_meta":{"origin":31373,"position":4},"title":"+++ Einsatz +++","author":"Erwin Mungenast","date":"11. Oktober 2025","format":false,"excerpt":"11.10. 17:08Uhr, Hilfeleistung, H0 \u00d6lspur, W\u00fclfte, Am Kapellenstein, auslaufende Betriebsmittel","rel":"","context":"In &quot;Alarmierungen&quot;","block_context":{"text":"Alarmierungen","link":"https:\/\/www.feuerwehr-brilon.de\/?cat=102"},"img":{"alt_text":"","src":"","width":0,"height":0},"classes":[]},{"id":29799,"url":"https:\/\/www.feuerwehr-brilon.de\/?p=29799","url_meta":{"origin":31373,"position":5},"title":"+++ Einsatz +++","author":"Andreas Becker","date":"21. Mai 2022","format":false,"excerpt":"20.05. 22:25Uhr, Hilfeleistung, H0 \u00d6lspur, Alme, B480, \u00d6lspur","rel":"","context":"In &quot;Alarmierungen&quot;","block_context":{"text":"Alarmierungen","link":"https:\/\/www.feuerwehr-brilon.de\/?cat=102"},"img":{"alt_text":"","src":"https:\/\/i0.wp.com\/www.feuerwehr-brilon.de\/wp-up\/2020\/02\/Oelspur.jpg?resize=350%2C200&ssl=1","width":350,"height":200,"srcset":"https:\/\/i0.wp.com\/www.feuerwehr-brilon.de\/wp-up\/2020\/02\/Oelspur.jpg?resize=350%2C200&ssl=1 1x, https:\/\/i0.wp.com\/www.feuerwehr-brilon.de\/wp-up\/2020\/02\/Oelspur.jpg?resize=525%2C300&ssl=1 1.5x"},"classes":[]}],"_links":{"self":[{"href":"https:\/\/www.feuerwehr-brilon.de\/index.php?rest_route=\/wp\/v2\/posts\/31373","targetHints":{"allow":["GET"]}}],"collection":[{"href":"https:\/\/www.feuerwehr-brilon.de\/index.php?rest_route=\/wp\/v2\/posts"}],"about":[{"href":"https:\/\/www.feuerwehr-brilon.de\/index.php?rest_route=\/wp\/v2\/types\/post"}],"author":[{"embeddable":true,"href":"https:\/\/www.feuerwehr-brilon.de\/index.php?rest_route=\/wp\/v2\/users\/8"}],"replies":[{"embeddable":true,"href":"https:\/\/www.feuerwehr-brilon.de\/index.php?rest_route=%2Fwp%2Fv2%2Fcomments&post=31373"}],"version-history":[{"count":1,"href":"https:\/\/www.feuerwehr-brilon.de\/index.php?rest_route=\/wp\/v2\/posts\/31373\/revisions"}],"predecessor-version":[{"id":31374,"href":"https:\/\/www.feuerwehr-brilon.de\/index.php?rest_route=\/wp\/v2\/posts\/31373\/revisions\/31374"}],"wp:featuredmedia":[{"embeddable":true,"href":"https:\/\/www.feuerwehr-brilon.de\/index.php?rest_route=\/wp\/v2\/media\/30281"}],"wp:attachment":[{"href":"https:\/\/www.feuerwehr-brilon.de\/index.php?rest_route=%2Fwp%2Fv2%2Fmedia&parent=31373"}],"wp:term":[{"taxonomy":"category","embeddable":true,"href":"https:\/\/www.feuerwehr-brilon.de\/index.php?rest_route=%2Fwp%2Fv2%2Fcategories&post=31373"},{"taxonomy":"post_tag","embeddable":true,"href":"https:\/\/www.feuerwehr-brilon.de\/index.php?rest_route=%2Fwp%2Fv2%2Ftags&post=31373"}],"curies":[{"name":"wp","href":"https:\/\/api.w.org\/{rel}","templated":true}]}}