{"id":31401,"date":"2023-08-02T20:20:59","date_gmt":"2023-08-02T18:20:59","guid":{"rendered":"https:\/\/www.feuerwehr-brilon.de\/?p=31401"},"modified":"2023-08-02T20:20:59","modified_gmt":"2023-08-02T18:20:59","slug":"einsatz-802","status":"publish","type":"post","link":"https:\/\/www.feuerwehr-brilon.de\/?p=31401","title":{"rendered":"+++ Einsatz +++"},"content":{"rendered":"<p>02.08. 09:13Uhr, Brandeinsatz, F5, Marsberg, Weist, Kellerbrand (DLK \u00fcber\u00f6rtlich)<\/p>\n","protected":false},"excerpt":{"rendered":"<p>02.08. 09:13Uhr, Brandeinsatz, F5, Marsberg, Weist, Kellerbrand (DLK \u00fcber\u00f6rtlich)<\/p>\n","protected":false},"author":8,"featured_media":30860,"comment_status":"closed","ping_status":"closed","sticky":false,"template":"","format":"standard","meta":{"_exactmetrics_skip_tracking":false,"_exactmetrics_sitenote_active":false,"_exactmetrics_sitenote_note":"","_exactmetrics_sitenote_category":0,"jetpack_post_was_ever_published":false,"_jetpack_newsletter_access":"","_jetpack_dont_email_post_to_subs":false,"_jetpack_newsletter_tier_id":0,"_jetpack_memberships_contains_paywalled_content":false,"_jetpack_memberships_contains_paid_content":false,"footnotes":""},"categories":[102],"tags":[],"class_list":["post-31401","post","type-post","status-publish","format-standard","has-post-thumbnail","hentry","category-alarmierungen"],"jetpack_featured_media_url":"https:\/\/www.feuerwehr-brilon.de\/wp-up\/2023\/03\/sym_DLK.jpg","jetpack_shortlink":"https:\/\/wp.me\/pCIJa-8at","jetpack_sharing_enabled":true,"jetpack-related-posts":[{"id":31778,"url":"https:\/\/www.feuerwehr-brilon.de\/?p=31778","url_meta":{"origin":31401,"position":0},"title":"+++ Einsatz +++","author":"Andreas Becker","date":"6. Dezember 2023","format":false,"excerpt":"06.12. 03:22Uhr, Brandeinsatz, F4 (DLK \u00fcber\u00f6rtlich), Marsberg, Talblick, brennt Garage","rel":"","context":"In &quot;Alarmierungen&quot;","block_context":{"text":"Alarmierungen","link":"https:\/\/www.feuerwehr-brilon.de\/?cat=102"},"img":{"alt_text":"","src":"https:\/\/i0.wp.com\/www.feuerwehr-brilon.de\/wp-up\/2023\/12\/231206_MAB_DLK-01_FB_.jpg?resize=350%2C200&ssl=1","width":350,"height":200,"srcset":"https:\/\/i0.wp.com\/www.feuerwehr-brilon.de\/wp-up\/2023\/12\/231206_MAB_DLK-01_FB_.jpg?resize=350%2C200&ssl=1 1x, https:\/\/i0.wp.com\/www.feuerwehr-brilon.de\/wp-up\/2023\/12\/231206_MAB_DLK-01_FB_.jpg?resize=525%2C300&ssl=1 1.5x, https:\/\/i0.wp.com\/www.feuerwehr-brilon.de\/wp-up\/2023\/12\/231206_MAB_DLK-01_FB_.jpg?resize=700%2C400&ssl=1 2x"},"classes":[]},{"id":34193,"url":"https:\/\/www.feuerwehr-brilon.de\/?p=34193","url_meta":{"origin":31401,"position":1},"title":"+++ Einsatz +++","author":"Andreas Becker","date":"31. Dezember 2025","format":false,"excerpt":"30.12. 21:33Uhr, Brandeinsatz, F4, Olsberg, Sachsenecke, DLK (\u00fcber\u00f6rtlich)","rel":"","context":"In &quot;Alarmierungen&quot;","block_context":{"text":"Alarmierungen","link":"https:\/\/www.feuerwehr-brilon.de\/?cat=102"},"img":{"alt_text":"","src":"","width":0,"height":0},"classes":[]},{"id":31201,"url":"https:\/\/www.feuerwehr-brilon.de\/?p=31201","url_meta":{"origin":31401,"position":2},"title":"+++ Einsatz +++","author":"Andreas Becker","date":"21. Mai 2023","format":false,"excerpt":"20.05. 19:49Uhr, Brandeinsatz, F3 BMA, Marsberg, Bredelarer Str., autom. BMA (\u00fcber\u00f6rtlich)","rel":"","context":"In &quot;Alarmierungen&quot;","block_context":{"text":"Alarmierungen","link":"https:\/\/www.feuerwehr-brilon.de\/?cat=102"},"img":{"alt_text":"","src":"https:\/\/i0.wp.com\/www.feuerwehr-brilon.de\/wp-up\/2020\/07\/FIZ.jpg?resize=350%2C200&ssl=1","width":350,"height":200,"srcset":"https:\/\/i0.wp.com\/www.feuerwehr-brilon.de\/wp-up\/2020\/07\/FIZ.jpg?resize=350%2C200&ssl=1 1x, https:\/\/i0.wp.com\/www.feuerwehr-brilon.de\/wp-up\/2020\/07\/FIZ.jpg?resize=525%2C300&ssl=1 1.5x, https:\/\/i0.wp.com\/www.feuerwehr-brilon.de\/wp-up\/2020\/07\/FIZ.jpg?resize=700%2C400&ssl=1 2x"},"classes":[]},{"id":31485,"url":"https:\/\/www.feuerwehr-brilon.de\/?p=31485","url_meta":{"origin":31401,"position":3},"title":"+++ Einsatz +++","author":"Andreas Becker","date":"30. August 2023","format":false,"excerpt":"30.08. 08:44Uhr, Brandeinsatz, F3 BMA, Bigge, Hauptstra\u00dfe, autom. BMA (DLK \u00fcber\u00f6rtlich)","rel":"","context":"In &quot;Alarmierungen&quot;","block_context":{"text":"Alarmierungen","link":"https:\/\/www.feuerwehr-brilon.de\/?cat=102"},"img":{"alt_text":"","src":"https:\/\/i0.wp.com\/www.feuerwehr-brilon.de\/wp-up\/2023\/03\/sym_DLK.jpg?resize=350%2C200&ssl=1","width":350,"height":200,"srcset":"https:\/\/i0.wp.com\/www.feuerwehr-brilon.de\/wp-up\/2023\/03\/sym_DLK.jpg?resize=350%2C200&ssl=1 1x, https:\/\/i0.wp.com\/www.feuerwehr-brilon.de\/wp-up\/2023\/03\/sym_DLK.jpg?resize=525%2C300&ssl=1 1.5x, https:\/\/i0.wp.com\/www.feuerwehr-brilon.de\/wp-up\/2023\/03\/sym_DLK.jpg?resize=700%2C400&ssl=1 2x"},"classes":[]},{"id":14963,"url":"https:\/\/www.feuerwehr-brilon.de\/?p=14963","url_meta":{"origin":31401,"position":4},"title":"30.06. 18:58Uhr, Brandeinsatz, Kleinbrand, Bigge,\u2026","author":"Andreas Becker","date":"1. Juli 2017","format":false,"excerpt":"30.06. 18:58Uhr, Brandeinsatz, Kleinbrand, Bigge, Buchenweg, DLK \u00fcber\u00f6rtlich","rel":"","context":"In &quot;Alarmierungen&quot;","block_context":{"text":"Alarmierungen","link":"https:\/\/www.feuerwehr-brilon.de\/?cat=102"},"img":{"alt_text":"","src":"","width":0,"height":0},"classes":[]},{"id":15038,"url":"https:\/\/www.feuerwehr-brilon.de\/?p=15038","url_meta":{"origin":31401,"position":5},"title":"10.07. 14:31Uhr, Brandeinsatz, Mittelbrand, Olsberg,\u2026","author":"Andreas Becker","date":"11. Juli 2017","format":false,"excerpt":"10.07. 14:31Uhr, Brandeinsatz, Mittelbrand, Olsberg, H\u00fcttenstra\u00dfe, DLK \u00fcber\u00f6rtlich","rel":"","context":"In &quot;Alarmierungen&quot;","block_context":{"text":"Alarmierungen","link":"https:\/\/www.feuerwehr-brilon.de\/?cat=102"},"img":{"alt_text":"","src":"","width":0,"height":0},"classes":[]}],"_links":{"self":[{"href":"https:\/\/www.feuerwehr-brilon.de\/index.php?rest_route=\/wp\/v2\/posts\/31401","targetHints":{"allow":["GET"]}}],"collection":[{"href":"https:\/\/www.feuerwehr-brilon.de\/index.php?rest_route=\/wp\/v2\/posts"}],"about":[{"href":"https:\/\/www.feuerwehr-brilon.de\/index.php?rest_route=\/wp\/v2\/types\/post"}],"author":[{"embeddable":true,"href":"https:\/\/www.feuerwehr-brilon.de\/index.php?rest_route=\/wp\/v2\/users\/8"}],"replies":[{"embeddable":true,"href":"https:\/\/www.feuerwehr-brilon.de\/index.php?rest_route=%2Fwp%2Fv2%2Fcomments&post=31401"}],"version-history":[{"count":1,"href":"https:\/\/www.feuerwehr-brilon.de\/index.php?rest_route=\/wp\/v2\/posts\/31401\/revisions"}],"predecessor-version":[{"id":31402,"href":"https:\/\/www.feuerwehr-brilon.de\/index.php?rest_route=\/wp\/v2\/posts\/31401\/revisions\/31402"}],"wp:featuredmedia":[{"embeddable":true,"href":"https:\/\/www.feuerwehr-brilon.de\/index.php?rest_route=\/wp\/v2\/media\/30860"}],"wp:attachment":[{"href":"https:\/\/www.feuerwehr-brilon.de\/index.php?rest_route=%2Fwp%2Fv2%2Fmedia&parent=31401"}],"wp:term":[{"taxonomy":"category","embeddable":true,"href":"https:\/\/www.feuerwehr-brilon.de\/index.php?rest_route=%2Fwp%2Fv2%2Fcategories&post=31401"},{"taxonomy":"post_tag","embeddable":true,"href":"https:\/\/www.feuerwehr-brilon.de\/index.php?rest_route=%2Fwp%2Fv2%2Ftags&post=31401"}],"curies":[{"name":"wp","href":"https:\/\/api.w.org\/{rel}","templated":true}]}}