{"id":31417,"date":"2023-08-12T14:03:32","date_gmt":"2023-08-12T12:03:32","guid":{"rendered":"https:\/\/www.feuerwehr-brilon.de\/?p=31417"},"modified":"2023-08-12T14:03:32","modified_gmt":"2023-08-12T12:03:32","slug":"einsatz-807","status":"publish","type":"post","link":"https:\/\/www.feuerwehr-brilon.de\/?p=31417","title":{"rendered":"+++ Einsatz +++"},"content":{"rendered":"<p>11.08. 16:46Uhr, Hilfeleistung, H0 Unfall, W\u00fclfte, M\u00f6hnestra\u00dfe, Verkehrsunfall<\/p>\n","protected":false},"excerpt":{"rendered":"<p>11.08. 16:46Uhr, Hilfeleistung, H0 Unfall, W\u00fclfte, M\u00f6hnestra\u00dfe, Verkehrsunfall<\/p>\n","protected":false},"author":8,"featured_media":30506,"comment_status":"closed","ping_status":"closed","sticky":false,"template":"","format":"standard","meta":{"_exactmetrics_skip_tracking":false,"_exactmetrics_sitenote_active":false,"_exactmetrics_sitenote_note":"","_exactmetrics_sitenote_category":0,"jetpack_post_was_ever_published":false,"_jetpack_newsletter_access":"","_jetpack_dont_email_post_to_subs":false,"_jetpack_newsletter_tier_id":0,"_jetpack_memberships_contains_paywalled_content":false,"_jetpack_memberships_contains_paid_content":false,"footnotes":""},"categories":[102],"tags":[],"class_list":["post-31417","post","type-post","status-publish","format-standard","has-post-thumbnail","hentry","category-alarmierungen"],"jetpack_featured_media_url":"https:\/\/www.feuerwehr-brilon.de\/wp-up\/2022\/12\/42352cc9-1c78-4276-b449-72b12b378cd6.jpg","jetpack_shortlink":"https:\/\/wp.me\/pCIJa-8aJ","jetpack_sharing_enabled":true,"jetpack-related-posts":[{"id":32725,"url":"https:\/\/www.feuerwehr-brilon.de\/?p=32725","url_meta":{"origin":31417,"position":0},"title":"+++ Einsatz +++","author":"Andreas Becker","date":"3. September 2024","format":false,"excerpt":"31.08. 22:46Uhr, Hilfeleistung, H0 Unfall, W\u00fclfte, Am Kapellenstein, Verkehrsunfall","rel":"","context":"In &quot;Alarmierungen&quot;","block_context":{"text":"Alarmierungen","link":"https:\/\/www.feuerwehr-brilon.de\/?cat=102"},"img":{"alt_text":"","src":"https:\/\/i0.wp.com\/www.feuerwehr-brilon.de\/wp-up\/2023\/03\/sym_sign.jpg?resize=350%2C200&ssl=1","width":350,"height":200,"srcset":"https:\/\/i0.wp.com\/www.feuerwehr-brilon.de\/wp-up\/2023\/03\/sym_sign.jpg?resize=350%2C200&ssl=1 1x, https:\/\/i0.wp.com\/www.feuerwehr-brilon.de\/wp-up\/2023\/03\/sym_sign.jpg?resize=525%2C300&ssl=1 1.5x, https:\/\/i0.wp.com\/www.feuerwehr-brilon.de\/wp-up\/2023\/03\/sym_sign.jpg?resize=700%2C400&ssl=1 2x"},"classes":[]},{"id":30296,"url":"https:\/\/www.feuerwehr-brilon.de\/?p=30296","url_meta":{"origin":31417,"position":1},"title":"+++ Einsatz +++","author":"Andreas Becker","date":"29. Oktober 2022","format":false,"excerpt":"28.10. 16:19Uhr, Hilfeleistung, H0 Unfall, Brilon, M\u00f6hnestra\u00dfe, Verkehrsunfall","rel":"","context":"In &quot;Alarmierungen&quot;","block_context":{"text":"Alarmierungen","link":"https:\/\/www.feuerwehr-brilon.de\/?cat=102"},"img":{"alt_text":"","src":"https:\/\/i0.wp.com\/www.feuerwehr-brilon.de\/wp-up\/2022\/08\/ticker.jpg?resize=350%2C200&ssl=1","width":350,"height":200,"srcset":"https:\/\/i0.wp.com\/www.feuerwehr-brilon.de\/wp-up\/2022\/08\/ticker.jpg?resize=350%2C200&ssl=1 1x, https:\/\/i0.wp.com\/www.feuerwehr-brilon.de\/wp-up\/2022\/08\/ticker.jpg?resize=525%2C300&ssl=1 1.5x"},"classes":[]},{"id":22855,"url":"https:\/\/www.feuerwehr-brilon.de\/?p=22855","url_meta":{"origin":31417,"position":2},"title":"+++ Einsatz +++","author":"Andreas Becker","date":"11. Oktober 2020","format":false,"excerpt":"10.10. 14:46Uhr, Hilfeleistung, H0 Unfall, Alme, L637 -> B\u00fcren, Verkehrsunfall","rel":"","context":"In &quot;Alarmierungen&quot;","block_context":{"text":"Alarmierungen","link":"https:\/\/www.feuerwehr-brilon.de\/?cat=102"},"img":{"alt_text":"","src":"https:\/\/i0.wp.com\/www.feuerwehr-brilon.de\/wp-up\/2020\/10\/201010_VU_Alme_-1.jpeg?resize=350%2C200&ssl=1","width":350,"height":200,"srcset":"https:\/\/i0.wp.com\/www.feuerwehr-brilon.de\/wp-up\/2020\/10\/201010_VU_Alme_-1.jpeg?resize=350%2C200&ssl=1 1x, https:\/\/i0.wp.com\/www.feuerwehr-brilon.de\/wp-up\/2020\/10\/201010_VU_Alme_-1.jpeg?resize=525%2C300&ssl=1 1.5x, https:\/\/i0.wp.com\/www.feuerwehr-brilon.de\/wp-up\/2020\/10\/201010_VU_Alme_-1.jpeg?resize=700%2C400&ssl=1 2x"},"classes":[]},{"id":22688,"url":"https:\/\/www.feuerwehr-brilon.de\/?p=22688","url_meta":{"origin":31417,"position":3},"title":"+++ Einsatz +++","author":"Andreas Becker","date":"27. August 2020","format":false,"excerpt":"27.08. 09:36Uhr, Hilfeleistung, H0 Unfall, Brilon, M\u00f6hnestra\u00dfe, Verkehrsunfall","rel":"","context":"In &quot;Alarmierungen&quot;","block_context":{"text":"Alarmierungen","link":"https:\/\/www.feuerwehr-brilon.de\/?cat=102"},"img":{"alt_text":"","src":"https:\/\/i0.wp.com\/www.feuerwehr-brilon.de\/wp-up\/2020\/08\/200827_VU_Moehnestr.jpg?resize=350%2C200&ssl=1","width":350,"height":200,"srcset":"https:\/\/i0.wp.com\/www.feuerwehr-brilon.de\/wp-up\/2020\/08\/200827_VU_Moehnestr.jpg?resize=350%2C200&ssl=1 1x, https:\/\/i0.wp.com\/www.feuerwehr-brilon.de\/wp-up\/2020\/08\/200827_VU_Moehnestr.jpg?resize=525%2C300&ssl=1 1.5x, https:\/\/i0.wp.com\/www.feuerwehr-brilon.de\/wp-up\/2020\/08\/200827_VU_Moehnestr.jpg?resize=700%2C400&ssl=1 2x"},"classes":[]},{"id":16805,"url":"https:\/\/www.feuerwehr-brilon.de\/?p=16805","url_meta":{"origin":31417,"position":4},"title":"08.02. 18:46Uhr, Hilfeleistung, H0 Unfall,\u2026","author":"Andreas Becker","date":"8. Februar 2019","format":false,"excerpt":"08.02. 18:46Uhr, Hilfeleistung, H0 Unfall, Altenb\u00fcren, H\u00fcttenstr., Verkehrsunfall","rel":"","context":"In &quot;Alarmierungen&quot;","block_context":{"text":"Alarmierungen","link":"https:\/\/www.feuerwehr-brilon.de\/?cat=102"},"img":{"alt_text":"","src":"","width":0,"height":0},"classes":[]},{"id":32329,"url":"https:\/\/www.feuerwehr-brilon.de\/?p=32329","url_meta":{"origin":31417,"position":5},"title":"+++ Einsatz +++","author":"Andreas Becker","date":"28. April 2024","format":false,"excerpt":"28.04. 19:46Uhr, Hilfeleistung, H0 \u00d6lspur, Brilon, M\u00f6hnestra\u00dfe, \u00d6lspur","rel":"","context":"In &quot;Alarmierungen&quot;","block_context":{"text":"Alarmierungen","link":"https:\/\/www.feuerwehr-brilon.de\/?cat=102"},"img":{"alt_text":"","src":"https:\/\/i0.wp.com\/www.feuerwehr-brilon.de\/wp-up\/2022\/10\/sym_Oelspur_.jpg?resize=350%2C200&ssl=1","width":350,"height":200,"srcset":"https:\/\/i0.wp.com\/www.feuerwehr-brilon.de\/wp-up\/2022\/10\/sym_Oelspur_.jpg?resize=350%2C200&ssl=1 1x, https:\/\/i0.wp.com\/www.feuerwehr-brilon.de\/wp-up\/2022\/10\/sym_Oelspur_.jpg?resize=525%2C300&ssl=1 1.5x, https:\/\/i0.wp.com\/www.feuerwehr-brilon.de\/wp-up\/2022\/10\/sym_Oelspur_.jpg?resize=700%2C400&ssl=1 2x"},"classes":[]}],"_links":{"self":[{"href":"https:\/\/www.feuerwehr-brilon.de\/index.php?rest_route=\/wp\/v2\/posts\/31417","targetHints":{"allow":["GET"]}}],"collection":[{"href":"https:\/\/www.feuerwehr-brilon.de\/index.php?rest_route=\/wp\/v2\/posts"}],"about":[{"href":"https:\/\/www.feuerwehr-brilon.de\/index.php?rest_route=\/wp\/v2\/types\/post"}],"author":[{"embeddable":true,"href":"https:\/\/www.feuerwehr-brilon.de\/index.php?rest_route=\/wp\/v2\/users\/8"}],"replies":[{"embeddable":true,"href":"https:\/\/www.feuerwehr-brilon.de\/index.php?rest_route=%2Fwp%2Fv2%2Fcomments&post=31417"}],"version-history":[{"count":0,"href":"https:\/\/www.feuerwehr-brilon.de\/index.php?rest_route=\/wp\/v2\/posts\/31417\/revisions"}],"wp:featuredmedia":[{"embeddable":true,"href":"https:\/\/www.feuerwehr-brilon.de\/index.php?rest_route=\/wp\/v2\/media\/30506"}],"wp:attachment":[{"href":"https:\/\/www.feuerwehr-brilon.de\/index.php?rest_route=%2Fwp%2Fv2%2Fmedia&parent=31417"}],"wp:term":[{"taxonomy":"category","embeddable":true,"href":"https:\/\/www.feuerwehr-brilon.de\/index.php?rest_route=%2Fwp%2Fv2%2Fcategories&post=31417"},{"taxonomy":"post_tag","embeddable":true,"href":"https:\/\/www.feuerwehr-brilon.de\/index.php?rest_route=%2Fwp%2Fv2%2Ftags&post=31417"}],"curies":[{"name":"wp","href":"https:\/\/api.w.org\/{rel}","templated":true}]}}