{"id":31458,"date":"2023-08-19T19:43:20","date_gmt":"2023-08-19T17:43:20","guid":{"rendered":"https:\/\/www.feuerwehr-brilon.de\/?p=31458"},"modified":"2023-08-19T19:43:20","modified_gmt":"2023-08-19T17:43:20","slug":"dachstuhlbrand-nach-blitzeinschlag","status":"publish","type":"post","link":"https:\/\/www.feuerwehr-brilon.de\/?p=31458","title":{"rendered":"Dachstuhlbrand nach Blitzeinschlag"},"content":{"rendered":"<p><a href=\"https:\/\/www.feuerwehr-brilon.de\/?p=31458\"><img loading=\"lazy\" decoding=\"async\" src=\"https:\/\/www.feuerwehr-brilon.de\/wp-up\/2023\/08\/IMG_2233_tw-150x78.jpg\" alt=\"\" width=\"150\" height=\"78\" class=\"alignleft size-thumbnail wp-image-31460\" srcset=\"https:\/\/www.feuerwehr-brilon.de\/wp-up\/2023\/08\/IMG_2233_tw-150x78.jpg 150w, https:\/\/www.feuerwehr-brilon.de\/wp-up\/2023\/08\/IMG_2233_tw-500x261.jpg 500w, https:\/\/www.feuerwehr-brilon.de\/wp-up\/2023\/08\/IMG_2233_tw-1024x535.jpg 1024w, https:\/\/www.feuerwehr-brilon.de\/wp-up\/2023\/08\/IMG_2233_tw.jpg 1200w\" sizes=\"auto, (max-width: 150px) 100vw, 150px\" \/><\/a><a title=\"R\u00f6senbeck\" href=\"http:\/\/www.feuerwehr-brilon.de\/?page_id=21\" target=\"_blank\" rel=\"noopener\">R\u00f6senbeck. <\/a>Nach einem kurzen Gewitter kam es am Samstagabend (19.8.) im Ortsteil R\u00f6senbeck zu einem beginnenden Dachstuhlbrand. Gegen 17.23 Uhr wurden die Einheiten aus R\u00f6senbeck, Th\u00fclen, Madfeld und Brilon alarmiert.<!--more--><\/p>\n<p>Durch den Blitzeinschlag in den Kamin und der damit einhergehenden Rauchentwicklung wurde das Obergeschoss stark verraucht. Dank des beherzten Eingreifens eines Bewohners konnte das Feuer mittels Feuerl\u00f6scher noch vor Eintreffen der Feuerwehr nahezu gel\u00f6scht werden.<\/p>\n<p>Durch die Einsatzkr\u00e4fte, die unter schwerem Atemschutz in das Geb\u00e4ude vorgingen, wurde die Brandstelle mit Hilfe der W\u00e4rmebildkamera kontrolliert. \u00dcber die Drehleiter wurde der Kamin von au\u00dfen auf Glutnester gepr\u00fcft.<\/p>\n<p>Nach Abschluss der Bel\u00fcftungsma\u00dfnahmen konnten die Feuerwehrfrauen und -m\u00e4nner die Einsatzstelle nach einer guten Stunde wieder verlassen.<\/p>\n<p style=\"border-color: #696969; border-width: 2px; border-style: solid; padding: 4px;\"><strong>Eingesetzte Einheiten:<\/strong><br \/>\n<a href=\"http:\/\/www.feuerwehr-brilon.de\/?page_id=21\"><img loading=\"lazy\" decoding=\"async\" class=\"alignnone\" title=\"lg r\u00f6senbeck\" src=\"http:\/\/www.feuerwehr-brilon.de\/images\/einsatz_details\/lg_roesenbeck.jpg\" alt=\"\" width=\"110\" height=\"31\" \/><\/a><a href=\"http:\/\/www.feuerwehr-brilon.de\/?page_id=30\"><img loading=\"lazy\" decoding=\"async\" class=\"alignnone\" title=\"lg th\u00fclen\" src=\"http:\/\/www.feuerwehr-brilon.de\/images\/einsatz_details\/lg_thuelen.jpg\" alt=\"\" width=\"110\" height=\"31\" \/><\/a><a href=\"http:\/\/www.feuerwehr-brilon.de\/?page_id=50\"><img loading=\"lazy\" decoding=\"async\" class=\"alignnone\" title=\"lg madfeld\" src=\"http:\/\/www.feuerwehr-brilon.de\/images\/einsatz_details\/lg_madfeld.jpg\" alt=\"\" width=\"110\" height=\"31\" \/><\/a><a href=\"http:\/\/www.feuerwehr-brilon.de\/?page_id=7\"><img loading=\"lazy\" decoding=\"async\" class=\"alignnone\" title=\"lz brilon\" src=\"http:\/\/www.feuerwehr-brilon.de\/images\/einsatz_details\/lz_brilon.jpg\" alt=\"\" width=\"110\" height=\"31\" \/><\/a><\/p>\n<p style=\"border-color: #696969; border-width: 2px; border-style: solid; padding: 4px;\"><strong>Eingesetzte Fahrzeuge:<\/strong><br \/>\n<a href=\"http:\/\/www.feuerwehr-brilon.de\/?page_id=7437\"><img loading=\"lazy\" decoding=\"async\" class=\"alignnone\" title=\"TSF\" src=\"http:\/\/www.feuerwehr-brilon.de\/images\/einsatz_details\/054706.jpg\" alt=\"\" width=\"110\" height=\"31\" \/><\/a><a href=\"http:\/\/www.feuerwehr-brilon.de\/?page_id=817\"><img loading=\"lazy\" decoding=\"async\" class=\"alignnone\" title=\"StLF10\/6\" src=\"http:\/\/www.feuerwehr-brilon.de\/images\/einsatz_details\/054804.jpg\" alt=\"\" width=\"110\" height=\"31\" \/><\/a><a href=\"http:\/\/www.feuerwehr-brilon.de\/?page_id=1335\"><img loading=\"lazy\" decoding=\"async\" class=\"alignnone\" title=\"LF8\" src=\"http:\/\/www.feuerwehr-brilon.de\/images\/einsatz_details\/054201.jpg\" alt=\"\" width=\"110\" height=\"31\" \/><\/a><a href=\"http:\/\/www.feuerwehr-brilon.de\/?page_id=749\"><img loading=\"lazy\" decoding=\"async\" class=\"alignnone\" src=\"http:\/\/www.feuerwehr-brilon.de\/images\/einsatz_details\/051101.jpg\" alt=\"\" width=\"110\" height=\"31\" \/><\/a><a href=\"http:\/\/www.feuerwehr-brilon.de\/?page_id=8508\"><img loading=\"lazy\" decoding=\"async\" class=\"alignnone\" src=\"http:\/\/www.feuerwehr-brilon.de\/images\/einsatz_details\/052401.jpg\" alt=\"\" width=\"110\" height=\"31\" \/><\/a><a href=\"http:\/\/www.feuerwehr-brilon.de\/?page_id=803\"><img loading=\"lazy\" decoding=\"async\" class=\"alignnone\" src=\"http:\/\/www.feuerwehr-brilon.de\/images\/einsatz_details\/053301.jpg\" alt=\"\" width=\"110\" height=\"31\" \/><\/a><a href=\"http:\/\/www.feuerwehr-brilon.de\/?page_id=23597\"><img loading=\"lazy\" decoding=\"async\" class=\"alignnone\" src=\"http:\/\/www.feuerwehr-brilon.de\/images\/einsatz_details\/054401.jpg\" alt=\"\" width=\"110\" height=\"31\" \/><\/a><\/p>\n<p><strong>Bilder:<\/strong><br \/>\n<a rel=\"lightbox\" href=\"https:\/\/www.feuerwehr-brilon.de\/wp-up\/2023\/08\/IMG_2233_tw.jpg\"><img loading=\"lazy\" decoding=\"async\" src=\"https:\/\/www.feuerwehr-brilon.de\/wp-up\/2023\/08\/IMG_2233_tw-150x78.jpg\" alt=\"\" width=\"150\" height=\"78\" class=\"alignnone size-thumbnail wp-image-31460\" srcset=\"https:\/\/www.feuerwehr-brilon.de\/wp-up\/2023\/08\/IMG_2233_tw-150x78.jpg 150w, https:\/\/www.feuerwehr-brilon.de\/wp-up\/2023\/08\/IMG_2233_tw-500x261.jpg 500w, https:\/\/www.feuerwehr-brilon.de\/wp-up\/2023\/08\/IMG_2233_tw-1024x535.jpg 1024w, https:\/\/www.feuerwehr-brilon.de\/wp-up\/2023\/08\/IMG_2233_tw.jpg 1200w\" sizes=\"auto, (max-width: 150px) 100vw, 150px\" \/><\/a><a rel=\"lightbox\" href=\"https:\/\/www.feuerwehr-brilon.de\/wp-up\/2023\/08\/IMG_2245_tw.jpg\"><img loading=\"lazy\" decoding=\"async\" src=\"https:\/\/www.feuerwehr-brilon.de\/wp-up\/2023\/08\/IMG_2245_tw-150x78.jpg\" alt=\"\" width=\"150\" height=\"78\" class=\"alignnone size-thumbnail wp-image-31462\" srcset=\"https:\/\/www.feuerwehr-brilon.de\/wp-up\/2023\/08\/IMG_2245_tw-150x78.jpg 150w, https:\/\/www.feuerwehr-brilon.de\/wp-up\/2023\/08\/IMG_2245_tw-500x261.jpg 500w, https:\/\/www.feuerwehr-brilon.de\/wp-up\/2023\/08\/IMG_2245_tw-1024x535.jpg 1024w, https:\/\/www.feuerwehr-brilon.de\/wp-up\/2023\/08\/IMG_2245_tw.jpg 1200w\" sizes=\"auto, (max-width: 150px) 100vw, 150px\" \/><\/a><a rel=\"lightbox\" href=\"https:\/\/www.feuerwehr-brilon.de\/wp-up\/2023\/08\/IMG_2241_tw.jpg\"><img loading=\"lazy\" decoding=\"async\" src=\"https:\/\/www.feuerwehr-brilon.de\/wp-up\/2023\/08\/IMG_2241_tw-150x78.jpg\" alt=\"\" width=\"150\" height=\"78\" class=\"alignnone size-thumbnail wp-image-31461\" srcset=\"https:\/\/www.feuerwehr-brilon.de\/wp-up\/2023\/08\/IMG_2241_tw-150x78.jpg 150w, https:\/\/www.feuerwehr-brilon.de\/wp-up\/2023\/08\/IMG_2241_tw-500x261.jpg 500w, https:\/\/www.feuerwehr-brilon.de\/wp-up\/2023\/08\/IMG_2241_tw-1024x535.jpg 1024w, https:\/\/www.feuerwehr-brilon.de\/wp-up\/2023\/08\/IMG_2241_tw.jpg 1200w\" sizes=\"auto, (max-width: 150px) 100vw, 150px\" \/><\/a><\/p>\n","protected":false},"excerpt":{"rendered":"<p>R\u00f6senbeck. Nach einem kurzen Gewitter kam es am Samstagabend (19.8.) im Ortsteil R\u00f6senbeck zu einem beginnenden Dachstuhlbrand. Gegen 17.23 Uhr wurden die Einheiten aus R\u00f6senbeck, Th\u00fclen, Madfeld und Brilon alarmiert.<\/p>\n","protected":false},"author":8,"featured_media":31460,"comment_status":"closed","ping_status":"closed","sticky":false,"template":"","format":"standard","meta":{"_exactmetrics_skip_tracking":false,"_exactmetrics_sitenote_active":false,"_exactmetrics_sitenote_note":"","_exactmetrics_sitenote_category":0,"jetpack_post_was_ever_published":false,"_jetpack_newsletter_access":"","_jetpack_dont_email_post_to_subs":false,"_jetpack_newsletter_tier_id":0,"_jetpack_memberships_contains_paywalled_content":false,"_jetpack_memberships_contains_paid_content":false,"footnotes":""},"categories":[335],"tags":[197,44,52,239,56,178],"class_list":["post-31458","post","type-post","status-publish","format-standard","has-post-thumbnail","hentry","category-einsatze-2023","tag-brand","tag-dl-2312-gl","tag-elw","tag-hlf-20","tag-rosenbeck","tag-tlf-4000"],"jetpack_featured_media_url":"https:\/\/www.feuerwehr-brilon.de\/wp-up\/2023\/08\/IMG_2233_tw.jpg","jetpack_shortlink":"https:\/\/wp.me\/pCIJa-8bo","jetpack_sharing_enabled":true,"jetpack-related-posts":[{"id":2654,"url":"https:\/\/www.feuerwehr-brilon.de\/?p=2654","url_meta":{"origin":31458,"position":0},"title":"Zug\u00fcbung in Alme","author":"Marc Heines","date":"12. Mai 2010","format":false,"excerpt":"Am Freitagabend, den 07.05. wurde in Alme die allj\u00e4hrliche gemeinsame \u00dcbung der L\u00f6schgruppen Alme, Th\u00fclen, Nehden, Madfeld und R\u00f6senbeck durchgef\u00fchrt. Sie wurden dabei vom Einsatzleitwagen des L\u00f6schzuges Brilon unterst\u00fctzt. Die \u00dcbung hatte das Ziel zu trainieren, wie eine gr\u00f6\u00dfere Schadenslage gemeinsam bek\u00e4mpft werden kann und findet im Rotationsprinzip j\u00e4hrlich in\u2026","rel":"","context":"In &quot;Meldungen 2010&quot;","block_context":{"text":"Meldungen 2010","link":"https:\/\/www.feuerwehr-brilon.de\/?cat=34"},"img":{"alt_text":"","src":"https:\/\/i0.wp.com\/www.feuerwehr-brilon.de\/wp-up\/2010\/05\/zuguebung_alme2010_5-125x81.jpg?resize=350%2C200&ssl=1","width":350,"height":200},"classes":[]},{"id":11474,"url":"https:\/\/www.feuerwehr-brilon.de\/?p=11474","url_meta":{"origin":31458,"position":1},"title":"Kaminbrand in Th\u00fclen","author":"Marc Heines","date":"18. Januar 2015","format":false,"excerpt":"Th\u00fclen.Die\u00a0Feuerwehr\u00a0Brilon\u00a0hat\u00a0am\u00a0Samstag\u00a0Abend\u00a0einen\u00a0Kaminbrand\u00a0in\u00a0Th\u00fclen\u00a0gel\u00f6scht.\u00a0Die\u00a0Feuerwehr\u00a0wurde\u00a0gegen\u00a022.30\u00a0Uhr\u00a0zu einem Wohnhaus\u00a0an\u00a0der\u00a0Stra\u00dfe Zur\u00a0Heide\u00a0alarmiert.\u00a0Der\u00a0Brand\u00a0konnte\u00a0erst\u00a0nach\u00a0mehreren\u00a0Stunden\u00a0gemeinsam\u00a0mit\u00a0dem\u00a0Bezirkschornsteinfeger\u00a0vollst\u00e4ndig\u00a0gel\u00f6scht\u00a0werden.\u00a0Dazu\u00a0musste der\u00a0Kamin\u00a0unter\u00a0Einsatz\u00a0von\u00a0schwerem\u00a0Atemschutz\u00a0\u00fcber\u00a0die\u00a0Drehleiter\u00a0und\u00a0\u00fcber\u00a0das\u00a0Geb\u00e4udeinnere\u00a0umfangreich\u00a0gekehrt\u00a0werden.\u00a0Aufgrund\u00a0der\u00a0teilweise starken\u00a0Rauchentwicklung\u00a0wurde\u00a0das\u00a0Geb\u00e4ude\u00a0laufend\u00a0bel\u00fcftet.\u00a0Daneben\u00a0erfolgte\u00a0eine\u00a0Kontrolle\u00a0\u00fcber\u00a0die\u00a0W\u00e4rmebildkamera. Die\u00a0L\u00f6schgruppen\u00a0Th\u00fclen,\u00a0R\u00f6senbeck,\u00a0Nehden\u00a0sowie\u00a0der\u00a0L\u00f6schzug\u00a0Brilon\u00a0waren\u00a0mit 28 Einsatzkr\u00e4ften\u00a0\u00fcber\u00a03\u00a01\/2\u00a0Stunden\u00a0im\u00a0Einsatz.\u00a0Zur\u00a0Brandursache und\u00a0zur\u00a0Schadensh\u00f6he\u00a0liegen\u00a0der\u00a0Feuerwehr\u00a0keine\u00a0Angaben\u00a0vor. Bilder","rel":"","context":"In &quot;Eins\u00e4tze 2015&quot;","block_context":{"text":"Eins\u00e4tze 2015","link":"https:\/\/www.feuerwehr-brilon.de\/?cat=191"},"img":{"alt_text":"Kaminbrand Zur Heide 1i","src":"https:\/\/i0.wp.com\/www.feuerwehr-brilon.de\/wp-up\/2015\/01\/Kaminbrand-Zur-Heide-1i-150x112.jpg?resize=350%2C200","width":350,"height":200},"classes":[]},{"id":23583,"url":"https:\/\/www.feuerwehr-brilon.de\/?p=23583","url_meta":{"origin":31458,"position":2},"title":"Brand in der M\u00f6hnestra\u00dfe","author":"Marcus Bange","date":"29. Juni 2021","format":false,"excerpt":"Brilon. Die Feuerwehr Brilon hat am Montagabend (28.06.2021) durch schnelles Eingreifen einen Dachstuhlbrand verhindert. Vermutlich nach einem Blitzeinschlag war gegen 18.40 Uhr die Elektroinstallation im Dachboden eines Mehrfamilienhaueses an der M\u00f6hnestra\u00dfe in Brand geraten. Der Entstehungsbrand wurde mit der W\u00e4rmebildkamera lokalisiert und konnte schnell abgel\u00f6scht werden. Der gesamte Geb\u00e4udekomplex wurde\u2026","rel":"","context":"In &quot;Eins\u00e4tze 2021&quot;","block_context":{"text":"Eins\u00e4tze 2021","link":"https:\/\/www.feuerwehr-brilon.de\/?cat=265"},"img":{"alt_text":"","src":"https:\/\/i0.wp.com\/www.feuerwehr-brilon.de\/wp-up\/2021\/06\/Brand-Moehnestrasse-1.jpg?resize=350%2C200&ssl=1","width":350,"height":200,"srcset":"https:\/\/i0.wp.com\/www.feuerwehr-brilon.de\/wp-up\/2021\/06\/Brand-Moehnestrasse-1.jpg?resize=350%2C200&ssl=1 1x, https:\/\/i0.wp.com\/www.feuerwehr-brilon.de\/wp-up\/2021\/06\/Brand-Moehnestrasse-1.jpg?resize=525%2C300&ssl=1 1.5x, https:\/\/i0.wp.com\/www.feuerwehr-brilon.de\/wp-up\/2021\/06\/Brand-Moehnestrasse-1.jpg?resize=700%2C400&ssl=1 2x"},"classes":[]},{"id":15937,"url":"https:\/\/www.feuerwehr-brilon.de\/?p=15937","url_meta":{"origin":31458,"position":3},"title":"Gemeldeter Dachstuhlbrand geht glimpflich aus","author":"Andreas Becker","date":"7. Mai 2018","format":false,"excerpt":"Messinghausen. Die L\u00f6schgruppen aus Messinghausen, R\u00f6senbeck, Hoppecke und der L\u00f6schzug Brilon wurden am Montagmorgen (7.5.) zu einem Dachstuhlbrand in Messinghausen alarmiert. Gegen kurz vor 6 Uhr bemerkte der Hausbewohner, dass der Strom ausgefallen war. Kurze Zeit sp\u00e4ter h\u00f6rte er den Rauchmelder piepsen. Er ging nach oben um nachzuschauen und stellte\u2026","rel":"","context":"In &quot;Eins\u00e4tze 2018&quot;","block_context":{"text":"Eins\u00e4tze 2018","link":"https:\/\/www.feuerwehr-brilon.de\/?cat=208"},"img":{"alt_text":"","src":"https:\/\/i0.wp.com\/www.feuerwehr-brilon.de\/wp-up\/2018\/05\/IMG_8866.jpg?resize=350%2C200&ssl=1","width":350,"height":200,"srcset":"https:\/\/i0.wp.com\/www.feuerwehr-brilon.de\/wp-up\/2018\/05\/IMG_8866.jpg?resize=350%2C200&ssl=1 1x, https:\/\/i0.wp.com\/www.feuerwehr-brilon.de\/wp-up\/2018\/05\/IMG_8866.jpg?resize=525%2C300&ssl=1 1.5x, https:\/\/i0.wp.com\/www.feuerwehr-brilon.de\/wp-up\/2018\/05\/IMG_8866.jpg?resize=700%2C400&ssl=1 2x"},"classes":[]},{"id":31961,"url":"https:\/\/www.feuerwehr-brilon.de\/?p=31961","url_meta":{"origin":31458,"position":4},"title":"Brand einer Gartenh\u00fctte in R\u00f6senbeck","author":"Marcus Bange","date":"1. Januar 2024","format":false,"excerpt":"R\u00f6senbeck. Die Feuerwehr Brilon wurde am fr\u00fchen Neujahrsmorgen um 01:40 Uhr zum Brand einer Gartenh\u00fctte nach R\u00f6senbeck alarmiert. An der Laurentiusstra\u00dfe brannte eine H\u00fctte zwischen Wohnhaus und Garage in voller Ausdehnung. Die Bewohner hatten das Feuer selbst bemerkt und das Haus vor Eintreffen der Feuerwehr verlassen. Zwei Trupps gingen sofort\u2026","rel":"","context":"In &quot;Eins\u00e4tze 2024&quot;","block_context":{"text":"Eins\u00e4tze 2024","link":"https:\/\/www.feuerwehr-brilon.de\/?cat=360"},"img":{"alt_text":"","src":"https:\/\/i0.wp.com\/www.feuerwehr-brilon.de\/wp-up\/2024\/01\/Roesenbeck-1.jpg?resize=350%2C200&ssl=1","width":350,"height":200,"srcset":"https:\/\/i0.wp.com\/www.feuerwehr-brilon.de\/wp-up\/2024\/01\/Roesenbeck-1.jpg?resize=350%2C200&ssl=1 1x, https:\/\/i0.wp.com\/www.feuerwehr-brilon.de\/wp-up\/2024\/01\/Roesenbeck-1.jpg?resize=525%2C300&ssl=1 1.5x, https:\/\/i0.wp.com\/www.feuerwehr-brilon.de\/wp-up\/2024\/01\/Roesenbeck-1.jpg?resize=700%2C400&ssl=1 2x"},"classes":[]},{"id":10040,"url":"https:\/\/www.feuerwehr-brilon.de\/?p=10040","url_meta":{"origin":31458,"position":5},"title":"Generalversammlung der L\u00f6schgruppe R\u00f6senbeck","author":"Marc Heines","date":"6. April 2014","format":false,"excerpt":"R\u00f6senbeck. Die L\u00f6schgruppe R\u00f6senbeck f\u00fchrte ihre Jahreshauptversammlung durch. Dazu konnte L\u00f6schgruppenf\u00fchrer Markus Sprenger nach gemeinsamen Kirchgang alle aktiven Kameraden, die Ehrenabteilung und die Jugendfeuerwehr der L\u00f6schgruppe begr\u00fc\u00dfen. Weiter G\u00e4ste waren der 1. Beigeordnete der Stadt Brilon Reinhold Huxoll, Stellvertretender Wehrf\u00fchrer Wilfried G\u00f6bel, Vikar Florian L\u00fcbker, Ortsvorsteher Stefan Hoppe und Ratsmitglied\u2026","rel":"","context":"In &quot;Meldungen 2014&quot;","block_context":{"text":"Meldungen 2014","link":"https:\/\/www.feuerwehr-brilon.de\/?cat=183"},"img":{"alt_text":"IMG_0983_i","src":"https:\/\/i0.wp.com\/www.feuerwehr-brilon.de\/wp-up\/2014\/04\/IMG_0983_i-150x100.jpg?resize=350%2C200","width":350,"height":200},"classes":[]}],"_links":{"self":[{"href":"https:\/\/www.feuerwehr-brilon.de\/index.php?rest_route=\/wp\/v2\/posts\/31458","targetHints":{"allow":["GET"]}}],"collection":[{"href":"https:\/\/www.feuerwehr-brilon.de\/index.php?rest_route=\/wp\/v2\/posts"}],"about":[{"href":"https:\/\/www.feuerwehr-brilon.de\/index.php?rest_route=\/wp\/v2\/types\/post"}],"author":[{"embeddable":true,"href":"https:\/\/www.feuerwehr-brilon.de\/index.php?rest_route=\/wp\/v2\/users\/8"}],"replies":[{"embeddable":true,"href":"https:\/\/www.feuerwehr-brilon.de\/index.php?rest_route=%2Fwp%2Fv2%2Fcomments&post=31458"}],"version-history":[{"count":3,"href":"https:\/\/www.feuerwehr-brilon.de\/index.php?rest_route=\/wp\/v2\/posts\/31458\/revisions"}],"predecessor-version":[{"id":31464,"href":"https:\/\/www.feuerwehr-brilon.de\/index.php?rest_route=\/wp\/v2\/posts\/31458\/revisions\/31464"}],"wp:featuredmedia":[{"embeddable":true,"href":"https:\/\/www.feuerwehr-brilon.de\/index.php?rest_route=\/wp\/v2\/media\/31460"}],"wp:attachment":[{"href":"https:\/\/www.feuerwehr-brilon.de\/index.php?rest_route=%2Fwp%2Fv2%2Fmedia&parent=31458"}],"wp:term":[{"taxonomy":"category","embeddable":true,"href":"https:\/\/www.feuerwehr-brilon.de\/index.php?rest_route=%2Fwp%2Fv2%2Fcategories&post=31458"},{"taxonomy":"post_tag","embeddable":true,"href":"https:\/\/www.feuerwehr-brilon.de\/index.php?rest_route=%2Fwp%2Fv2%2Ftags&post=31458"}],"curies":[{"name":"wp","href":"https:\/\/api.w.org\/{rel}","templated":true}]}}