{"id":31469,"date":"2023-08-27T16:40:30","date_gmt":"2023-08-27T14:40:30","guid":{"rendered":"https:\/\/www.feuerwehr-brilon.de\/?p=31469"},"modified":"2023-08-27T16:40:30","modified_gmt":"2023-08-27T14:40:30","slug":"einsatz-812","status":"publish","type":"post","link":"https:\/\/www.feuerwehr-brilon.de\/?p=31469","title":{"rendered":"+++ Einsatz +++"},"content":{"rendered":"<p>26.08. 22:36Uhr, Brandeinsatz, F0, Brilon, Steinweg, brennt M\u00fcllcontainer<\/p>\n","protected":false},"excerpt":{"rendered":"<p>26.08. 22:36Uhr, Brandeinsatz, F0, Brilon, Steinweg, brennt M\u00fcllcontainer<\/p>\n","protected":false},"author":8,"featured_media":31470,"comment_status":"closed","ping_status":"closed","sticky":false,"template":"","format":"standard","meta":{"_exactmetrics_skip_tracking":false,"_exactmetrics_sitenote_active":false,"_exactmetrics_sitenote_note":"","_exactmetrics_sitenote_category":0,"jetpack_post_was_ever_published":false,"_jetpack_newsletter_access":"","_jetpack_dont_email_post_to_subs":false,"_jetpack_newsletter_tier_id":0,"_jetpack_memberships_contains_paywalled_content":false,"_jetpack_memberships_contains_paid_content":false,"footnotes":""},"categories":[102],"tags":[],"class_list":["post-31469","post","type-post","status-publish","format-standard","has-post-thumbnail","hentry","category-alarmierungen"],"jetpack_featured_media_url":"https:\/\/www.feuerwehr-brilon.de\/wp-up\/2023\/08\/image0-1_inst.jpeg","jetpack_shortlink":"https:\/\/wp.me\/pCIJa-8bz","jetpack_sharing_enabled":true,"jetpack-related-posts":[{"id":32049,"url":"https:\/\/www.feuerwehr-brilon.de\/?p=32049","url_meta":{"origin":31469,"position":0},"title":"+++ Einsatz +++","author":"Andreas Becker","date":"2. Februar 2024","format":false,"excerpt":"01.02. 16:05Uhr, Brandeinsatz, F1, Brilon, M\u00f6hnestra\u00dfe, brennt M\u00fcllcontainer","rel":"","context":"In &quot;Alarmierungen&quot;","block_context":{"text":"Alarmierungen","link":"https:\/\/www.feuerwehr-brilon.de\/?cat=102"},"img":{"alt_text":"","src":"https:\/\/i0.wp.com\/www.feuerwehr-brilon.de\/wp-up\/2024\/02\/240201_161601_Moehnestrasse_Container_FB.jpg?resize=350%2C200&ssl=1","width":350,"height":200,"srcset":"https:\/\/i0.wp.com\/www.feuerwehr-brilon.de\/wp-up\/2024\/02\/240201_161601_Moehnestrasse_Container_FB.jpg?resize=350%2C200&ssl=1 1x, https:\/\/i0.wp.com\/www.feuerwehr-brilon.de\/wp-up\/2024\/02\/240201_161601_Moehnestrasse_Container_FB.jpg?resize=525%2C300&ssl=1 1.5x, https:\/\/i0.wp.com\/www.feuerwehr-brilon.de\/wp-up\/2024\/02\/240201_161601_Moehnestrasse_Container_FB.jpg?resize=700%2C400&ssl=1 2x, https:\/\/i0.wp.com\/www.feuerwehr-brilon.de\/wp-up\/2024\/02\/240201_161601_Moehnestrasse_Container_FB.jpg?resize=1050%2C600&ssl=1 3x"},"classes":[]},{"id":34214,"url":"https:\/\/www.feuerwehr-brilon.de\/?p=34214","url_meta":{"origin":31469,"position":1},"title":"+++ Einsatz +++","author":"Erwin Mungenast","date":"3. Januar 2026","format":false,"excerpt":"31.12. 19:18Uhr, Brandeinsatz, F1, Brilon, Altenbriloner Str., brennt M\u00fcllcontainer","rel":"","context":"In &quot;Alarmierungen&quot;","block_context":{"text":"Alarmierungen","link":"https:\/\/www.feuerwehr-brilon.de\/?cat=102"},"img":{"alt_text":"","src":"","width":0,"height":0},"classes":[]},{"id":32686,"url":"https:\/\/www.feuerwehr-brilon.de\/?p=32686","url_meta":{"origin":31469,"position":2},"title":"+++ Einsatz +++","author":"Andreas Becker","date":"20. August 2024","format":false,"excerpt":"17.08. 19:15Uhr, Brandeinsatz, F0, Brilon, Steinweg, Brandnachschau","rel":"","context":"In &quot;Alarmierungen&quot;","block_context":{"text":"Alarmierungen","link":"https:\/\/www.feuerwehr-brilon.de\/?cat=102"},"img":{"alt_text":"","src":"","width":0,"height":0},"classes":[]},{"id":33319,"url":"https:\/\/www.feuerwehr-brilon.de\/?p=33319","url_meta":{"origin":31469,"position":3},"title":"+++ Einsatz +++","author":"Andreas Becker","date":"30. M\u00e4rz 2025","format":false,"excerpt":"29.03. 22:31Uhr, Brandeinsatz, F0, Brilon, Bahnhofstra\u00dfe, brennt Abfallkorb","rel":"","context":"In &quot;Alarmierungen&quot;","block_context":{"text":"Alarmierungen","link":"https:\/\/www.feuerwehr-brilon.de\/?cat=102"},"img":{"alt_text":"","src":"","width":0,"height":0},"classes":[]},{"id":22469,"url":"https:\/\/www.feuerwehr-brilon.de\/?p=22469","url_meta":{"origin":31469,"position":4},"title":"+++ Einsatz +++","author":"Andreas Becker","date":"23. April 2020","format":false,"excerpt":"22.04. 22:22Uhr, Brandeinsatz, F0, Brilon, Rixener Str. - Aam\u00fchlen, brennt Gestr\u00fcpp","rel":"","context":"In &quot;Alarmierungen&quot;","block_context":{"text":"Alarmierungen","link":"https:\/\/www.feuerwehr-brilon.de\/?cat=102"},"img":{"alt_text":"","src":"","width":0,"height":0},"classes":[]},{"id":34496,"url":"https:\/\/www.feuerwehr-brilon.de\/?p=34496","url_meta":{"origin":31469,"position":5},"title":"+++ Einsatz +++","author":"Erwin Mungenast","date":"17. M\u00e4rz 2026","format":false,"excerpt":"09.03. 12:53Uhr, Brandeinsatz, F0, Nachschau, Brilon, Steinweg, Kontrolle durch Feuerwehr","rel":"","context":"In &quot;Alarmierungen&quot;","block_context":{"text":"Alarmierungen","link":"https:\/\/www.feuerwehr-brilon.de\/?cat=102"},"img":{"alt_text":"","src":"","width":0,"height":0},"classes":[]}],"_links":{"self":[{"href":"https:\/\/www.feuerwehr-brilon.de\/index.php?rest_route=\/wp\/v2\/posts\/31469","targetHints":{"allow":["GET"]}}],"collection":[{"href":"https:\/\/www.feuerwehr-brilon.de\/index.php?rest_route=\/wp\/v2\/posts"}],"about":[{"href":"https:\/\/www.feuerwehr-brilon.de\/index.php?rest_route=\/wp\/v2\/types\/post"}],"author":[{"embeddable":true,"href":"https:\/\/www.feuerwehr-brilon.de\/index.php?rest_route=\/wp\/v2\/users\/8"}],"replies":[{"embeddable":true,"href":"https:\/\/www.feuerwehr-brilon.de\/index.php?rest_route=%2Fwp%2Fv2%2Fcomments&post=31469"}],"version-history":[{"count":1,"href":"https:\/\/www.feuerwehr-brilon.de\/index.php?rest_route=\/wp\/v2\/posts\/31469\/revisions"}],"predecessor-version":[{"id":31471,"href":"https:\/\/www.feuerwehr-brilon.de\/index.php?rest_route=\/wp\/v2\/posts\/31469\/revisions\/31471"}],"wp:featuredmedia":[{"embeddable":true,"href":"https:\/\/www.feuerwehr-brilon.de\/index.php?rest_route=\/wp\/v2\/media\/31470"}],"wp:attachment":[{"href":"https:\/\/www.feuerwehr-brilon.de\/index.php?rest_route=%2Fwp%2Fv2%2Fmedia&parent=31469"}],"wp:term":[{"taxonomy":"category","embeddable":true,"href":"https:\/\/www.feuerwehr-brilon.de\/index.php?rest_route=%2Fwp%2Fv2%2Fcategories&post=31469"},{"taxonomy":"post_tag","embeddable":true,"href":"https:\/\/www.feuerwehr-brilon.de\/index.php?rest_route=%2Fwp%2Fv2%2Ftags&post=31469"}],"curies":[{"name":"wp","href":"https:\/\/api.w.org\/{rel}","templated":true}]}}