{"id":31485,"date":"2023-08-30T19:21:53","date_gmt":"2023-08-30T17:21:53","guid":{"rendered":"https:\/\/www.feuerwehr-brilon.de\/?p=31485"},"modified":"2023-08-30T19:21:53","modified_gmt":"2023-08-30T17:21:53","slug":"einsatz-814","status":"publish","type":"post","link":"https:\/\/www.feuerwehr-brilon.de\/?p=31485","title":{"rendered":"+++ Einsatz +++"},"content":{"rendered":"<p>30.08. 08:44Uhr, Brandeinsatz, F3 BMA, Bigge, Hauptstra\u00dfe, autom. BMA (DLK \u00fcber\u00f6rtlich)<\/p>\n","protected":false},"excerpt":{"rendered":"<p>30.08. 08:44Uhr, Brandeinsatz, F3 BMA, Bigge, Hauptstra\u00dfe, autom. BMA (DLK \u00fcber\u00f6rtlich)<\/p>\n","protected":false},"author":8,"featured_media":30860,"comment_status":"closed","ping_status":"closed","sticky":false,"template":"","format":"standard","meta":{"_exactmetrics_skip_tracking":false,"_exactmetrics_sitenote_active":false,"_exactmetrics_sitenote_note":"","_exactmetrics_sitenote_category":0,"jetpack_post_was_ever_published":false,"_jetpack_newsletter_access":"","_jetpack_dont_email_post_to_subs":false,"_jetpack_newsletter_tier_id":0,"_jetpack_memberships_contains_paywalled_content":false,"_jetpack_memberships_contains_paid_content":false,"footnotes":""},"categories":[102],"tags":[],"class_list":["post-31485","post","type-post","status-publish","format-standard","has-post-thumbnail","hentry","category-alarmierungen"],"jetpack_featured_media_url":"https:\/\/www.feuerwehr-brilon.de\/wp-up\/2023\/03\/sym_DLK.jpg","jetpack_shortlink":"https:\/\/wp.me\/pCIJa-8bP","jetpack_sharing_enabled":true,"jetpack-related-posts":[{"id":31201,"url":"https:\/\/www.feuerwehr-brilon.de\/?p=31201","url_meta":{"origin":31485,"position":0},"title":"+++ Einsatz +++","author":"Andreas Becker","date":"21. Mai 2023","format":false,"excerpt":"20.05. 19:49Uhr, Brandeinsatz, F3 BMA, Marsberg, Bredelarer Str., autom. BMA (\u00fcber\u00f6rtlich)","rel":"","context":"In &quot;Alarmierungen&quot;","block_context":{"text":"Alarmierungen","link":"https:\/\/www.feuerwehr-brilon.de\/?cat=102"},"img":{"alt_text":"","src":"https:\/\/i0.wp.com\/www.feuerwehr-brilon.de\/wp-up\/2020\/07\/FIZ.jpg?resize=350%2C200&ssl=1","width":350,"height":200,"srcset":"https:\/\/i0.wp.com\/www.feuerwehr-brilon.de\/wp-up\/2020\/07\/FIZ.jpg?resize=350%2C200&ssl=1 1x, https:\/\/i0.wp.com\/www.feuerwehr-brilon.de\/wp-up\/2020\/07\/FIZ.jpg?resize=525%2C300&ssl=1 1.5x, https:\/\/i0.wp.com\/www.feuerwehr-brilon.de\/wp-up\/2020\/07\/FIZ.jpg?resize=700%2C400&ssl=1 2x"},"classes":[]},{"id":24372,"url":"https:\/\/www.feuerwehr-brilon.de\/?p=24372","url_meta":{"origin":31485,"position":1},"title":"+++ Einsatz +++","author":"Andreas Becker","date":"2. April 2022","format":false,"excerpt":"02.04. 07:44Uhr, Brandeinsatz, F3 BMA, Brilon, Am Sch\u00f6nschede, autom. BMA","rel":"","context":"In &quot;Alarmierungen&quot;","block_context":{"text":"Alarmierungen","link":"https:\/\/www.feuerwehr-brilon.de\/?cat=102"},"img":{"alt_text":"","src":"https:\/\/i0.wp.com\/www.feuerwehr-brilon.de\/wp-up\/2020\/02\/bma_fat.jpg?resize=350%2C200&ssl=1","width":350,"height":200},"classes":[]},{"id":23938,"url":"https:\/\/www.feuerwehr-brilon.de\/?p=23938","url_meta":{"origin":31485,"position":2},"title":"+++ Einsatz +++","author":"Andreas Becker","date":"25. Oktober 2021","format":false,"excerpt":"25.10. 13:39Uhr, Brandeinsatz, F3 BMA, Olsberg, Heinrich-Sommer-Str., autom. BMA (DLK)","rel":"","context":"In &quot;Alarmierungen&quot;","block_context":{"text":"Alarmierungen","link":"https:\/\/www.feuerwehr-brilon.de\/?cat=102"},"img":{"alt_text":"","src":"","width":0,"height":0},"classes":[]},{"id":22575,"url":"https:\/\/www.feuerwehr-brilon.de\/?p=22575","url_meta":{"origin":31485,"position":3},"title":"+++ Einsatz +++","author":"Andreas Becker","date":"14. Juli 2020","format":false,"excerpt":"14.07. 14:44Uhr, Brandeinsatz, F1 BMA, Gudenhagen, An der Bremecke, autom. BMA","rel":"","context":"In &quot;Alarmierungen&quot;","block_context":{"text":"Alarmierungen","link":"https:\/\/www.feuerwehr-brilon.de\/?cat=102"},"img":{"alt_text":"","src":"https:\/\/i0.wp.com\/www.feuerwehr-brilon.de\/wp-up\/2020\/02\/bma_fat.jpg?resize=350%2C200&ssl=1","width":350,"height":200},"classes":[]},{"id":23977,"url":"https:\/\/www.feuerwehr-brilon.de\/?p=23977","url_meta":{"origin":31485,"position":4},"title":"+++ Einsatz +++","author":"Andreas Becker","date":"19. November 2021","format":false,"excerpt":"19.11. 02:44Uhr, Brandeinsatz, F1 BMA, Gudenhagen, An der Bremecke, autom. BMA","rel":"","context":"In &quot;Alarmierungen&quot;","block_context":{"text":"Alarmierungen","link":"https:\/\/www.feuerwehr-brilon.de\/?cat=102"},"img":{"alt_text":"","src":"https:\/\/i0.wp.com\/www.feuerwehr-brilon.de\/wp-up\/2021\/02\/BMA_FIZ.jpeg?resize=350%2C200&ssl=1","width":350,"height":200},"classes":[]},{"id":31759,"url":"https:\/\/www.feuerwehr-brilon.de\/?p=31759","url_meta":{"origin":31485,"position":5},"title":"+++ Einsatz +++","author":"Andreas Becker","date":"22. November 2023","format":false,"excerpt":"21.11. 14:44Uhr, Brandeinsatz, F2 BMA, Brilon, Im Kissen, autom. BMA","rel":"","context":"In &quot;Alarmierungen&quot;","block_context":{"text":"Alarmierungen","link":"https:\/\/www.feuerwehr-brilon.de\/?cat=102"},"img":{"alt_text":"","src":"https:\/\/i0.wp.com\/www.feuerwehr-brilon.de\/wp-up\/2022\/10\/sym_bma_fat_.jpg?resize=350%2C200&ssl=1","width":350,"height":200,"srcset":"https:\/\/i0.wp.com\/www.feuerwehr-brilon.de\/wp-up\/2022\/10\/sym_bma_fat_.jpg?resize=350%2C200&ssl=1 1x, https:\/\/i0.wp.com\/www.feuerwehr-brilon.de\/wp-up\/2022\/10\/sym_bma_fat_.jpg?resize=525%2C300&ssl=1 1.5x, https:\/\/i0.wp.com\/www.feuerwehr-brilon.de\/wp-up\/2022\/10\/sym_bma_fat_.jpg?resize=700%2C400&ssl=1 2x"},"classes":[]}],"_links":{"self":[{"href":"https:\/\/www.feuerwehr-brilon.de\/index.php?rest_route=\/wp\/v2\/posts\/31485","targetHints":{"allow":["GET"]}}],"collection":[{"href":"https:\/\/www.feuerwehr-brilon.de\/index.php?rest_route=\/wp\/v2\/posts"}],"about":[{"href":"https:\/\/www.feuerwehr-brilon.de\/index.php?rest_route=\/wp\/v2\/types\/post"}],"author":[{"embeddable":true,"href":"https:\/\/www.feuerwehr-brilon.de\/index.php?rest_route=\/wp\/v2\/users\/8"}],"replies":[{"embeddable":true,"href":"https:\/\/www.feuerwehr-brilon.de\/index.php?rest_route=%2Fwp%2Fv2%2Fcomments&post=31485"}],"version-history":[{"count":1,"href":"https:\/\/www.feuerwehr-brilon.de\/index.php?rest_route=\/wp\/v2\/posts\/31485\/revisions"}],"predecessor-version":[{"id":31486,"href":"https:\/\/www.feuerwehr-brilon.de\/index.php?rest_route=\/wp\/v2\/posts\/31485\/revisions\/31486"}],"wp:featuredmedia":[{"embeddable":true,"href":"https:\/\/www.feuerwehr-brilon.de\/index.php?rest_route=\/wp\/v2\/media\/30860"}],"wp:attachment":[{"href":"https:\/\/www.feuerwehr-brilon.de\/index.php?rest_route=%2Fwp%2Fv2%2Fmedia&parent=31485"}],"wp:term":[{"taxonomy":"category","embeddable":true,"href":"https:\/\/www.feuerwehr-brilon.de\/index.php?rest_route=%2Fwp%2Fv2%2Fcategories&post=31485"},{"taxonomy":"post_tag","embeddable":true,"href":"https:\/\/www.feuerwehr-brilon.de\/index.php?rest_route=%2Fwp%2Fv2%2Ftags&post=31485"}],"curies":[{"name":"wp","href":"https:\/\/api.w.org\/{rel}","templated":true}]}}