{"id":31503,"date":"2023-09-09T11:35:05","date_gmt":"2023-09-09T09:35:05","guid":{"rendered":"https:\/\/www.feuerwehr-brilon.de\/?p=31503"},"modified":"2023-09-09T11:35:05","modified_gmt":"2023-09-09T09:35:05","slug":"einsatz-819","status":"publish","type":"post","link":"https:\/\/www.feuerwehr-brilon.de\/?p=31503","title":{"rendered":"+++ Einsatz +++"},"content":{"rendered":"<p>08.09. 20:10Uhr, Hilfeleistung, H0 \u00d6lspur, Brilon, Hilbringse, \u00d6lspur<\/p>\n","protected":false},"excerpt":{"rendered":"<p>08.09. 20:10Uhr, Hilfeleistung, H0 \u00d6lspur, Brilon, Hilbringse, \u00d6lspur<\/p>\n","protected":false},"author":8,"featured_media":31504,"comment_status":"closed","ping_status":"closed","sticky":false,"template":"","format":"standard","meta":{"_exactmetrics_skip_tracking":false,"_exactmetrics_sitenote_active":false,"_exactmetrics_sitenote_note":"","_exactmetrics_sitenote_category":0,"jetpack_post_was_ever_published":false,"_jetpack_newsletter_access":"","_jetpack_dont_email_post_to_subs":false,"_jetpack_newsletter_tier_id":0,"_jetpack_memberships_contains_paywalled_content":false,"_jetpack_memberships_contains_paid_content":false,"footnotes":""},"categories":[102],"tags":[],"class_list":["post-31503","post","type-post","status-publish","format-standard","has-post-thumbnail","hentry","category-alarmierungen"],"jetpack_featured_media_url":"https:\/\/www.feuerwehr-brilon.de\/wp-up\/2023\/09\/IMG_3926_fb.jpeg","jetpack_shortlink":"https:\/\/wp.me\/pCIJa-8c7","jetpack_sharing_enabled":true,"jetpack-related-posts":[{"id":33720,"url":"https:\/\/www.feuerwehr-brilon.de\/?p=33720","url_meta":{"origin":31503,"position":0},"title":"+++ Einsatz +++","author":"Andreas Becker","date":"9. September 2025","format":false,"excerpt":"08.09. 18:01Uhr, Hilfeleistung, H0 \u00d6lspur, Brilon, Derkerborn, \u00d6lspur","rel":"","context":"In &quot;Alarmierungen&quot;","block_context":{"text":"Alarmierungen","link":"https:\/\/www.feuerwehr-brilon.de\/?cat=102"},"img":{"alt_text":"","src":"","width":0,"height":0},"classes":[]},{"id":22972,"url":"https:\/\/www.feuerwehr-brilon.de\/?p=22972","url_meta":{"origin":31503,"position":1},"title":"+++ Einsatz +++","author":"Andreas Becker","date":"6. Dezember 2020","format":false,"excerpt":"06.12. 01:10Uhr, Hilfeleistung, H0 \u00d6lspur, Brilon, M\u00f6hnestra\u00dfe, 200m \u00d6lspur","rel":"","context":"In &quot;Alarmierungen&quot;","block_context":{"text":"Alarmierungen","link":"https:\/\/www.feuerwehr-brilon.de\/?cat=102"},"img":{"alt_text":"","src":"https:\/\/i0.wp.com\/www.feuerwehr-brilon.de\/wp-up\/2020\/02\/Oelspur.jpg?resize=350%2C200&ssl=1","width":350,"height":200,"srcset":"https:\/\/i0.wp.com\/www.feuerwehr-brilon.de\/wp-up\/2020\/02\/Oelspur.jpg?resize=350%2C200&ssl=1 1x, https:\/\/i0.wp.com\/www.feuerwehr-brilon.de\/wp-up\/2020\/02\/Oelspur.jpg?resize=525%2C300&ssl=1 1.5x"},"classes":[]},{"id":33079,"url":"https:\/\/www.feuerwehr-brilon.de\/?p=33079","url_meta":{"origin":31503,"position":2},"title":"+++ Einsatz +++","author":"Andreas Becker","date":"2. Januar 2025","format":false,"excerpt":"02.01. 15:10Uhr, Hilfeleistung, H0 \u00d6lspur, Gudenhagen, K\u00f6nigsberger Str., \u00d6lspur","rel":"","context":"In &quot;Alarmierungen&quot;","block_context":{"text":"Alarmierungen","link":"https:\/\/www.feuerwehr-brilon.de\/?cat=102"},"img":{"alt_text":"","src":"","width":0,"height":0},"classes":[]},{"id":34539,"url":"https:\/\/www.feuerwehr-brilon.de\/?p=34539","url_meta":{"origin":31503,"position":3},"title":"+++ Einsatz +++","author":"Erwin Mungenast","date":"27. M\u00e4rz 2026","format":false,"excerpt":"26.03. 15:10Uhr, Hilfeleistung, H0 \u00d6lspur, Brilon-Wald, Korbacher Str., ausl. Betriebsstoffe","rel":"","context":"In &quot;Alarmierungen&quot;","block_context":{"text":"Alarmierungen","link":"https:\/\/www.feuerwehr-brilon.de\/?cat=102"},"img":{"alt_text":"","src":"","width":0,"height":0},"classes":[]},{"id":16032,"url":"https:\/\/www.feuerwehr-brilon.de\/?p=16032","url_meta":{"origin":31503,"position":4},"title":"30.05. 20:10Uhr, Hilfeleistung, H0 \u00d6lspur,\u2026","author":"Andreas Becker","date":"30. Mai 2018","format":false,"excerpt":"30.05. 20:10Uhr, Hilfeleistung, H0 \u00d6lspur, Alme, Burgstra\u00dfe, \u00d6lspur","rel":"","context":"In &quot;Alarmierungen&quot;","block_context":{"text":"Alarmierungen","link":"https:\/\/www.feuerwehr-brilon.de\/?cat=102"},"img":{"alt_text":"","src":"","width":0,"height":0},"classes":[]},{"id":22234,"url":"https:\/\/www.feuerwehr-brilon.de\/?p=22234","url_meta":{"origin":31503,"position":5},"title":"+++ Einsatz +++","author":"Andreas Becker","date":"3. M\u00e4rz 2020","format":false,"excerpt":"03.03. 20:32Uhr, Hilfeleistung, H0 \u00d6lspur, Brilon, Lindenweg, \u00d6lspur","rel":"","context":"In &quot;Alarmierungen&quot;","block_context":{"text":"Alarmierungen","link":"https:\/\/www.feuerwehr-brilon.de\/?cat=102"},"img":{"alt_text":"","src":"https:\/\/i0.wp.com\/www.feuerwehr-brilon.de\/wp-up\/2020\/02\/Oelspur.jpg?resize=350%2C200&ssl=1","width":350,"height":200,"srcset":"https:\/\/i0.wp.com\/www.feuerwehr-brilon.de\/wp-up\/2020\/02\/Oelspur.jpg?resize=350%2C200&ssl=1 1x, https:\/\/i0.wp.com\/www.feuerwehr-brilon.de\/wp-up\/2020\/02\/Oelspur.jpg?resize=525%2C300&ssl=1 1.5x"},"classes":[]}],"_links":{"self":[{"href":"https:\/\/www.feuerwehr-brilon.de\/index.php?rest_route=\/wp\/v2\/posts\/31503","targetHints":{"allow":["GET"]}}],"collection":[{"href":"https:\/\/www.feuerwehr-brilon.de\/index.php?rest_route=\/wp\/v2\/posts"}],"about":[{"href":"https:\/\/www.feuerwehr-brilon.de\/index.php?rest_route=\/wp\/v2\/types\/post"}],"author":[{"embeddable":true,"href":"https:\/\/www.feuerwehr-brilon.de\/index.php?rest_route=\/wp\/v2\/users\/8"}],"replies":[{"embeddable":true,"href":"https:\/\/www.feuerwehr-brilon.de\/index.php?rest_route=%2Fwp%2Fv2%2Fcomments&post=31503"}],"version-history":[{"count":1,"href":"https:\/\/www.feuerwehr-brilon.de\/index.php?rest_route=\/wp\/v2\/posts\/31503\/revisions"}],"predecessor-version":[{"id":31505,"href":"https:\/\/www.feuerwehr-brilon.de\/index.php?rest_route=\/wp\/v2\/posts\/31503\/revisions\/31505"}],"wp:featuredmedia":[{"embeddable":true,"href":"https:\/\/www.feuerwehr-brilon.de\/index.php?rest_route=\/wp\/v2\/media\/31504"}],"wp:attachment":[{"href":"https:\/\/www.feuerwehr-brilon.de\/index.php?rest_route=%2Fwp%2Fv2%2Fmedia&parent=31503"}],"wp:term":[{"taxonomy":"category","embeddable":true,"href":"https:\/\/www.feuerwehr-brilon.de\/index.php?rest_route=%2Fwp%2Fv2%2Fcategories&post=31503"},{"taxonomy":"post_tag","embeddable":true,"href":"https:\/\/www.feuerwehr-brilon.de\/index.php?rest_route=%2Fwp%2Fv2%2Ftags&post=31503"}],"curies":[{"name":"wp","href":"https:\/\/api.w.org\/{rel}","templated":true}]}}