{"id":31530,"date":"2023-10-02T13:14:28","date_gmt":"2023-10-02T11:14:28","guid":{"rendered":"https:\/\/www.feuerwehr-brilon.de\/?p=31530"},"modified":"2023-10-02T13:14:28","modified_gmt":"2023-10-02T11:14:28","slug":"einsatz-832","status":"publish","type":"post","link":"https:\/\/www.feuerwehr-brilon.de\/?p=31530","title":{"rendered":"+++ Einsatz +++"},"content":{"rendered":"<p>02.10. 09:27Uhr, Hilfeleistung, H2 klemm, Brilon-Wald, L743 Kirchweg, Verkehrsunfall<\/p>\n","protected":false},"excerpt":{"rendered":"<p>02.10. 09:27Uhr, Hilfeleistung, H2 klemm, Brilon-Wald, L743 Kirchweg, Verkehrsunfall<\/p>\n","protected":false},"author":5,"featured_media":0,"comment_status":"closed","ping_status":"closed","sticky":false,"template":"","format":"standard","meta":{"_exactmetrics_skip_tracking":false,"_exactmetrics_sitenote_active":false,"_exactmetrics_sitenote_note":"","_exactmetrics_sitenote_category":0,"jetpack_post_was_ever_published":false,"_jetpack_newsletter_access":"","_jetpack_dont_email_post_to_subs":false,"_jetpack_newsletter_tier_id":0,"_jetpack_memberships_contains_paywalled_content":false,"_jetpack_memberships_contains_paid_content":false,"footnotes":""},"categories":[102],"tags":[],"class_list":["post-31530","post","type-post","status-publish","format-standard","hentry","category-alarmierungen"],"jetpack_featured_media_url":"","jetpack_shortlink":"https:\/\/wp.me\/pCIJa-8cy","jetpack_sharing_enabled":true,"jetpack-related-posts":[{"id":29919,"url":"https:\/\/www.feuerwehr-brilon.de\/?p=29919","url_meta":{"origin":31530,"position":0},"title":"+++ Einsatz +++","author":"Andreas Becker","date":"2. Juli 2022","format":false,"excerpt":"02.07. 03:27Uhr, Hilfeleistung, H0 T\u00fcr, Brilon-Wald, Kirchweg, T\u00fcr\u00f6ffnung","rel":"","context":"In &quot;Alarmierungen&quot;","block_context":{"text":"Alarmierungen","link":"https:\/\/www.feuerwehr-brilon.de\/?cat=102"},"img":{"alt_text":"","src":"https:\/\/i0.wp.com\/www.feuerwehr-brilon.de\/wp-up\/2020\/08\/Tueroeffnung.jpg?resize=350%2C200&ssl=1","width":350,"height":200,"srcset":"https:\/\/i0.wp.com\/www.feuerwehr-brilon.de\/wp-up\/2020\/08\/Tueroeffnung.jpg?resize=350%2C200&ssl=1 1x, https:\/\/i0.wp.com\/www.feuerwehr-brilon.de\/wp-up\/2020\/08\/Tueroeffnung.jpg?resize=525%2C300&ssl=1 1.5x, https:\/\/i0.wp.com\/www.feuerwehr-brilon.de\/wp-up\/2020\/08\/Tueroeffnung.jpg?resize=700%2C400&ssl=1 2x"},"classes":[]},{"id":24176,"url":"https:\/\/www.feuerwehr-brilon.de\/?p=24176","url_meta":{"origin":31530,"position":1},"title":"+++ Einsatz +++","author":"Andreas Becker","date":"18. Februar 2022","format":false,"excerpt":"18.02. 20:27Uhr, Hilfeleistung, H2 klemm, Alme, B480, VU klemm","rel":"","context":"In &quot;Alarmierungen&quot;","block_context":{"text":"Alarmierungen","link":"https:\/\/www.feuerwehr-brilon.de\/?cat=102"},"img":{"alt_text":"","src":"https:\/\/i0.wp.com\/www.feuerwehr-brilon.de\/wp-up\/2022\/02\/220218_VU_Alme_.jpg?resize=350%2C200&ssl=1","width":350,"height":200,"srcset":"https:\/\/i0.wp.com\/www.feuerwehr-brilon.de\/wp-up\/2022\/02\/220218_VU_Alme_.jpg?resize=350%2C200&ssl=1 1x, https:\/\/i0.wp.com\/www.feuerwehr-brilon.de\/wp-up\/2022\/02\/220218_VU_Alme_.jpg?resize=525%2C300&ssl=1 1.5x, https:\/\/i0.wp.com\/www.feuerwehr-brilon.de\/wp-up\/2022\/02\/220218_VU_Alme_.jpg?resize=700%2C400&ssl=1 2x"},"classes":[]},{"id":34284,"url":"https:\/\/www.feuerwehr-brilon.de\/?p=34284","url_meta":{"origin":31530,"position":2},"title":"+++ Einsatz +++","author":"Erwin Mungenast","date":"21. Januar 2026","format":false,"excerpt":"17.01. 13:04Uhr, Hilfeleistung, H2 klemm, Brilon, Am Renzelsberg, Verkehrsunfall \/ eCall","rel":"","context":"In &quot;Alarmierungen&quot;","block_context":{"text":"Alarmierungen","link":"https:\/\/www.feuerwehr-brilon.de\/?cat=102"},"img":{"alt_text":"","src":"","width":0,"height":0},"classes":[]},{"id":32838,"url":"https:\/\/www.feuerwehr-brilon.de\/?p=32838","url_meta":{"origin":31530,"position":3},"title":"+++ Einsatz +++","author":"Andreas Becker","date":"10. Oktober 2024","format":false,"excerpt":"10.10. 20:20Uhr, Hilfeleistung, H2 klemm, Brilon-Wald, B251, VU klemm","rel":"","context":"In &quot;Alarmierungen&quot;","block_context":{"text":"Alarmierungen","link":"https:\/\/www.feuerwehr-brilon.de\/?cat=102"},"img":{"alt_text":"","src":"","width":0,"height":0},"classes":[]},{"id":31915,"url":"https:\/\/www.feuerwehr-brilon.de\/?p=31915","url_meta":{"origin":31530,"position":4},"title":"+++ Einsatz +++","author":"Marcus Bange","date":"26. Dezember 2023","format":false,"excerpt":"26.12. 03:42Uhr, Hilfeleistung, H2 klemm, Brilon-Wald, Korbacher Stra\u00dfe B 251, VU klemm (eCall)","rel":"","context":"In &quot;Alarmierungen&quot;","block_context":{"text":"Alarmierungen","link":"https:\/\/www.feuerwehr-brilon.de\/?cat=102"},"img":{"alt_text":"","src":"https:\/\/i0.wp.com\/www.feuerwehr-brilon.de\/wp-up\/2022\/12\/42352cc9-1c78-4276-b449-72b12b378cd6.jpg?resize=350%2C200&ssl=1","width":350,"height":200,"srcset":"https:\/\/i0.wp.com\/www.feuerwehr-brilon.de\/wp-up\/2022\/12\/42352cc9-1c78-4276-b449-72b12b378cd6.jpg?resize=350%2C200&ssl=1 1x, https:\/\/i0.wp.com\/www.feuerwehr-brilon.de\/wp-up\/2022\/12\/42352cc9-1c78-4276-b449-72b12b378cd6.jpg?resize=525%2C300&ssl=1 1.5x, https:\/\/i0.wp.com\/www.feuerwehr-brilon.de\/wp-up\/2022\/12\/42352cc9-1c78-4276-b449-72b12b378cd6.jpg?resize=700%2C400&ssl=1 2x"},"classes":[]},{"id":34074,"url":"https:\/\/www.feuerwehr-brilon.de\/?p=34074","url_meta":{"origin":31530,"position":5},"title":"+++ Einsatz +++","author":"Erwin Mungenast","date":"8. Dezember 2025","format":false,"excerpt":"07.12. 23:05Uhr, Hilfeleistung, H2 klemm, Altenb\u00fcren -> Antfeld, B7, Verkehrsunfall","rel":"","context":"In &quot;Alarmierungen&quot;","block_context":{"text":"Alarmierungen","link":"https:\/\/www.feuerwehr-brilon.de\/?cat=102"},"img":{"alt_text":"","src":"","width":0,"height":0},"classes":[]}],"_links":{"self":[{"href":"https:\/\/www.feuerwehr-brilon.de\/index.php?rest_route=\/wp\/v2\/posts\/31530","targetHints":{"allow":["GET"]}}],"collection":[{"href":"https:\/\/www.feuerwehr-brilon.de\/index.php?rest_route=\/wp\/v2\/posts"}],"about":[{"href":"https:\/\/www.feuerwehr-brilon.de\/index.php?rest_route=\/wp\/v2\/types\/post"}],"author":[{"embeddable":true,"href":"https:\/\/www.feuerwehr-brilon.de\/index.php?rest_route=\/wp\/v2\/users\/5"}],"replies":[{"embeddable":true,"href":"https:\/\/www.feuerwehr-brilon.de\/index.php?rest_route=%2Fwp%2Fv2%2Fcomments&post=31530"}],"version-history":[{"count":1,"href":"https:\/\/www.feuerwehr-brilon.de\/index.php?rest_route=\/wp\/v2\/posts\/31530\/revisions"}],"predecessor-version":[{"id":31531,"href":"https:\/\/www.feuerwehr-brilon.de\/index.php?rest_route=\/wp\/v2\/posts\/31530\/revisions\/31531"}],"wp:attachment":[{"href":"https:\/\/www.feuerwehr-brilon.de\/index.php?rest_route=%2Fwp%2Fv2%2Fmedia&parent=31530"}],"wp:term":[{"taxonomy":"category","embeddable":true,"href":"https:\/\/www.feuerwehr-brilon.de\/index.php?rest_route=%2Fwp%2Fv2%2Fcategories&post=31530"},{"taxonomy":"post_tag","embeddable":true,"href":"https:\/\/www.feuerwehr-brilon.de\/index.php?rest_route=%2Fwp%2Fv2%2Ftags&post=31530"}],"curies":[{"name":"wp","href":"https:\/\/api.w.org\/{rel}","templated":true}]}}