{"id":31542,"date":"2023-10-04T17:10:34","date_gmt":"2023-10-04T15:10:34","guid":{"rendered":"https:\/\/www.feuerwehr-brilon.de\/?p=31542"},"modified":"2023-10-04T17:10:34","modified_gmt":"2023-10-04T15:10:34","slug":"einsatz-833","status":"publish","type":"post","link":"https:\/\/www.feuerwehr-brilon.de\/?p=31542","title":{"rendered":"+++ Einsatz +++"},"content":{"rendered":"<p>03.10. 16:20Uhr, Hilfeleistung, H0Sturm, Brilon, Galmeistra\u00dfe, Baum auf Auto und Str. gefallen<\/p>\n","protected":false},"excerpt":{"rendered":"<p>03.10. 16:20Uhr, Hilfeleistung, H0Sturm, Brilon, Galmeistra\u00dfe, Baum auf Auto und Str. gefallen<\/p>\n","protected":false},"author":5,"featured_media":31544,"comment_status":"closed","ping_status":"closed","sticky":false,"template":"","format":"standard","meta":{"_exactmetrics_skip_tracking":false,"_exactmetrics_sitenote_active":false,"_exactmetrics_sitenote_note":"","_exactmetrics_sitenote_category":0,"jetpack_post_was_ever_published":false,"_jetpack_newsletter_access":"","_jetpack_dont_email_post_to_subs":false,"_jetpack_newsletter_tier_id":0,"_jetpack_memberships_contains_paywalled_content":false,"_jetpack_memberships_contains_paid_content":false,"footnotes":""},"categories":[102],"tags":[],"class_list":["post-31542","post","type-post","status-publish","format-standard","has-post-thumbnail","hentry","category-alarmierungen"],"jetpack_featured_media_url":"https:\/\/www.feuerwehr-brilon.de\/wp-up\/2023\/10\/Baum-Galmeistrasse-1.jpg","jetpack_shortlink":"https:\/\/wp.me\/pCIJa-8cK","jetpack_sharing_enabled":true,"jetpack-related-posts":[{"id":24162,"url":"https:\/\/www.feuerwehr-brilon.de\/?p=24162","url_meta":{"origin":31542,"position":0},"title":"Erneut Sturmeins\u00e4tze im Stadtgebiet +++ Update &#8211; 19.2. +++","author":"Andreas Becker","date":"18. Februar 2022","format":false,"excerpt":"Stadtgebiet. Die Feuerwehr Brilon ist erneut im Einsatz, um umgest\u00fcrzte B\u00e4ume und Gefahrenstellen zu beseitigen. \u00a0 \u00a0 \u00a0 \u00a0 Folgende Einsatzstellen werden\/wurden abgearbeitet: 19.02. 23:58Uhr, Hilfeleistung, H0 Sturm, Brilon, Steinweg, Gefahr durch losen Fensterladen 19.02. 17:58Uhr, Hilfeleistung, H0 Sturm, Brilon, Obere Mauer, Gefahr durch lose Dachpfannen 19.02. 10:20Uhr, Hilfeleistung, H0\u2026","rel":"","context":"In &quot;Eins\u00e4tze 2022&quot;","block_context":{"text":"Eins\u00e4tze 2022","link":"https:\/\/www.feuerwehr-brilon.de\/?cat=288"},"img":{"alt_text":"","src":"https:\/\/i0.wp.com\/www.feuerwehr-brilon.de\/wp-up\/2022\/02\/220219_Eselsborn_Baum_.jpg?resize=350%2C200&ssl=1","width":350,"height":200,"srcset":"https:\/\/i0.wp.com\/www.feuerwehr-brilon.de\/wp-up\/2022\/02\/220219_Eselsborn_Baum_.jpg?resize=350%2C200&ssl=1 1x, https:\/\/i0.wp.com\/www.feuerwehr-brilon.de\/wp-up\/2022\/02\/220219_Eselsborn_Baum_.jpg?resize=525%2C300&ssl=1 1.5x, https:\/\/i0.wp.com\/www.feuerwehr-brilon.de\/wp-up\/2022\/02\/220219_Eselsborn_Baum_.jpg?resize=700%2C400&ssl=1 2x"},"classes":[]},{"id":23815,"url":"https:\/\/www.feuerwehr-brilon.de\/?p=23815","url_meta":{"origin":31542,"position":1},"title":"+++ Einsatz +++","author":"Andreas Becker","date":"3. Oktober 2021","format":false,"excerpt":"03.10. 17:09Uhr, Hilfeleistung, H0 Sturm, Brilon, Kapellenstra\u00dfe, Baum auf Fahrbahn","rel":"","context":"In &quot;Alarmierungen&quot;","block_context":{"text":"Alarmierungen","link":"https:\/\/www.feuerwehr-brilon.de\/?cat=102"},"img":{"alt_text":"","src":"https:\/\/i0.wp.com\/www.feuerwehr-brilon.de\/wp-up\/2021\/10\/689f3e00-c212-43b9-a8b2-67eea1053805.jpg?resize=350%2C200&ssl=1","width":350,"height":200,"srcset":"https:\/\/i0.wp.com\/www.feuerwehr-brilon.de\/wp-up\/2021\/10\/689f3e00-c212-43b9-a8b2-67eea1053805.jpg?resize=350%2C200&ssl=1 1x, https:\/\/i0.wp.com\/www.feuerwehr-brilon.de\/wp-up\/2021\/10\/689f3e00-c212-43b9-a8b2-67eea1053805.jpg?resize=525%2C300&ssl=1 1.5x, https:\/\/i0.wp.com\/www.feuerwehr-brilon.de\/wp-up\/2021\/10\/689f3e00-c212-43b9-a8b2-67eea1053805.jpg?resize=700%2C400&ssl=1 2x"},"classes":[]},{"id":29821,"url":"https:\/\/www.feuerwehr-brilon.de\/?p=29821","url_meta":{"origin":31542,"position":2},"title":"+++ Einsatz +++","author":"Andreas Becker","date":"27. Mai 2022","format":false,"excerpt":"27.05. 10:20Uhr, Hilfeleistung, H0 Sturm, Hoppecke, L913, Baum auf Fahrbahn","rel":"","context":"In &quot;Alarmierungen&quot;","block_context":{"text":"Alarmierungen","link":"https:\/\/www.feuerwehr-brilon.de\/?cat=102"},"img":{"alt_text":"","src":"https:\/\/i0.wp.com\/www.feuerwehr-brilon.de\/wp-up\/2020\/02\/Sturm_Fhz-Baum.jpg?resize=350%2C200&ssl=1","width":350,"height":200,"srcset":"https:\/\/i0.wp.com\/www.feuerwehr-brilon.de\/wp-up\/2020\/02\/Sturm_Fhz-Baum.jpg?resize=350%2C200&ssl=1 1x, https:\/\/i0.wp.com\/www.feuerwehr-brilon.de\/wp-up\/2020\/02\/Sturm_Fhz-Baum.jpg?resize=525%2C300&ssl=1 1.5x, https:\/\/i0.wp.com\/www.feuerwehr-brilon.de\/wp-up\/2020\/02\/Sturm_Fhz-Baum.jpg?resize=700%2C400&ssl=1 2x"},"classes":[]},{"id":31548,"url":"https:\/\/www.feuerwehr-brilon.de\/?p=31548","url_meta":{"origin":31542,"position":3},"title":"Baum auf PKW in Brilon","author":"Marcus Bange","date":"4. Oktober 2023","format":false,"excerpt":"Brilon. Am Dienstagnachmittag (03.10.2023) wurde die Feuerwehr Brilon nach einem Unwetter zu einer technischen Hilfeleistung an die Galmeistra\u00dfe alarmiert. Dort war am Bahndamm ein Baum zerbrochen und teilweise auf die Stra\u00dfe und einen abgestellten PKW gest\u00fcrzt. Der Baum wurde mit der Motors\u00e4ge zerkleinert und die Stra\u00dfe ger\u00e4umt. Der noch stehenden\u2026","rel":"","context":"In &quot;Eins\u00e4tze 2023&quot;","block_context":{"text":"Eins\u00e4tze 2023","link":"https:\/\/www.feuerwehr-brilon.de\/?cat=335"},"img":{"alt_text":"","src":"https:\/\/i0.wp.com\/www.feuerwehr-brilon.de\/wp-up\/2023\/10\/Baum-Galmeistrasse-1.jpg?resize=350%2C200&ssl=1","width":350,"height":200,"srcset":"https:\/\/i0.wp.com\/www.feuerwehr-brilon.de\/wp-up\/2023\/10\/Baum-Galmeistrasse-1.jpg?resize=350%2C200&ssl=1 1x, https:\/\/i0.wp.com\/www.feuerwehr-brilon.de\/wp-up\/2023\/10\/Baum-Galmeistrasse-1.jpg?resize=525%2C300&ssl=1 1.5x, https:\/\/i0.wp.com\/www.feuerwehr-brilon.de\/wp-up\/2023\/10\/Baum-Galmeistrasse-1.jpg?resize=700%2C400&ssl=1 2x"},"classes":[]},{"id":23892,"url":"https:\/\/www.feuerwehr-brilon.de\/?p=23892","url_meta":{"origin":31542,"position":4},"title":"+++ Einsatz +++","author":"Marcus Bange","date":"21. Oktober 2021","format":false,"excerpt":"21.10. 11:23Uhr, Hilfeleistung, H0 Sturm, Brilon, Keffelker Str., Baum auf Fahrbahn","rel":"","context":"In &quot;Alarmierungen&quot;","block_context":{"text":"Alarmierungen","link":"https:\/\/www.feuerwehr-brilon.de\/?cat=102"},"img":{"alt_text":"","src":"","width":0,"height":0},"classes":[]},{"id":24096,"url":"https:\/\/www.feuerwehr-brilon.de\/?p=24096","url_meta":{"origin":31542,"position":5},"title":"+++ Einsatz +++","author":"Andreas Becker","date":"4. Februar 2022","format":false,"excerpt":"04.02. 18:46Uhr, Hilfeleistung, H0 Sturm, Brilon, Korbacher Str., Baum auf Fahrbahn","rel":"","context":"In &quot;Alarmierungen&quot;","block_context":{"text":"Alarmierungen","link":"https:\/\/www.feuerwehr-brilon.de\/?cat=102"},"img":{"alt_text":"","src":"https:\/\/i0.wp.com\/www.feuerwehr-brilon.de\/wp-up\/2020\/02\/sturm_schutzkleidung.jpg?resize=350%2C200&ssl=1","width":350,"height":200,"srcset":"https:\/\/i0.wp.com\/www.feuerwehr-brilon.de\/wp-up\/2020\/02\/sturm_schutzkleidung.jpg?resize=350%2C200&ssl=1 1x, https:\/\/i0.wp.com\/www.feuerwehr-brilon.de\/wp-up\/2020\/02\/sturm_schutzkleidung.jpg?resize=525%2C300&ssl=1 1.5x"},"classes":[]}],"_links":{"self":[{"href":"https:\/\/www.feuerwehr-brilon.de\/index.php?rest_route=\/wp\/v2\/posts\/31542","targetHints":{"allow":["GET"]}}],"collection":[{"href":"https:\/\/www.feuerwehr-brilon.de\/index.php?rest_route=\/wp\/v2\/posts"}],"about":[{"href":"https:\/\/www.feuerwehr-brilon.de\/index.php?rest_route=\/wp\/v2\/types\/post"}],"author":[{"embeddable":true,"href":"https:\/\/www.feuerwehr-brilon.de\/index.php?rest_route=\/wp\/v2\/users\/5"}],"replies":[{"embeddable":true,"href":"https:\/\/www.feuerwehr-brilon.de\/index.php?rest_route=%2Fwp%2Fv2%2Fcomments&post=31542"}],"version-history":[{"count":2,"href":"https:\/\/www.feuerwehr-brilon.de\/index.php?rest_route=\/wp\/v2\/posts\/31542\/revisions"}],"predecessor-version":[{"id":31547,"href":"https:\/\/www.feuerwehr-brilon.de\/index.php?rest_route=\/wp\/v2\/posts\/31542\/revisions\/31547"}],"wp:featuredmedia":[{"embeddable":true,"href":"https:\/\/www.feuerwehr-brilon.de\/index.php?rest_route=\/wp\/v2\/media\/31544"}],"wp:attachment":[{"href":"https:\/\/www.feuerwehr-brilon.de\/index.php?rest_route=%2Fwp%2Fv2%2Fmedia&parent=31542"}],"wp:term":[{"taxonomy":"category","embeddable":true,"href":"https:\/\/www.feuerwehr-brilon.de\/index.php?rest_route=%2Fwp%2Fv2%2Fcategories&post=31542"},{"taxonomy":"post_tag","embeddable":true,"href":"https:\/\/www.feuerwehr-brilon.de\/index.php?rest_route=%2Fwp%2Fv2%2Ftags&post=31542"}],"curies":[{"name":"wp","href":"https:\/\/api.w.org\/{rel}","templated":true}]}}