{"id":31591,"date":"2023-10-19T07:27:22","date_gmt":"2023-10-19T05:27:22","guid":{"rendered":"https:\/\/www.feuerwehr-brilon.de\/?p=31591"},"modified":"2023-10-19T07:27:22","modified_gmt":"2023-10-19T05:27:22","slug":"einsatz-844","status":"publish","type":"post","link":"https:\/\/www.feuerwehr-brilon.de\/?p=31591","title":{"rendered":"+++ Einsatz +++"},"content":{"rendered":"<p>19.10. 00:57Uhr, Hilfeleistung, H0 T\u00fcr, Brilon, Hoppecker Str., T\u00fcr\u00f6ffnung<\/p>\n","protected":false},"excerpt":{"rendered":"<p>19.10. 00:57Uhr, Hilfeleistung, H0 T\u00fcr, Brilon, Hoppecker Str., T\u00fcr\u00f6ffnung<\/p>\n","protected":false},"author":8,"featured_media":30206,"comment_status":"closed","ping_status":"closed","sticky":false,"template":"","format":"standard","meta":{"_exactmetrics_skip_tracking":false,"_exactmetrics_sitenote_active":false,"_exactmetrics_sitenote_note":"","_exactmetrics_sitenote_category":0,"jetpack_post_was_ever_published":false,"_jetpack_newsletter_access":"","_jetpack_dont_email_post_to_subs":false,"_jetpack_newsletter_tier_id":0,"_jetpack_memberships_contains_paywalled_content":false,"_jetpack_memberships_contains_paid_content":false,"footnotes":""},"categories":[102],"tags":[],"class_list":["post-31591","post","type-post","status-publish","format-standard","has-post-thumbnail","hentry","category-alarmierungen"],"jetpack_featured_media_url":"https:\/\/www.feuerwehr-brilon.de\/wp-up\/2022\/09\/sym_tuer.jpg","jetpack_shortlink":"https:\/\/wp.me\/pCIJa-8dx","jetpack_sharing_enabled":true,"jetpack-related-posts":[{"id":30820,"url":"https:\/\/www.feuerwehr-brilon.de\/?p=30820","url_meta":{"origin":31591,"position":0},"title":"+++ Einsatz +++","author":"Andreas Becker","date":"2. M\u00e4rz 2023","format":false,"excerpt":"01.03. 05:56Uhr, Hilfeleistung, H0 T\u00fcr, Brilon, Hoppecker Str., T\u00fcr\u00f6ffnung","rel":"","context":"In &quot;Alarmierungen&quot;","block_context":{"text":"Alarmierungen","link":"https:\/\/www.feuerwehr-brilon.de\/?cat=102"},"img":{"alt_text":"","src":"https:\/\/i0.wp.com\/www.feuerwehr-brilon.de\/wp-up\/2023\/03\/20230301-IMG_9072.jpg?resize=350%2C200&ssl=1","width":350,"height":200,"srcset":"https:\/\/i0.wp.com\/www.feuerwehr-brilon.de\/wp-up\/2023\/03\/20230301-IMG_9072.jpg?resize=350%2C200&ssl=1 1x, https:\/\/i0.wp.com\/www.feuerwehr-brilon.de\/wp-up\/2023\/03\/20230301-IMG_9072.jpg?resize=525%2C300&ssl=1 1.5x, https:\/\/i0.wp.com\/www.feuerwehr-brilon.de\/wp-up\/2023\/03\/20230301-IMG_9072.jpg?resize=700%2C400&ssl=1 2x"},"classes":[]},{"id":33312,"url":"https:\/\/www.feuerwehr-brilon.de\/?p=33312","url_meta":{"origin":31591,"position":1},"title":"+++ Einsatz +++","author":"Andreas Becker","date":"22. M\u00e4rz 2025","format":false,"excerpt":"21.03. 21:57Uhr, Hilfeleistung, H0 T\u00fcr, Brilon, Altenb\u00fcrener Str., T\u00fcr\u00f6ffnung","rel":"","context":"In &quot;Alarmierungen&quot;","block_context":{"text":"Alarmierungen","link":"https:\/\/www.feuerwehr-brilon.de\/?cat=102"},"img":{"alt_text":"","src":"","width":0,"height":0},"classes":[]},{"id":31593,"url":"https:\/\/www.feuerwehr-brilon.de\/?p=31593","url_meta":{"origin":31591,"position":2},"title":"+++ Einsatz +++","author":"Andreas Becker","date":"20. Oktober 2023","format":false,"excerpt":"19.10. 10:29Uhr, Hilfeleistung, H0 \u00d6lspur, Brilon, Hoppecker Str., \u00d6lspur","rel":"","context":"In &quot;Alarmierungen&quot;","block_context":{"text":"Alarmierungen","link":"https:\/\/www.feuerwehr-brilon.de\/?cat=102"},"img":{"alt_text":"","src":"https:\/\/i0.wp.com\/www.feuerwehr-brilon.de\/wp-up\/2022\/10\/sym_Oelspur_.jpg?resize=350%2C200&ssl=1","width":350,"height":200,"srcset":"https:\/\/i0.wp.com\/www.feuerwehr-brilon.de\/wp-up\/2022\/10\/sym_Oelspur_.jpg?resize=350%2C200&ssl=1 1x, https:\/\/i0.wp.com\/www.feuerwehr-brilon.de\/wp-up\/2022\/10\/sym_Oelspur_.jpg?resize=525%2C300&ssl=1 1.5x, https:\/\/i0.wp.com\/www.feuerwehr-brilon.de\/wp-up\/2022\/10\/sym_Oelspur_.jpg?resize=700%2C400&ssl=1 2x"},"classes":[]},{"id":31716,"url":"https:\/\/www.feuerwehr-brilon.de\/?p=31716","url_meta":{"origin":31591,"position":3},"title":"+++ Einsatz +++","author":"Andreas Becker","date":"12. November 2023","format":false,"excerpt":"11.11. 22:57Uhr, Hilfeleistung, H0 T\u00fcr, Brilon, Schulstra\u00dfe, T\u00fcr\u00f6ffnung","rel":"","context":"In &quot;Alarmierungen&quot;","block_context":{"text":"Alarmierungen","link":"https:\/\/www.feuerwehr-brilon.de\/?cat=102"},"img":{"alt_text":"","src":"https:\/\/i0.wp.com\/www.feuerwehr-brilon.de\/wp-up\/2023\/03\/sym_HLF-3.jpg?resize=350%2C200&ssl=1","width":350,"height":200,"srcset":"https:\/\/i0.wp.com\/www.feuerwehr-brilon.de\/wp-up\/2023\/03\/sym_HLF-3.jpg?resize=350%2C200&ssl=1 1x, https:\/\/i0.wp.com\/www.feuerwehr-brilon.de\/wp-up\/2023\/03\/sym_HLF-3.jpg?resize=525%2C300&ssl=1 1.5x, https:\/\/i0.wp.com\/www.feuerwehr-brilon.de\/wp-up\/2023\/03\/sym_HLF-3.jpg?resize=700%2C400&ssl=1 2x"},"classes":[]},{"id":33651,"url":"https:\/\/www.feuerwehr-brilon.de\/?p=33651","url_meta":{"origin":31591,"position":4},"title":"+++ Einsatz +++","author":"Andreas Becker","date":"9. August 2025","format":false,"excerpt":"09.08. 11:57Uhr, Hilfeleistung, H0 T\u00fcr, Altenb\u00fcren, H\u00fcttenstra\u00dfe, T\u00fcr\u00f6ffnung","rel":"","context":"In &quot;Alarmierungen&quot;","block_context":{"text":"Alarmierungen","link":"https:\/\/www.feuerwehr-brilon.de\/?cat=102"},"img":{"alt_text":"","src":"","width":0,"height":0},"classes":[]},{"id":33314,"url":"https:\/\/www.feuerwehr-brilon.de\/?p=33314","url_meta":{"origin":31591,"position":5},"title":"+++ Einsatz +++","author":"Andreas Becker","date":"22. M\u00e4rz 2025","format":false,"excerpt":"22.03. 03:27Uhr, Hilfeleistung, H0 T\u00fcr, Brilon, Altenb\u00fcrener Str., T\u00fcr\u00f6ffnung","rel":"","context":"In &quot;Alarmierungen&quot;","block_context":{"text":"Alarmierungen","link":"https:\/\/www.feuerwehr-brilon.de\/?cat=102"},"img":{"alt_text":"","src":"","width":0,"height":0},"classes":[]}],"_links":{"self":[{"href":"https:\/\/www.feuerwehr-brilon.de\/index.php?rest_route=\/wp\/v2\/posts\/31591","targetHints":{"allow":["GET"]}}],"collection":[{"href":"https:\/\/www.feuerwehr-brilon.de\/index.php?rest_route=\/wp\/v2\/posts"}],"about":[{"href":"https:\/\/www.feuerwehr-brilon.de\/index.php?rest_route=\/wp\/v2\/types\/post"}],"author":[{"embeddable":true,"href":"https:\/\/www.feuerwehr-brilon.de\/index.php?rest_route=\/wp\/v2\/users\/8"}],"replies":[{"embeddable":true,"href":"https:\/\/www.feuerwehr-brilon.de\/index.php?rest_route=%2Fwp%2Fv2%2Fcomments&post=31591"}],"version-history":[{"count":0,"href":"https:\/\/www.feuerwehr-brilon.de\/index.php?rest_route=\/wp\/v2\/posts\/31591\/revisions"}],"wp:featuredmedia":[{"embeddable":true,"href":"https:\/\/www.feuerwehr-brilon.de\/index.php?rest_route=\/wp\/v2\/media\/30206"}],"wp:attachment":[{"href":"https:\/\/www.feuerwehr-brilon.de\/index.php?rest_route=%2Fwp%2Fv2%2Fmedia&parent=31591"}],"wp:term":[{"taxonomy":"category","embeddable":true,"href":"https:\/\/www.feuerwehr-brilon.de\/index.php?rest_route=%2Fwp%2Fv2%2Fcategories&post=31591"},{"taxonomy":"post_tag","embeddable":true,"href":"https:\/\/www.feuerwehr-brilon.de\/index.php?rest_route=%2Fwp%2Fv2%2Ftags&post=31591"}],"curies":[{"name":"wp","href":"https:\/\/api.w.org\/{rel}","templated":true}]}}