{"id":31597,"date":"2023-10-20T22:56:24","date_gmt":"2023-10-20T20:56:24","guid":{"rendered":"https:\/\/www.feuerwehr-brilon.de\/?p=31597"},"modified":"2023-10-20T22:56:24","modified_gmt":"2023-10-20T20:56:24","slug":"einsatz-847","status":"publish","type":"post","link":"https:\/\/www.feuerwehr-brilon.de\/?p=31597","title":{"rendered":"+++ Einsatz +++"},"content":{"rendered":"<p>20.10. 18:05Uhr, Hilfeleistung, H0 \u00d6lspur, Madfeld, Holzweg, \u00d6lspur<\/p>\n","protected":false},"excerpt":{"rendered":"<p>20.10. 18:05Uhr, Hilfeleistung, H0 \u00d6lspur, Madfeld, Holzweg, \u00d6lspur<\/p>\n","protected":false},"author":8,"featured_media":30863,"comment_status":"closed","ping_status":"closed","sticky":false,"template":"","format":"standard","meta":{"_exactmetrics_skip_tracking":false,"_exactmetrics_sitenote_active":false,"_exactmetrics_sitenote_note":"","_exactmetrics_sitenote_category":0,"jetpack_post_was_ever_published":false,"_jetpack_newsletter_access":"","_jetpack_dont_email_post_to_subs":false,"_jetpack_newsletter_tier_id":0,"_jetpack_memberships_contains_paywalled_content":false,"_jetpack_memberships_contains_paid_content":false,"footnotes":""},"categories":[102],"tags":[],"class_list":["post-31597","post","type-post","status-publish","format-standard","has-post-thumbnail","hentry","category-alarmierungen"],"jetpack_featured_media_url":"https:\/\/www.feuerwehr-brilon.de\/wp-up\/2023\/03\/sym_sign.jpg","jetpack_shortlink":"https:\/\/wp.me\/pCIJa-8dD","jetpack_sharing_enabled":true,"jetpack-related-posts":[{"id":23757,"url":"https:\/\/www.feuerwehr-brilon.de\/?p=23757","url_meta":{"origin":31597,"position":0},"title":"+++ Einsatz +++","author":"Andreas Becker","date":"7. September 2021","format":false,"excerpt":"07.09. 18:05Uhr, Hilfeleistung, H0 \u00d6lspur, Brilon, Derkere Stra\u00dfe, \u00d6lspur","rel":"","context":"In &quot;Alarmierungen&quot;","block_context":{"text":"Alarmierungen","link":"https:\/\/www.feuerwehr-brilon.de\/?cat=102"},"img":{"alt_text":"","src":"https:\/\/i0.wp.com\/www.feuerwehr-brilon.de\/wp-up\/2020\/02\/Oelspur.jpg?resize=350%2C200&ssl=1","width":350,"height":200,"srcset":"https:\/\/i0.wp.com\/www.feuerwehr-brilon.de\/wp-up\/2020\/02\/Oelspur.jpg?resize=350%2C200&ssl=1 1x, https:\/\/i0.wp.com\/www.feuerwehr-brilon.de\/wp-up\/2020\/02\/Oelspur.jpg?resize=525%2C300&ssl=1 1.5x"},"classes":[]},{"id":23460,"url":"https:\/\/www.feuerwehr-brilon.de\/?p=23460","url_meta":{"origin":31597,"position":1},"title":"+++ Einsatz +++","author":"Andreas Becker","date":"7. Mai 2021","format":false,"excerpt":"07.05. 18:46Uhr, Hilfeleistung, H0 \u00d6lspur, Madfeld, B7 - Abzw Madfeld, \u00d6lspur nach VU","rel":"","context":"In &quot;Alarmierungen&quot;","block_context":{"text":"Alarmierungen","link":"https:\/\/www.feuerwehr-brilon.de\/?cat=102"},"img":{"alt_text":"","src":"https:\/\/i0.wp.com\/www.feuerwehr-brilon.de\/wp-up\/2020\/02\/Oelspur.jpg?resize=350%2C200&ssl=1","width":350,"height":200,"srcset":"https:\/\/i0.wp.com\/www.feuerwehr-brilon.de\/wp-up\/2020\/02\/Oelspur.jpg?resize=350%2C200&ssl=1 1x, https:\/\/i0.wp.com\/www.feuerwehr-brilon.de\/wp-up\/2020\/02\/Oelspur.jpg?resize=525%2C300&ssl=1 1.5x"},"classes":[]},{"id":31574,"url":"https:\/\/www.feuerwehr-brilon.de\/?p=31574","url_meta":{"origin":31597,"position":2},"title":"+++ Einsatz +++","author":"Andreas Becker","date":"11. Oktober 2023","format":false,"excerpt":"07.10. 18:28Uhr, Hilfeleistung, H0 \u00d6lspur, Madfeld, L637, \u00d6lspur","rel":"","context":"In &quot;Alarmierungen&quot;","block_context":{"text":"Alarmierungen","link":"https:\/\/www.feuerwehr-brilon.de\/?cat=102"},"img":{"alt_text":"","src":"https:\/\/i0.wp.com\/www.feuerwehr-brilon.de\/wp-up\/2022\/10\/sym_Oelspur_.jpg?resize=350%2C200&ssl=1","width":350,"height":200,"srcset":"https:\/\/i0.wp.com\/www.feuerwehr-brilon.de\/wp-up\/2022\/10\/sym_Oelspur_.jpg?resize=350%2C200&ssl=1 1x, https:\/\/i0.wp.com\/www.feuerwehr-brilon.de\/wp-up\/2022\/10\/sym_Oelspur_.jpg?resize=525%2C300&ssl=1 1.5x, https:\/\/i0.wp.com\/www.feuerwehr-brilon.de\/wp-up\/2022\/10\/sym_Oelspur_.jpg?resize=700%2C400&ssl=1 2x"},"classes":[]},{"id":23504,"url":"https:\/\/www.feuerwehr-brilon.de\/?p=23504","url_meta":{"origin":31597,"position":3},"title":"+++ Einsatz +++","author":"Andreas Becker","date":"24. Mai 2021","format":false,"excerpt":"24.05. 15:05Uhr, Hilfeleistung, H0 \u00d6lspur, Brilon, B251, \u00d6lspur","rel":"","context":"In &quot;Alarmierungen&quot;","block_context":{"text":"Alarmierungen","link":"https:\/\/www.feuerwehr-brilon.de\/?cat=102"},"img":{"alt_text":"","src":"","width":0,"height":0},"classes":[]},{"id":30849,"url":"https:\/\/www.feuerwehr-brilon.de\/?p=30849","url_meta":{"origin":31597,"position":4},"title":"+++ Einsatz +++","author":"Andreas Becker","date":"6. M\u00e4rz 2023","format":false,"excerpt":"06.03. 13:05Uhr, Hilfeleistung, H0 \u00d6lspur, Alme, Parkplatz - Moosspringstr., \u00d6lspur","rel":"","context":"In &quot;Alarmierungen&quot;","block_context":{"text":"Alarmierungen","link":"https:\/\/www.feuerwehr-brilon.de\/?cat=102"},"img":{"alt_text":"","src":"https:\/\/i0.wp.com\/www.feuerwehr-brilon.de\/wp-up\/2022\/10\/sym_Oelspur_.jpg?resize=350%2C200&ssl=1","width":350,"height":200,"srcset":"https:\/\/i0.wp.com\/www.feuerwehr-brilon.de\/wp-up\/2022\/10\/sym_Oelspur_.jpg?resize=350%2C200&ssl=1 1x, https:\/\/i0.wp.com\/www.feuerwehr-brilon.de\/wp-up\/2022\/10\/sym_Oelspur_.jpg?resize=525%2C300&ssl=1 1.5x, https:\/\/i0.wp.com\/www.feuerwehr-brilon.de\/wp-up\/2022\/10\/sym_Oelspur_.jpg?resize=700%2C400&ssl=1 2x"},"classes":[]},{"id":33702,"url":"https:\/\/www.feuerwehr-brilon.de\/?p=33702","url_meta":{"origin":31597,"position":5},"title":"+++ Einsatz +++","author":"Andreas Becker","date":"3. September 2025","format":false,"excerpt":"02.09.19:14Uhr, Hilfeleistung, H0 \u00d6lspur, Madfeld, Bernhard-Bartmann-Str., \u00d6lspur","rel":"","context":"In &quot;Alarmierungen&quot;","block_context":{"text":"Alarmierungen","link":"https:\/\/www.feuerwehr-brilon.de\/?cat=102"},"img":{"alt_text":"","src":"","width":0,"height":0},"classes":[]}],"_links":{"self":[{"href":"https:\/\/www.feuerwehr-brilon.de\/index.php?rest_route=\/wp\/v2\/posts\/31597","targetHints":{"allow":["GET"]}}],"collection":[{"href":"https:\/\/www.feuerwehr-brilon.de\/index.php?rest_route=\/wp\/v2\/posts"}],"about":[{"href":"https:\/\/www.feuerwehr-brilon.de\/index.php?rest_route=\/wp\/v2\/types\/post"}],"author":[{"embeddable":true,"href":"https:\/\/www.feuerwehr-brilon.de\/index.php?rest_route=\/wp\/v2\/users\/8"}],"replies":[{"embeddable":true,"href":"https:\/\/www.feuerwehr-brilon.de\/index.php?rest_route=%2Fwp%2Fv2%2Fcomments&post=31597"}],"version-history":[{"count":1,"href":"https:\/\/www.feuerwehr-brilon.de\/index.php?rest_route=\/wp\/v2\/posts\/31597\/revisions"}],"predecessor-version":[{"id":31598,"href":"https:\/\/www.feuerwehr-brilon.de\/index.php?rest_route=\/wp\/v2\/posts\/31597\/revisions\/31598"}],"wp:featuredmedia":[{"embeddable":true,"href":"https:\/\/www.feuerwehr-brilon.de\/index.php?rest_route=\/wp\/v2\/media\/30863"}],"wp:attachment":[{"href":"https:\/\/www.feuerwehr-brilon.de\/index.php?rest_route=%2Fwp%2Fv2%2Fmedia&parent=31597"}],"wp:term":[{"taxonomy":"category","embeddable":true,"href":"https:\/\/www.feuerwehr-brilon.de\/index.php?rest_route=%2Fwp%2Fv2%2Fcategories&post=31597"},{"taxonomy":"post_tag","embeddable":true,"href":"https:\/\/www.feuerwehr-brilon.de\/index.php?rest_route=%2Fwp%2Fv2%2Ftags&post=31597"}],"curies":[{"name":"wp","href":"https:\/\/api.w.org\/{rel}","templated":true}]}}