{"id":31602,"date":"2023-10-23T09:42:21","date_gmt":"2023-10-23T07:42:21","guid":{"rendered":"https:\/\/www.feuerwehr-brilon.de\/?p=31602"},"modified":"2023-10-23T09:42:21","modified_gmt":"2023-10-23T07:42:21","slug":"einsatz-849","status":"publish","type":"post","link":"https:\/\/www.feuerwehr-brilon.de\/?p=31602","title":{"rendered":"+++ Einsatz +++"},"content":{"rendered":"<p>23.10. 05:03Uhr, Brandeinsatz, F3Y, Alme, Kreuzweg, Kellerbrand<\/p>\n","protected":false},"excerpt":{"rendered":"<p>23.10. 05:03Uhr, Brandeinsatz, F3Y, Alme, Kreuzweg, Kellerbrand<\/p>\n","protected":false},"author":8,"featured_media":0,"comment_status":"closed","ping_status":"closed","sticky":false,"template":"","format":"standard","meta":{"_exactmetrics_skip_tracking":false,"_exactmetrics_sitenote_active":false,"_exactmetrics_sitenote_note":"","_exactmetrics_sitenote_category":0,"jetpack_post_was_ever_published":false,"_jetpack_newsletter_access":"","_jetpack_dont_email_post_to_subs":false,"_jetpack_newsletter_tier_id":0,"_jetpack_memberships_contains_paywalled_content":false,"_jetpack_memberships_contains_paid_content":false,"footnotes":""},"categories":[102],"tags":[],"class_list":["post-31602","post","type-post","status-publish","format-standard","hentry","category-alarmierungen"],"jetpack_featured_media_url":"","jetpack_shortlink":"https:\/\/wp.me\/pCIJa-8dI","jetpack_sharing_enabled":true,"jetpack-related-posts":[{"id":34598,"url":"https:\/\/www.feuerwehr-brilon.de\/?p=34598","url_meta":{"origin":31602,"position":0},"title":"+++ Einsatz +++","author":"Marcus Bange","date":"9. April 2026","format":false,"excerpt":"09.04. 12:50Uhr, Brandeinsatz, F3Y Dachstuhlbrand, Alme, Schlo\u00dfstra\u00dfe, Personen auf dem Dach","rel":"","context":"In &quot;Alarmierungen&quot;","block_context":{"text":"Alarmierungen","link":"https:\/\/www.feuerwehr-brilon.de\/?cat=102"},"img":{"alt_text":"","src":"","width":0,"height":0},"classes":[]},{"id":31144,"url":"https:\/\/www.feuerwehr-brilon.de\/?p=31144","url_meta":{"origin":31602,"position":1},"title":"+++ Einsatz +++","author":"Andreas Becker","date":"5. Mai 2023","format":false,"excerpt":"05.05. 08:00Uhr, Brandeinsatz, F3, Alme, Burgstra\u00dfe, Kellerbrand","rel":"","context":"In &quot;Alarmierungen&quot;","block_context":{"text":"Alarmierungen","link":"https:\/\/www.feuerwehr-brilon.de\/?cat=102"},"img":{"alt_text":"","src":"","width":0,"height":0},"classes":[]},{"id":31601,"url":"https:\/\/www.feuerwehr-brilon.de\/?p=31601","url_meta":{"origin":31602,"position":2},"title":"Kellerbrand in Alme","author":"Andreas Becker","date":"23. Oktober 2023","format":false,"excerpt":"Alme. Vom Rauchmelder geweckt wurde eine Familie in Alme am Montagmorgen (23.10.). Dadurch wurde sie auf ein Feuer in ihrem Keller aufmerksam. Umgehend verlie\u00dfen sie das Einfamilienhaus und verst\u00e4ndigten die Feuerwehr. Gegen kurz nach 5 Uhr wurden die Einheiten aus Alme, Nehden, W\u00fclfte, Th\u00fclen und Brilon, sowie der Rettungsdienst mit\u2026","rel":"","context":"In &quot;Eins\u00e4tze 2023&quot;","block_context":{"text":"Eins\u00e4tze 2023","link":"https:\/\/www.feuerwehr-brilon.de\/?cat=335"},"img":{"alt_text":"","src":"https:\/\/i0.wp.com\/www.feuerwehr-brilon.de\/wp-up\/2023\/10\/IMG_9900_hp.jpg?resize=350%2C200&ssl=1","width":350,"height":200,"srcset":"https:\/\/i0.wp.com\/www.feuerwehr-brilon.de\/wp-up\/2023\/10\/IMG_9900_hp.jpg?resize=350%2C200&ssl=1 1x, https:\/\/i0.wp.com\/www.feuerwehr-brilon.de\/wp-up\/2023\/10\/IMG_9900_hp.jpg?resize=525%2C300&ssl=1 1.5x, https:\/\/i0.wp.com\/www.feuerwehr-brilon.de\/wp-up\/2023\/10\/IMG_9900_hp.jpg?resize=700%2C400&ssl=1 2x"},"classes":[]},{"id":33762,"url":"https:\/\/www.feuerwehr-brilon.de\/?p=33762","url_meta":{"origin":31602,"position":3},"title":"+++ Einsatz +++","author":"Erwin Mungenast","date":"21. September 2025","format":false,"excerpt":"21.09. 08:25Uhr, Brandeinsatz, F3Y, Brilon, Helleholweg, brennt Elektroverteilung in Hotel","rel":"","context":"In &quot;Alarmierungen&quot;","block_context":{"text":"Alarmierungen","link":"https:\/\/www.feuerwehr-brilon.de\/?cat=102"},"img":{"alt_text":"","src":"","width":0,"height":0},"classes":[]},{"id":31640,"url":"https:\/\/www.feuerwehr-brilon.de\/?p=31640","url_meta":{"origin":31602,"position":4},"title":"+++ Einsatz +++","author":"Marcus Bange","date":"27. Oktober 2023","format":false,"excerpt":"27.10. 15:03Uhr, Hilfeleistung, H2 klemm, Nehden Rtg Alme, Unfall mit 1 eingeklemmten Person","rel":"","context":"In &quot;Alarmierungen&quot;","block_context":{"text":"Alarmierungen","link":"https:\/\/www.feuerwehr-brilon.de\/?cat=102"},"img":{"alt_text":"","src":"https:\/\/i0.wp.com\/www.feuerwehr-brilon.de\/wp-up\/2022\/12\/42352cc9-1c78-4276-b449-72b12b378cd6.jpg?resize=350%2C200&ssl=1","width":350,"height":200,"srcset":"https:\/\/i0.wp.com\/www.feuerwehr-brilon.de\/wp-up\/2022\/12\/42352cc9-1c78-4276-b449-72b12b378cd6.jpg?resize=350%2C200&ssl=1 1x, https:\/\/i0.wp.com\/www.feuerwehr-brilon.de\/wp-up\/2022\/12\/42352cc9-1c78-4276-b449-72b12b378cd6.jpg?resize=525%2C300&ssl=1 1.5x, https:\/\/i0.wp.com\/www.feuerwehr-brilon.de\/wp-up\/2022\/12\/42352cc9-1c78-4276-b449-72b12b378cd6.jpg?resize=700%2C400&ssl=1 2x"},"classes":[]},{"id":33670,"url":"https:\/\/www.feuerwehr-brilon.de\/?p=33670","url_meta":{"origin":31602,"position":5},"title":"+++ Einsatz +++","author":"Andreas Becker","date":"14. August 2025","format":false,"excerpt":"13.08. 18:07Uhr, Brandeinsatz, F3, Gudenhagen, Pulverm\u00fchle, Kellerbrand","rel":"","context":"In &quot;Alarmierungen&quot;","block_context":{"text":"Alarmierungen","link":"https:\/\/www.feuerwehr-brilon.de\/?cat=102"},"img":{"alt_text":"","src":"","width":0,"height":0},"classes":[]}],"_links":{"self":[{"href":"https:\/\/www.feuerwehr-brilon.de\/index.php?rest_route=\/wp\/v2\/posts\/31602","targetHints":{"allow":["GET"]}}],"collection":[{"href":"https:\/\/www.feuerwehr-brilon.de\/index.php?rest_route=\/wp\/v2\/posts"}],"about":[{"href":"https:\/\/www.feuerwehr-brilon.de\/index.php?rest_route=\/wp\/v2\/types\/post"}],"author":[{"embeddable":true,"href":"https:\/\/www.feuerwehr-brilon.de\/index.php?rest_route=\/wp\/v2\/users\/8"}],"replies":[{"embeddable":true,"href":"https:\/\/www.feuerwehr-brilon.de\/index.php?rest_route=%2Fwp%2Fv2%2Fcomments&post=31602"}],"version-history":[{"count":1,"href":"https:\/\/www.feuerwehr-brilon.de\/index.php?rest_route=\/wp\/v2\/posts\/31602\/revisions"}],"predecessor-version":[{"id":31603,"href":"https:\/\/www.feuerwehr-brilon.de\/index.php?rest_route=\/wp\/v2\/posts\/31602\/revisions\/31603"}],"wp:attachment":[{"href":"https:\/\/www.feuerwehr-brilon.de\/index.php?rest_route=%2Fwp%2Fv2%2Fmedia&parent=31602"}],"wp:term":[{"taxonomy":"category","embeddable":true,"href":"https:\/\/www.feuerwehr-brilon.de\/index.php?rest_route=%2Fwp%2Fv2%2Fcategories&post=31602"},{"taxonomy":"post_tag","embeddable":true,"href":"https:\/\/www.feuerwehr-brilon.de\/index.php?rest_route=%2Fwp%2Fv2%2Ftags&post=31602"}],"curies":[{"name":"wp","href":"https:\/\/api.w.org\/{rel}","templated":true}]}}