{"id":31630,"date":"2023-10-26T12:13:36","date_gmt":"2023-10-26T10:13:36","guid":{"rendered":"https:\/\/www.feuerwehr-brilon.de\/?p=31630"},"modified":"2023-10-26T12:13:36","modified_gmt":"2023-10-26T10:13:36","slug":"einsatz-851","status":"publish","type":"post","link":"https:\/\/www.feuerwehr-brilon.de\/?p=31630","title":{"rendered":"+++ Einsatz +++"},"content":{"rendered":"<p>25.10. 20:03Uhr, Hilfeleistung, H0 T\u00fcr, Nehden, Zur Hebe, T\u00fcr\u00f6ffnung<\/p>\n","protected":false},"excerpt":{"rendered":"<p>25.10. 20:03Uhr, Hilfeleistung, H0 T\u00fcr, Nehden, Zur Hebe, T\u00fcr\u00f6ffnung<\/p>\n","protected":false},"author":8,"featured_media":30206,"comment_status":"closed","ping_status":"closed","sticky":false,"template":"","format":"standard","meta":{"_exactmetrics_skip_tracking":false,"_exactmetrics_sitenote_active":false,"_exactmetrics_sitenote_note":"","_exactmetrics_sitenote_category":0,"jetpack_post_was_ever_published":false,"_jetpack_newsletter_access":"","_jetpack_dont_email_post_to_subs":false,"_jetpack_newsletter_tier_id":0,"_jetpack_memberships_contains_paywalled_content":false,"_jetpack_memberships_contains_paid_content":false,"footnotes":""},"categories":[102],"tags":[],"class_list":["post-31630","post","type-post","status-publish","format-standard","has-post-thumbnail","hentry","category-alarmierungen"],"jetpack_featured_media_url":"https:\/\/www.feuerwehr-brilon.de\/wp-up\/2022\/09\/sym_tuer.jpg","jetpack_shortlink":"https:\/\/wp.me\/pCIJa-8ea","jetpack_sharing_enabled":true,"jetpack-related-posts":[{"id":31046,"url":"https:\/\/www.feuerwehr-brilon.de\/?p=31046","url_meta":{"origin":31630,"position":0},"title":"+++ Einsatz +++","author":"Andreas Becker","date":"23. April 2023","format":false,"excerpt":"23.04. 10:03Uhr, Hilfeleistung, H0 T\u00fcr, Brilon, Ackerstra\u00dfe, T\u00fcr\u00f6ffnung","rel":"","context":"In &quot;Alarmierungen&quot;","block_context":{"text":"Alarmierungen","link":"https:\/\/www.feuerwehr-brilon.de\/?cat=102"},"img":{"alt_text":"","src":"","width":0,"height":0},"classes":[]},{"id":32545,"url":"https:\/\/www.feuerwehr-brilon.de\/?p=32545","url_meta":{"origin":31630,"position":1},"title":"+++ Einsatz +++","author":"Andreas Becker","date":"1. Juli 2024","format":false,"excerpt":"01.07. 14:03Uhr, Hilfeleistung, H0 T\u00fcr, Brilon, Kalvarienberg, T\u00fcr\u00f6ffnung","rel":"","context":"In &quot;Alarmierungen&quot;","block_context":{"text":"Alarmierungen","link":"https:\/\/www.feuerwehr-brilon.de\/?cat=102"},"img":{"alt_text":"","src":"https:\/\/i0.wp.com\/www.feuerwehr-brilon.de\/wp-up\/2023\/03\/sym_HLF-2.jpg?resize=350%2C200&ssl=1","width":350,"height":200,"srcset":"https:\/\/i0.wp.com\/www.feuerwehr-brilon.de\/wp-up\/2023\/03\/sym_HLF-2.jpg?resize=350%2C200&ssl=1 1x, https:\/\/i0.wp.com\/www.feuerwehr-brilon.de\/wp-up\/2023\/03\/sym_HLF-2.jpg?resize=525%2C300&ssl=1 1.5x, https:\/\/i0.wp.com\/www.feuerwehr-brilon.de\/wp-up\/2023\/03\/sym_HLF-2.jpg?resize=700%2C400&ssl=1 2x"},"classes":[]},{"id":32760,"url":"https:\/\/www.feuerwehr-brilon.de\/?p=32760","url_meta":{"origin":31630,"position":2},"title":"+++ Einsatz +++","author":"Andreas Becker","date":"7. September 2024","format":false,"excerpt":"06.07. 18:03Uhr, Hilfeleistung, H0 T\u00fcr, Brilon, Nikolaistra\u00dfe, T\u00fcr\u00f6ffnung","rel":"","context":"In &quot;Alarmierungen&quot;","block_context":{"text":"Alarmierungen","link":"https:\/\/www.feuerwehr-brilon.de\/?cat=102"},"img":{"alt_text":"","src":"","width":0,"height":0},"classes":[]},{"id":32924,"url":"https:\/\/www.feuerwehr-brilon.de\/?p=32924","url_meta":{"origin":31630,"position":3},"title":"+++ Einsatz +++","author":"Andreas Becker","date":"26. Oktober 2024","format":false,"excerpt":"25.10. 17:30Uhr, Hilfeleistung, H0 T\u00fcr, Alme, Zum M\u00fchlental, T\u00fcr\u00f6ffnung","rel":"","context":"In &quot;Alarmierungen&quot;","block_context":{"text":"Alarmierungen","link":"https:\/\/www.feuerwehr-brilon.de\/?cat=102"},"img":{"alt_text":"","src":"","width":0,"height":0},"classes":[]},{"id":29820,"url":"https:\/\/www.feuerwehr-brilon.de\/?p=29820","url_meta":{"origin":31630,"position":4},"title":"+++ Einsatz +++","author":"Andreas Becker","date":"27. Mai 2022","format":false,"excerpt":"27.05. 01:44Uhr, Hilfeleistung, H0, Nehden, Zur Hebe, Tragehilfe","rel":"","context":"In &quot;Alarmierungen&quot;","block_context":{"text":"Alarmierungen","link":"https:\/\/www.feuerwehr-brilon.de\/?cat=102"},"img":{"alt_text":"","src":"","width":0,"height":0},"classes":[]},{"id":23398,"url":"https:\/\/www.feuerwehr-brilon.de\/?p=23398","url_meta":{"origin":31630,"position":5},"title":"+++ Einsatz +++","author":"Andreas Becker","date":"13. April 2021","format":false,"excerpt":"13.04. 07:09Uhr, Hilfeleistung, H0 T\u00fcr, Bontkirchen, Zur Harbecke, T\u00fcr\u00f6ffnung","rel":"","context":"In &quot;Alarmierungen&quot;","block_context":{"text":"Alarmierungen","link":"https:\/\/www.feuerwehr-brilon.de\/?cat=102"},"img":{"alt_text":"","src":"https:\/\/i0.wp.com\/www.feuerwehr-brilon.de\/wp-up\/2020\/08\/Tueroeffnung.jpg?resize=350%2C200&ssl=1","width":350,"height":200,"srcset":"https:\/\/i0.wp.com\/www.feuerwehr-brilon.de\/wp-up\/2020\/08\/Tueroeffnung.jpg?resize=350%2C200&ssl=1 1x, https:\/\/i0.wp.com\/www.feuerwehr-brilon.de\/wp-up\/2020\/08\/Tueroeffnung.jpg?resize=525%2C300&ssl=1 1.5x, https:\/\/i0.wp.com\/www.feuerwehr-brilon.de\/wp-up\/2020\/08\/Tueroeffnung.jpg?resize=700%2C400&ssl=1 2x"},"classes":[]}],"_links":{"self":[{"href":"https:\/\/www.feuerwehr-brilon.de\/index.php?rest_route=\/wp\/v2\/posts\/31630","targetHints":{"allow":["GET"]}}],"collection":[{"href":"https:\/\/www.feuerwehr-brilon.de\/index.php?rest_route=\/wp\/v2\/posts"}],"about":[{"href":"https:\/\/www.feuerwehr-brilon.de\/index.php?rest_route=\/wp\/v2\/types\/post"}],"author":[{"embeddable":true,"href":"https:\/\/www.feuerwehr-brilon.de\/index.php?rest_route=\/wp\/v2\/users\/8"}],"replies":[{"embeddable":true,"href":"https:\/\/www.feuerwehr-brilon.de\/index.php?rest_route=%2Fwp%2Fv2%2Fcomments&post=31630"}],"version-history":[{"count":1,"href":"https:\/\/www.feuerwehr-brilon.de\/index.php?rest_route=\/wp\/v2\/posts\/31630\/revisions"}],"predecessor-version":[{"id":31631,"href":"https:\/\/www.feuerwehr-brilon.de\/index.php?rest_route=\/wp\/v2\/posts\/31630\/revisions\/31631"}],"wp:featuredmedia":[{"embeddable":true,"href":"https:\/\/www.feuerwehr-brilon.de\/index.php?rest_route=\/wp\/v2\/media\/30206"}],"wp:attachment":[{"href":"https:\/\/www.feuerwehr-brilon.de\/index.php?rest_route=%2Fwp%2Fv2%2Fmedia&parent=31630"}],"wp:term":[{"taxonomy":"category","embeddable":true,"href":"https:\/\/www.feuerwehr-brilon.de\/index.php?rest_route=%2Fwp%2Fv2%2Fcategories&post=31630"},{"taxonomy":"post_tag","embeddable":true,"href":"https:\/\/www.feuerwehr-brilon.de\/index.php?rest_route=%2Fwp%2Fv2%2Ftags&post=31630"}],"curies":[{"name":"wp","href":"https:\/\/api.w.org\/{rel}","templated":true}]}}