{"id":31652,"date":"2023-10-29T21:25:29","date_gmt":"2023-10-29T19:25:29","guid":{"rendered":"https:\/\/www.feuerwehr-brilon.de\/?p=31652"},"modified":"2023-10-29T21:25:29","modified_gmt":"2023-10-29T19:25:29","slug":"einsatz-853","status":"publish","type":"post","link":"https:\/\/www.feuerwehr-brilon.de\/?p=31652","title":{"rendered":"+++ Einsatz +++"},"content":{"rendered":"<p>28.10. 11:37Uhr, Hilfeleistung, H0 \u00d6lspur, Brilon, Im Kissen, \u00d6lspur<\/p>\n","protected":false},"excerpt":{"rendered":"<p>28.10. 11:37Uhr, Hilfeleistung, H0 \u00d6lspur, Brilon, Im Kissen, \u00d6lspur<\/p>\n","protected":false},"author":8,"featured_media":0,"comment_status":"closed","ping_status":"closed","sticky":false,"template":"","format":"standard","meta":{"_exactmetrics_skip_tracking":false,"_exactmetrics_sitenote_active":false,"_exactmetrics_sitenote_note":"","_exactmetrics_sitenote_category":0,"jetpack_post_was_ever_published":false,"_jetpack_newsletter_access":"","_jetpack_dont_email_post_to_subs":false,"_jetpack_newsletter_tier_id":0,"_jetpack_memberships_contains_paywalled_content":false,"_jetpack_memberships_contains_paid_content":false,"footnotes":""},"categories":[102],"tags":[],"class_list":["post-31652","post","type-post","status-publish","format-standard","hentry","category-alarmierungen"],"jetpack_featured_media_url":"","jetpack_shortlink":"https:\/\/wp.me\/pCIJa-8ew","jetpack_sharing_enabled":true,"jetpack-related-posts":[{"id":33326,"url":"https:\/\/www.feuerwehr-brilon.de\/?p=33326","url_meta":{"origin":31652,"position":0},"title":"+++ Einsatz +++","author":"Andreas Becker","date":"5. April 2025","format":false,"excerpt":"04.04. 16:37Uhr, Hilfeleistung, H0 \u00d6lspur, Brilon, Am Poppenberg, \u00d6lspur","rel":"","context":"In &quot;Alarmierungen&quot;","block_context":{"text":"Alarmierungen","link":"https:\/\/www.feuerwehr-brilon.de\/?cat=102"},"img":{"alt_text":"","src":"","width":0,"height":0},"classes":[]},{"id":30341,"url":"https:\/\/www.feuerwehr-brilon.de\/?p=30341","url_meta":{"origin":31652,"position":1},"title":"+++ Einsatz +++","author":"Andreas Becker","date":"20. November 2022","format":false,"excerpt":"18.11. 15:37Uhr, Hilfeleistung, H0 \u00d6lspur, Alme, B480, \u00d6lspur nach VU","rel":"","context":"In &quot;Alarmierungen&quot;","block_context":{"text":"Alarmierungen","link":"https:\/\/www.feuerwehr-brilon.de\/?cat=102"},"img":{"alt_text":"","src":"https:\/\/i0.wp.com\/www.feuerwehr-brilon.de\/wp-up\/2022\/10\/sym_Oelspur_.jpg?resize=350%2C200&ssl=1","width":350,"height":200,"srcset":"https:\/\/i0.wp.com\/www.feuerwehr-brilon.de\/wp-up\/2022\/10\/sym_Oelspur_.jpg?resize=350%2C200&ssl=1 1x, https:\/\/i0.wp.com\/www.feuerwehr-brilon.de\/wp-up\/2022\/10\/sym_Oelspur_.jpg?resize=525%2C300&ssl=1 1.5x, https:\/\/i0.wp.com\/www.feuerwehr-brilon.de\/wp-up\/2022\/10\/sym_Oelspur_.jpg?resize=700%2C400&ssl=1 2x"},"classes":[]},{"id":21756,"url":"https:\/\/www.feuerwehr-brilon.de\/?p=21756","url_meta":{"origin":31652,"position":2},"title":"07.09. 11:37Uhr, Hilfeleistung, H0 \u00d6lspur,\u2026","author":"Andreas Becker","date":"7. September 2019","format":false,"excerpt":"07.09. 11:37Uhr, Hilfeleistung, H0 \u00d6lspur, Petersborn, Am Haidkn\u00fcckel, \u00d6lspur","rel":"","context":"In &quot;Alarmierungen&quot;","block_context":{"text":"Alarmierungen","link":"https:\/\/www.feuerwehr-brilon.de\/?cat=102"},"img":{"alt_text":"","src":"","width":0,"height":0},"classes":[]},{"id":21319,"url":"https:\/\/www.feuerwehr-brilon.de\/?p=21319","url_meta":{"origin":31652,"position":3},"title":"22.05. 11:24Uhr, Hilfeleistung, H0 \u00d6lspur,\u2026","author":"Andreas Becker","date":"22. Mai 2019","format":false,"excerpt":"22.05. 11:24Uhr, Hilfeleistung, H0 \u00d6lspur, Brilon, Im Kissen, Hydraulik\u00f6l l\u00e4uft aus","rel":"","context":"In &quot;Alarmierungen&quot;","block_context":{"text":"Alarmierungen","link":"https:\/\/www.feuerwehr-brilon.de\/?cat=102"},"img":{"alt_text":"","src":"","width":0,"height":0},"classes":[]},{"id":16425,"url":"https:\/\/www.feuerwehr-brilon.de\/?p=16425","url_meta":{"origin":31652,"position":4},"title":"13.09. 08:19Uhr, Hilfeleistung, H0 \u00d6lspur,\u2026","author":"Andreas Becker","date":"13. September 2018","format":false,"excerpt":"13.09. 08:19Uhr, Hilfeleistung, H0 \u00d6lspur, Brilon, Im Kissen, 20m Dieselspur","rel":"","context":"In &quot;Alarmierungen&quot;","block_context":{"text":"Alarmierungen","link":"https:\/\/www.feuerwehr-brilon.de\/?cat=102"},"img":{"alt_text":"","src":"","width":0,"height":0},"classes":[]},{"id":32827,"url":"https:\/\/www.feuerwehr-brilon.de\/?p=32827","url_meta":{"origin":31652,"position":5},"title":"+++ Einsatz +++","author":"Andreas Becker","date":"3. Oktober 2024","format":false,"excerpt":"02.10. 18:39Uhr, Hilfeleistung, H0 \u00d6lspur, W\u00fclfte, Im Wenster, \u00d6lspur","rel":"","context":"In &quot;Alarmierungen&quot;","block_context":{"text":"Alarmierungen","link":"https:\/\/www.feuerwehr-brilon.de\/?cat=102"},"img":{"alt_text":"","src":"","width":0,"height":0},"classes":[]}],"_links":{"self":[{"href":"https:\/\/www.feuerwehr-brilon.de\/index.php?rest_route=\/wp\/v2\/posts\/31652","targetHints":{"allow":["GET"]}}],"collection":[{"href":"https:\/\/www.feuerwehr-brilon.de\/index.php?rest_route=\/wp\/v2\/posts"}],"about":[{"href":"https:\/\/www.feuerwehr-brilon.de\/index.php?rest_route=\/wp\/v2\/types\/post"}],"author":[{"embeddable":true,"href":"https:\/\/www.feuerwehr-brilon.de\/index.php?rest_route=\/wp\/v2\/users\/8"}],"replies":[{"embeddable":true,"href":"https:\/\/www.feuerwehr-brilon.de\/index.php?rest_route=%2Fwp%2Fv2%2Fcomments&post=31652"}],"version-history":[{"count":1,"href":"https:\/\/www.feuerwehr-brilon.de\/index.php?rest_route=\/wp\/v2\/posts\/31652\/revisions"}],"predecessor-version":[{"id":31653,"href":"https:\/\/www.feuerwehr-brilon.de\/index.php?rest_route=\/wp\/v2\/posts\/31652\/revisions\/31653"}],"wp:attachment":[{"href":"https:\/\/www.feuerwehr-brilon.de\/index.php?rest_route=%2Fwp%2Fv2%2Fmedia&parent=31652"}],"wp:term":[{"taxonomy":"category","embeddable":true,"href":"https:\/\/www.feuerwehr-brilon.de\/index.php?rest_route=%2Fwp%2Fv2%2Fcategories&post=31652"},{"taxonomy":"post_tag","embeddable":true,"href":"https:\/\/www.feuerwehr-brilon.de\/index.php?rest_route=%2Fwp%2Fv2%2Ftags&post=31652"}],"curies":[{"name":"wp","href":"https:\/\/api.w.org\/{rel}","templated":true}]}}