{"id":31670,"date":"2023-11-01T19:49:14","date_gmt":"2023-11-01T17:49:14","guid":{"rendered":"https:\/\/www.feuerwehr-brilon.de\/?p=31670"},"modified":"2023-11-01T19:49:14","modified_gmt":"2023-11-01T17:49:14","slug":"einsatz-855","status":"publish","type":"post","link":"https:\/\/www.feuerwehr-brilon.de\/?p=31670","title":{"rendered":"+++ Einsatz +++"},"content":{"rendered":"<p>01.11. 13:01Uhr, Hilfeleistung, H0 Tragehilfe, Brilon, Plattenberg\/Parcour Europa, Fu\u00dfverletzung <\/p>\n","protected":false},"excerpt":{"rendered":"<p>01.11. 13:01Uhr, Hilfeleistung, H0 Tragehilfe, Brilon, Plattenberg\/Parcour Europa, Fu\u00dfverletzung<\/p>\n","protected":false},"author":5,"featured_media":31673,"comment_status":"closed","ping_status":"closed","sticky":false,"template":"","format":"standard","meta":{"_exactmetrics_skip_tracking":false,"_exactmetrics_sitenote_active":false,"_exactmetrics_sitenote_note":"","_exactmetrics_sitenote_category":0,"jetpack_post_was_ever_published":false,"_jetpack_newsletter_access":"","_jetpack_dont_email_post_to_subs":false,"_jetpack_newsletter_tier_id":0,"_jetpack_memberships_contains_paywalled_content":false,"_jetpack_memberships_contains_paid_content":false,"footnotes":""},"categories":[102],"tags":[],"class_list":["post-31670","post","type-post","status-publish","format-standard","has-post-thumbnail","hentry","category-alarmierungen"],"jetpack_featured_media_url":"https:\/\/www.feuerwehr-brilon.de\/wp-up\/2023\/11\/Tragehilfe-Bilstein-3.jpg","jetpack_shortlink":"https:\/\/wp.me\/pCIJa-8eO","jetpack_sharing_enabled":true,"jetpack-related-posts":[{"id":33181,"url":"https:\/\/www.feuerwehr-brilon.de\/?p=33181","url_meta":{"origin":31670,"position":0},"title":"+++ Einsatz +++","author":"Andreas Becker","date":"4. Februar 2025","format":false,"excerpt":"04.02. 13:55Uhr, Hilfeleistung, H0 Trageh, Brilon, Liboriusstr., Tragehilfe","rel":"","context":"In &quot;Alarmierungen&quot;","block_context":{"text":"Alarmierungen","link":"https:\/\/www.feuerwehr-brilon.de\/?cat=102"},"img":{"alt_text":"","src":"","width":0,"height":0},"classes":[]},{"id":33446,"url":"https:\/\/www.feuerwehr-brilon.de\/?p=33446","url_meta":{"origin":31670,"position":1},"title":"+++ Einsatz +++","author":"Andreas Becker","date":"12. Mai 2025","format":false,"excerpt":"12.05. 19:11Uhr, Hilfeleistung, H0 \u00d6lspur, Brilon, Plattenberg, \u00d6lspur nach VU","rel":"","context":"In &quot;Alarmierungen&quot;","block_context":{"text":"Alarmierungen","link":"https:\/\/www.feuerwehr-brilon.de\/?cat=102"},"img":{"alt_text":"","src":"","width":0,"height":0},"classes":[]},{"id":24037,"url":"https:\/\/www.feuerwehr-brilon.de\/?p=24037","url_meta":{"origin":31670,"position":2},"title":"+++ Einsatz +++","author":"Andreas Becker","date":"29. Dezember 2021","format":false,"excerpt":"29.12. 13:48Uhr, Hilfeleistung, H0 Tragehilfe, Bontkirchen, Niederstr., Unterst\u00fctzung RD","rel":"","context":"In &quot;Alarmierungen&quot;","block_context":{"text":"Alarmierungen","link":"https:\/\/www.feuerwehr-brilon.de\/?cat=102"},"img":{"alt_text":"","src":"","width":0,"height":0},"classes":[]},{"id":33720,"url":"https:\/\/www.feuerwehr-brilon.de\/?p=33720","url_meta":{"origin":31670,"position":3},"title":"+++ Einsatz +++","author":"Andreas Becker","date":"9. September 2025","format":false,"excerpt":"08.09. 18:01Uhr, Hilfeleistung, H0 \u00d6lspur, Brilon, Derkerborn, \u00d6lspur","rel":"","context":"In &quot;Alarmierungen&quot;","block_context":{"text":"Alarmierungen","link":"https:\/\/www.feuerwehr-brilon.de\/?cat=102"},"img":{"alt_text":"","src":"","width":0,"height":0},"classes":[]},{"id":24309,"url":"https:\/\/www.feuerwehr-brilon.de\/?p=24309","url_meta":{"origin":31670,"position":4},"title":"+++ Einsatz +++","author":"Andreas Becker","date":"13. M\u00e4rz 2022","format":false,"excerpt":"13.03. 22:01Uhr, Hilfeleistung, H0 T\u00fcr, Brilon, Amselweg, T\u00fcr\u00f6ffnung","rel":"","context":"In &quot;Alarmierungen&quot;","block_context":{"text":"Alarmierungen","link":"https:\/\/www.feuerwehr-brilon.de\/?cat=102"},"img":{"alt_text":"","src":"https:\/\/i0.wp.com\/www.feuerwehr-brilon.de\/wp-up\/2020\/08\/Tueroeffnung.jpg?resize=350%2C200&ssl=1","width":350,"height":200,"srcset":"https:\/\/i0.wp.com\/www.feuerwehr-brilon.de\/wp-up\/2020\/08\/Tueroeffnung.jpg?resize=350%2C200&ssl=1 1x, https:\/\/i0.wp.com\/www.feuerwehr-brilon.de\/wp-up\/2020\/08\/Tueroeffnung.jpg?resize=525%2C300&ssl=1 1.5x, https:\/\/i0.wp.com\/www.feuerwehr-brilon.de\/wp-up\/2020\/08\/Tueroeffnung.jpg?resize=700%2C400&ssl=1 2x"},"classes":[]},{"id":34527,"url":"https:\/\/www.feuerwehr-brilon.de\/?p=34527","url_meta":{"origin":31670,"position":5},"title":"+++ Einsatz +++","author":"Erwin Mungenast","date":"22. M\u00e4rz 2026","format":false,"excerpt":"22.03. 09:01Uhr, Hilfeleistung, H0 Sonstige, Brilon, Aam\u00fchlen, Tierrettung","rel":"","context":"In &quot;Alarmierungen&quot;","block_context":{"text":"Alarmierungen","link":"https:\/\/www.feuerwehr-brilon.de\/?cat=102"},"img":{"alt_text":"","src":"","width":0,"height":0},"classes":[]}],"_links":{"self":[{"href":"https:\/\/www.feuerwehr-brilon.de\/index.php?rest_route=\/wp\/v2\/posts\/31670","targetHints":{"allow":["GET"]}}],"collection":[{"href":"https:\/\/www.feuerwehr-brilon.de\/index.php?rest_route=\/wp\/v2\/posts"}],"about":[{"href":"https:\/\/www.feuerwehr-brilon.de\/index.php?rest_route=\/wp\/v2\/types\/post"}],"author":[{"embeddable":true,"href":"https:\/\/www.feuerwehr-brilon.de\/index.php?rest_route=\/wp\/v2\/users\/5"}],"replies":[{"embeddable":true,"href":"https:\/\/www.feuerwehr-brilon.de\/index.php?rest_route=%2Fwp%2Fv2%2Fcomments&post=31670"}],"version-history":[{"count":1,"href":"https:\/\/www.feuerwehr-brilon.de\/index.php?rest_route=\/wp\/v2\/posts\/31670\/revisions"}],"predecessor-version":[{"id":31674,"href":"https:\/\/www.feuerwehr-brilon.de\/index.php?rest_route=\/wp\/v2\/posts\/31670\/revisions\/31674"}],"wp:featuredmedia":[{"embeddable":true,"href":"https:\/\/www.feuerwehr-brilon.de\/index.php?rest_route=\/wp\/v2\/media\/31673"}],"wp:attachment":[{"href":"https:\/\/www.feuerwehr-brilon.de\/index.php?rest_route=%2Fwp%2Fv2%2Fmedia&parent=31670"}],"wp:term":[{"taxonomy":"category","embeddable":true,"href":"https:\/\/www.feuerwehr-brilon.de\/index.php?rest_route=%2Fwp%2Fv2%2Fcategories&post=31670"},{"taxonomy":"post_tag","embeddable":true,"href":"https:\/\/www.feuerwehr-brilon.de\/index.php?rest_route=%2Fwp%2Fv2%2Ftags&post=31670"}],"curies":[{"name":"wp","href":"https:\/\/api.w.org\/{rel}","templated":true}]}}