{"id":31675,"date":"2023-11-01T20:34:51","date_gmt":"2023-11-01T18:34:51","guid":{"rendered":"https:\/\/www.feuerwehr-brilon.de\/?p=31675"},"modified":"2023-11-01T20:34:51","modified_gmt":"2023-11-01T18:34:51","slug":"zwei-einsaetze-fuer-die-feuerwehr-brilon-an-allerheiligen","status":"publish","type":"post","link":"https:\/\/www.feuerwehr-brilon.de\/?p=31675","title":{"rendered":"Zwei Eins\u00e4tze f\u00fcr die Feuerwehr Brilon an Allerheiligen"},"content":{"rendered":"<p><a href=\"https:\/\/www.feuerwehr-brilon.de\/?p=31675\"><img loading=\"lazy\" decoding=\"async\" src=\"https:\/\/www.feuerwehr-brilon.de\/wp-up\/2023\/11\/231101_PKW-01_hp-150x113.jpg\" alt=\"\" width=\"150\" height=\"113\" class=\"alignleft size-thumbnail wp-image-31685\" srcset=\"https:\/\/www.feuerwehr-brilon.de\/wp-up\/2023\/11\/231101_PKW-01_hp-150x113.jpg 150w, https:\/\/www.feuerwehr-brilon.de\/wp-up\/2023\/11\/231101_PKW-01_hp-500x375.jpg 500w, https:\/\/www.feuerwehr-brilon.de\/wp-up\/2023\/11\/231101_PKW-01_hp.jpg 800w\" sizes=\"auto, (max-width: 150px) 100vw, 150px\" \/><\/a><a title=\"Stadtgebiet\" href=\"http:\/\/www.feuerwehr-brilon.de\/?page_id=5\" target=\"_blank\" rel=\"noopener\">Stadtgebiet. <\/a> Zweimal musste die Feuerwehr Brilon an Allerheiligen ausr\u00fccken. Gegen 4 Uhr am fr\u00fchen Morgen wurden die L\u00f6schgruppe Altenb\u00fcren und der L\u00f6schzug Brilon zu einem PKW-Brand auf der Antfelder Stra\u00dfe in Altenb\u00fcren alarmiert. Auf regennasser Fahrbahn war das Fahrzeug ins Schleudern geraten und gegen einen in unmittelbarer N\u00e4he zu einem Wohnhaus stehenden Baum geprallt.<!--more--><\/p>\n<p>Durch den Aufprall wurde die Batterie des PKWs besch\u00e4digt und setzte diesen im Kofferraumbereich in Brand. Die alarmierten Einsatzkr\u00e4fte l\u00f6schten den Brand ab und sicherten die Einsatzstelle. Insgesamt waren 19 Feuerwehrm\u00e4nner rund eine Stunde im Einsatz.<\/p>\n<p>Um 13 Uhr gab es Alarm f\u00fcr die L\u00f6schgruppe Th\u00fclen und eine Gruppe des L\u00f6schzugs Brilon. Einsatzgrund war die Anforderung eines Rettungswagens zur Tragehilfe. In unwegsamem Gel\u00e4nde nahe des Bilsteins war eine Frau gest\u00fcrzt. Sie wurde letztlich mittels einer Schleifkorbtrage gerettet und mit dem Rettungswagen in ein Krankenhaus transportiert. <\/p>\n<p>12 Einsatzkr\u00e4fte waren eine Stunde im Einsatz.<\/p>\n<p style=\"border-color: #696969; border-width: 2px; border-style: solid; padding: 4px;\"><strong>Eingesetzte Einheiten:<\/strong><br \/>\n<a href=\"http:\/\/www.feuerwehr-brilon.de\/?page_id=23\"><img loading=\"lazy\" decoding=\"async\" class=\"alignnone\" title=\"lg altenb\u00fcren\" src=\"http:\/\/www.feuerwehr-brilon.de\/images\/einsatz_details\/lg_altenbueren.jpg\" alt=\"\" width=\"110\" height=\"31\" \/><\/a><a href=\"http:\/\/www.feuerwehr-brilon.de\/?page_id=30\"><img loading=\"lazy\" decoding=\"async\" class=\"alignnone\" title=\"lg th\u00fclen\" src=\"http:\/\/www.feuerwehr-brilon.de\/images\/einsatz_details\/lg_thuelen.jpg\" alt=\"\" width=\"110\" height=\"31\" \/><\/a> <a href=\"http:\/\/www.feuerwehr-brilon.de\/?page_id=7\"><img loading=\"lazy\" decoding=\"async\" class=\"alignnone\" title=\"lz brilon\" src=\"http:\/\/www.feuerwehr-brilon.de\/images\/einsatz_details\/lz_brilon.jpg\" alt=\"\" width=\"110\" height=\"31\" \/><\/a><\/p>\n<p style=\"border-color: #696969; border-width: 2px; border-style: solid; padding: 4px;\"><strong>Eingesetzte Fahrzeuge:<\/strong><br \/>\n<a href=\"http:\/\/www.feuerwehr-brilon.de\/?page_id=816\"><img loading=\"lazy\" decoding=\"async\" class=\"alignnone\" title=\"StLF10\/6\" src=\"http:\/\/www.feuerwehr-brilon.de\/images\/einsatz_details\/054803.jpg\" alt=\"\" width=\"110\" height=\"31\" \/><\/a><a href=\"http:\/\/www.feuerwehr-brilon.de\/?page_id=23597\"><img loading=\"lazy\" decoding=\"async\" class=\"alignnone\" src=\"http:\/\/www.feuerwehr-brilon.de\/images\/einsatz_details\/054401.jpg\" alt=\"\" width=\"110\" height=\"31\" \/><\/a><a href=\"http:\/\/www.feuerwehr-brilon.de\/?page_id=817\"><img loading=\"lazy\" decoding=\"async\" class=\"alignnone\" title=\"StLF10\/6\" src=\"http:\/\/www.feuerwehr-brilon.de\/images\/einsatz_details\/054804.jpg\" alt=\"\" width=\"110\" height=\"31\" \/><\/a><a href=\"http:\/\/www.feuerwehr-brilon.de\/?page_id=11756\"><img loading=\"lazy\" decoding=\"async\" class=\"alignnone\" src=\"http:\/\/www.feuerwehr-brilon.de\/images\/einsatz_details\/gwl2.jpg\" alt=\"\" width=\"110\" height=\"31\" \/><\/a><\/p>\n<p><strong>Bilder:<\/strong><br \/>\n<a rel=\"lightbox\" href=\"https:\/\/www.feuerwehr-brilon.de\/wp-up\/2023\/11\/231001_PKW-03_hp.jpg\"><img loading=\"lazy\" decoding=\"async\" src=\"https:\/\/www.feuerwehr-brilon.de\/wp-up\/2023\/11\/231001_PKW-03_hp-150x113.jpg\" alt=\"\" width=\"150\" height=\"113\" class=\"alignnone size-thumbnail wp-image-31684\" srcset=\"https:\/\/www.feuerwehr-brilon.de\/wp-up\/2023\/11\/231001_PKW-03_hp-150x113.jpg 150w, https:\/\/www.feuerwehr-brilon.de\/wp-up\/2023\/11\/231001_PKW-03_hp-500x375.jpg 500w, https:\/\/www.feuerwehr-brilon.de\/wp-up\/2023\/11\/231001_PKW-03_hp.jpg 800w\" sizes=\"auto, (max-width: 150px) 100vw, 150px\" \/><\/a><a rel=\"lightbox\" href=\"https:\/\/www.feuerwehr-brilon.de\/wp-up\/2023\/11\/231101_PKW-01_hp.jpg\"><img loading=\"lazy\" decoding=\"async\" src=\"https:\/\/www.feuerwehr-brilon.de\/wp-up\/2023\/11\/231101_PKW-01_hp-150x113.jpg\" alt=\"\" width=\"150\" height=\"113\" class=\"alignnone size-thumbnail wp-image-31685\" srcset=\"https:\/\/www.feuerwehr-brilon.de\/wp-up\/2023\/11\/231101_PKW-01_hp-150x113.jpg 150w, https:\/\/www.feuerwehr-brilon.de\/wp-up\/2023\/11\/231101_PKW-01_hp-500x375.jpg 500w, https:\/\/www.feuerwehr-brilon.de\/wp-up\/2023\/11\/231101_PKW-01_hp.jpg 800w\" sizes=\"auto, (max-width: 150px) 100vw, 150px\" \/><\/a><a rel=\"lightbox\" href=\"https:\/\/www.feuerwehr-brilon.de\/wp-up\/2023\/11\/231101_TH-01_hp.jpg\"><img loading=\"lazy\" decoding=\"async\" src=\"https:\/\/www.feuerwehr-brilon.de\/wp-up\/2023\/11\/231101_TH-01_hp-150x113.jpg\" alt=\"\" width=\"150\" height=\"113\" class=\"alignnone size-thumbnail wp-image-31682\" srcset=\"https:\/\/www.feuerwehr-brilon.de\/wp-up\/2023\/11\/231101_TH-01_hp-150x113.jpg 150w, https:\/\/www.feuerwehr-brilon.de\/wp-up\/2023\/11\/231101_TH-01_hp-500x375.jpg 500w, https:\/\/www.feuerwehr-brilon.de\/wp-up\/2023\/11\/231101_TH-01_hp.jpg 800w\" sizes=\"auto, (max-width: 150px) 100vw, 150px\" \/><\/a><a rel=\"lightbox\" href=\"https:\/\/www.feuerwehr-brilon.de\/wp-up\/2023\/11\/231101_TH-02_hp.jpg\"><img loading=\"lazy\" decoding=\"async\" src=\"https:\/\/www.feuerwehr-brilon.de\/wp-up\/2023\/11\/231101_TH-02_hp-150x113.jpg\" alt=\"\" width=\"150\" height=\"113\" class=\"alignnone size-thumbnail wp-image-31683\" srcset=\"https:\/\/www.feuerwehr-brilon.de\/wp-up\/2023\/11\/231101_TH-02_hp-150x113.jpg 150w, https:\/\/www.feuerwehr-brilon.de\/wp-up\/2023\/11\/231101_TH-02_hp-500x375.jpg 500w, https:\/\/www.feuerwehr-brilon.de\/wp-up\/2023\/11\/231101_TH-02_hp.jpg 800w\" sizes=\"auto, (max-width: 150px) 100vw, 150px\" \/><\/a><\/p>\n","protected":false},"excerpt":{"rendered":"<p>Stadtgebiet. Zweimal musste die Feuerwehr Brilon an Allerheiligen ausr\u00fccken. Gegen 4 Uhr am fr\u00fchen Morgen wurden die L\u00f6schgruppe Altenb\u00fcren und der L\u00f6schzug Brilon zu einem PKW-Brand auf der Antfelder Stra\u00dfe in Altenb\u00fcren alarmiert. Auf regennasser Fahrbahn war das Fahrzeug ins Schleudern geraten und gegen einen in unmittelbarer N\u00e4he zu einem Wohnhaus stehenden Baum geprallt.<\/p>\n","protected":false},"author":8,"featured_media":31690,"comment_status":"closed","ping_status":"closed","sticky":false,"template":"","format":"standard","meta":{"_exactmetrics_skip_tracking":false,"_exactmetrics_sitenote_active":false,"_exactmetrics_sitenote_note":"","_exactmetrics_sitenote_category":0,"jetpack_post_was_ever_published":false,"_jetpack_newsletter_access":"","_jetpack_dont_email_post_to_subs":false,"_jetpack_newsletter_tier_id":0,"_jetpack_memberships_contains_paywalled_content":false,"_jetpack_memberships_contains_paid_content":false,"footnotes":""},"categories":[335],"tags":[],"class_list":["post-31675","post","type-post","status-publish","format-standard","has-post-thumbnail","hentry","category-einsatze-2023"],"jetpack_featured_media_url":"https:\/\/www.feuerwehr-brilon.de\/wp-up\/2023\/11\/231101_PKW-01_fb.jpg","jetpack_shortlink":"https:\/\/wp.me\/pCIJa-8eT","jetpack_sharing_enabled":true,"jetpack-related-posts":[{"id":9015,"url":"https:\/\/www.feuerwehr-brilon.de\/?p=9015","url_meta":{"origin":31675,"position":0},"title":"Verkehrsunfall mit 3 Verletzten","author":"Andreas Becker","date":"21. September 2013","format":false,"excerpt":"Die L\u00f6schgruppe Altenb\u00fcren und der L\u00f6schzug Brilon wurden am Freitag (20.9.) gegen 12:30 Uhr zu einem Verkehrsunfall auf der H\u00fcttenstra\u00dfe alarmiert. Ein PKW mit drei Insassen war von der Stra\u00dfe abgekommen und im Stra\u00dfengraben gegen einen Baum geprallt. Die drei Insassen konnten das Fahrzeug eigenst\u00e4ndig verlassen. Sie wurden vom Rettungsdienst\u2026","rel":"","context":"In &quot;Eins\u00e4tze 2013&quot;","block_context":{"text":"Eins\u00e4tze 2013","link":"https:\/\/www.feuerwehr-brilon.de\/?cat=176"},"img":{"alt_text":"","src":"https:\/\/i0.wp.com\/www.feuerwehr-brilon.de\/wp-up\/2013\/09\/20130921-131145-150x112.jpg?resize=350%2C200","width":350,"height":200},"classes":[]},{"id":9434,"url":"https:\/\/www.feuerwehr-brilon.de\/?p=9434","url_meta":{"origin":31675,"position":1},"title":"Mehrere Eins\u00e4tze durch und w\u00e4hrend Sturmtief &#8222;Xaver&#8220;","author":"Andreas Becker","date":"6. Dezember 2013","format":false,"excerpt":"Stadtgebiet. Auch im Raum Brilon hat \"Xaver\" f\u00fcr einige Eins\u00e4tze der Feuerwehr gesorgt. Den ersten Einsatz hatte die L\u00f6schgruppe Hoppecke am Donnerstag (5.12.) gegen 16:30 Uhr. Sie musste einen Baum in Brilon Wald auf dem Friedrich K\u00f6ster Weg entfernen. Um 19:35 Uhr schrillten die Piepser der L\u00f6schgruppe Messinghausen. Die Wehrm\u00e4nner\u2026","rel":"","context":"In &quot;Eins\u00e4tze 2013&quot;","block_context":{"text":"Eins\u00e4tze 2013","link":"https:\/\/www.feuerwehr-brilon.de\/?cat=176"},"img":{"alt_text":"","src":"https:\/\/i0.wp.com\/www.feuerwehr-brilon.de\/wp-up\/2013\/12\/Baum_Petersborn-150x112.jpg?resize=350%2C200&ssl=1","width":350,"height":200},"classes":[]},{"id":29903,"url":"https:\/\/www.feuerwehr-brilon.de\/?p=29903","url_meta":{"origin":31675,"position":2},"title":"Brand in Altenb\u00fcren","author":"Marcus Bange","date":"30. Juni 2022","format":false,"excerpt":"Brilon. Die L\u00f6schgruppe Altenb\u00fcren und der L\u00f6schzug Brilon wurden am Donnerstagmittag (30.06.2022, 13.47 Uhr) zu einem Wohnhausbrand mit Menschenrettung in die Agathastra\u00dfe alarmiert. Bei Eintreffen der Feuerwehr wurde eine brennende Hecke festgestellt. Personen befanden sich nicht mehr im Geb\u00e4ude. Das Feuer hatte bereits auf einen Anbau \u00fcbergriffen. Der Brand konnte\u2026","rel":"","context":"In &quot;Eins\u00e4tze 2022&quot;","block_context":{"text":"Eins\u00e4tze 2022","link":"https:\/\/www.feuerwehr-brilon.de\/?cat=288"},"img":{"alt_text":"","src":"https:\/\/i0.wp.com\/www.feuerwehr-brilon.de\/wp-up\/2022\/06\/Brand-Agathastrasse-1.jpg?resize=350%2C200&ssl=1","width":350,"height":200,"srcset":"https:\/\/i0.wp.com\/www.feuerwehr-brilon.de\/wp-up\/2022\/06\/Brand-Agathastrasse-1.jpg?resize=350%2C200&ssl=1 1x, https:\/\/i0.wp.com\/www.feuerwehr-brilon.de\/wp-up\/2022\/06\/Brand-Agathastrasse-1.jpg?resize=525%2C300&ssl=1 1.5x, https:\/\/i0.wp.com\/www.feuerwehr-brilon.de\/wp-up\/2022\/06\/Brand-Agathastrasse-1.jpg?resize=700%2C400&ssl=1 2x"},"classes":[]},{"id":16792,"url":"https:\/\/www.feuerwehr-brilon.de\/?p=16792","url_meta":{"origin":31675,"position":3},"title":"Brand in Altenb\u00fcren","author":"Marcus Bange","date":"31. Januar 2019","format":false,"excerpt":"Brilon. Die Feuerwehr Brilon hat heute Mittag einen Brand in Altenb\u00fcren gel\u00f6scht. An der Steinbergstra\u00dfe war gegen 11.00 Uhr in einem Gartenschuppen eine Abfalltonne in Brand geraten. Durch den schnellen Einsatz der Feuerwehr konnte das Feuer unter Einsatz von schwerem Atemschutz gel\u00f6scht werden. Eine gr\u00f6\u00dfere Ausbreitung wurde so verhindert. Auch\u2026","rel":"","context":"In &quot;Allgemein&quot;","block_context":{"text":"Allgemein","link":"https:\/\/www.feuerwehr-brilon.de\/?cat=1"},"img":{"alt_text":"","src":"https:\/\/i0.wp.com\/www.feuerwehr-brilon.de\/wp-up\/2019\/01\/Brand-Steinbergstra%C3%9Fe-1-150x113.jpg?resize=350%2C200&ssl=1","width":350,"height":200},"classes":[]},{"id":23285,"url":"https:\/\/www.feuerwehr-brilon.de\/?p=23285","url_meta":{"origin":31675,"position":4},"title":"Sturmeins\u00e4tze im Stadtgebiet","author":"Andreas Becker","date":"14. M\u00e4rz 2021","format":false,"excerpt":"Stadtgebiet. Das Sturmtief \u201eLuis\u201c rief die Feuerwehr Brilon am Samstag (13.3.) mehrmals auf den Plan. Der erste sturmbedingte Einsatz war allerdings bereits nach dem Ausr\u00fccken der L\u00f6schgruppe W\u00fclfte schon wieder beendet. Auf der B480 Richtung Alme war ein Baum auf die Stra\u00dfe gest\u00fcrzt. Ein zuf\u00e4llig vorbeifahrender Landwirt konnte diesen mit\u2026","rel":"","context":"In &quot;Allgemein&quot;","block_context":{"text":"Allgemein","link":"https:\/\/www.feuerwehr-brilon.de\/?cat=1"},"img":{"alt_text":"","src":"https:\/\/i0.wp.com\/www.feuerwehr-brilon.de\/wp-up\/2021\/03\/210314_210313_Sturm_Altenbueren_.jpg?resize=350%2C200&ssl=1","width":350,"height":200,"srcset":"https:\/\/i0.wp.com\/www.feuerwehr-brilon.de\/wp-up\/2021\/03\/210314_210313_Sturm_Altenbueren_.jpg?resize=350%2C200&ssl=1 1x, https:\/\/i0.wp.com\/www.feuerwehr-brilon.de\/wp-up\/2021\/03\/210314_210313_Sturm_Altenbueren_.jpg?resize=525%2C300&ssl=1 1.5x, https:\/\/i0.wp.com\/www.feuerwehr-brilon.de\/wp-up\/2021\/03\/210314_210313_Sturm_Altenbueren_.jpg?resize=700%2C400&ssl=1 2x"},"classes":[]},{"id":34325,"url":"https:\/\/www.feuerwehr-brilon.de\/?p=34325","url_meta":{"origin":31675,"position":5},"title":"Geb\u00e4udebrand in Alme \u2013 weiterer Einsatz bei Verkehrsunfall","author":"Erwin Mungenast","date":"4. Februar 2026","format":false,"excerpt":"Alme. Am Dienstagmorgen (3.2.) gegen 8:49 Uhr wurde die Feuerwehr Brilon zu einem Schornsteinbrand (Stichwort: F2 Schorn) in die Sebastianstra\u00dfe nach Alme alarmiert. Zun\u00e4chst r\u00fcckten die Einheiten Alme, Brilon, Nehden und W\u00fclfte aus. W\u00e4hrend der Anfahrt der Einsatzkr\u00e4fte meldeten weitere Anrufer der Rettungsleitstelle, dass das Feuer bereits auf das Geb\u00e4ude\u2026","rel":"","context":"In &quot;Eins\u00e4tze 2026&quot;","block_context":{"text":"Eins\u00e4tze 2026","link":"https:\/\/www.feuerwehr-brilon.de\/?cat=369"},"img":{"alt_text":"","src":"https:\/\/i0.wp.com\/www.feuerwehr-brilon.de\/wp-up\/2026\/02\/Brand-QF-3-1.jpg?resize=350%2C200&ssl=1","width":350,"height":200,"srcset":"https:\/\/i0.wp.com\/www.feuerwehr-brilon.de\/wp-up\/2026\/02\/Brand-QF-3-1.jpg?resize=350%2C200&ssl=1 1x, https:\/\/i0.wp.com\/www.feuerwehr-brilon.de\/wp-up\/2026\/02\/Brand-QF-3-1.jpg?resize=525%2C300&ssl=1 1.5x, https:\/\/i0.wp.com\/www.feuerwehr-brilon.de\/wp-up\/2026\/02\/Brand-QF-3-1.jpg?resize=700%2C400&ssl=1 2x"},"classes":[]}],"_links":{"self":[{"href":"https:\/\/www.feuerwehr-brilon.de\/index.php?rest_route=\/wp\/v2\/posts\/31675","targetHints":{"allow":["GET"]}}],"collection":[{"href":"https:\/\/www.feuerwehr-brilon.de\/index.php?rest_route=\/wp\/v2\/posts"}],"about":[{"href":"https:\/\/www.feuerwehr-brilon.de\/index.php?rest_route=\/wp\/v2\/types\/post"}],"author":[{"embeddable":true,"href":"https:\/\/www.feuerwehr-brilon.de\/index.php?rest_route=\/wp\/v2\/users\/8"}],"replies":[{"embeddable":true,"href":"https:\/\/www.feuerwehr-brilon.de\/index.php?rest_route=%2Fwp%2Fv2%2Fcomments&post=31675"}],"version-history":[{"count":3,"href":"https:\/\/www.feuerwehr-brilon.de\/index.php?rest_route=\/wp\/v2\/posts\/31675\/revisions"}],"predecessor-version":[{"id":31691,"href":"https:\/\/www.feuerwehr-brilon.de\/index.php?rest_route=\/wp\/v2\/posts\/31675\/revisions\/31691"}],"wp:featuredmedia":[{"embeddable":true,"href":"https:\/\/www.feuerwehr-brilon.de\/index.php?rest_route=\/wp\/v2\/media\/31690"}],"wp:attachment":[{"href":"https:\/\/www.feuerwehr-brilon.de\/index.php?rest_route=%2Fwp%2Fv2%2Fmedia&parent=31675"}],"wp:term":[{"taxonomy":"category","embeddable":true,"href":"https:\/\/www.feuerwehr-brilon.de\/index.php?rest_route=%2Fwp%2Fv2%2Fcategories&post=31675"},{"taxonomy":"post_tag","embeddable":true,"href":"https:\/\/www.feuerwehr-brilon.de\/index.php?rest_route=%2Fwp%2Fv2%2Ftags&post=31675"}],"curies":[{"name":"wp","href":"https:\/\/api.w.org\/{rel}","templated":true}]}}