{"id":31701,"date":"2023-11-02T15:01:50","date_gmt":"2023-11-02T13:01:50","guid":{"rendered":"https:\/\/www.feuerwehr-brilon.de\/?p=31701"},"modified":"2023-11-02T15:01:50","modified_gmt":"2023-11-02T13:01:50","slug":"sturmtief-emir-sorgt-fuer-einsaetze-in-brilon","status":"publish","type":"post","link":"https:\/\/www.feuerwehr-brilon.de\/?p=31701","title":{"rendered":"Sturmtief Emir sorgt f\u00fcr Eins\u00e4tze in Brilon"},"content":{"rendered":"<p><a href=\"https:\/\/www.feuerwehr-brilon.de\/?p=31701\"><img loading=\"lazy\" decoding=\"async\" src=\"https:\/\/www.feuerwehr-brilon.de\/wp-up\/2023\/11\/Baum-Gudenhagener-Allee-1-150x113.jpg\" class=\"alignleft size-thumbnail wp-image-31704\" width=\"150\" height=\"113\" alt=\"\" srcset=\"https:\/\/www.feuerwehr-brilon.de\/wp-up\/2023\/11\/Baum-Gudenhagener-Allee-1-150x113.jpg 150w, https:\/\/www.feuerwehr-brilon.de\/wp-up\/2023\/11\/Baum-Gudenhagener-Allee-1-500x375.jpg 500w, https:\/\/www.feuerwehr-brilon.de\/wp-up\/2023\/11\/Baum-Gudenhagener-Allee-1.jpg 800w\" sizes=\"auto, (max-width: 150px) 100vw, 150px\" \/><\/a><a title=\"Brilon\" href=\"http:\/\/www.feuerwehr-brilon.de\/?page_id=7\" target=\"_blank\" rel=\"noopener\">Brilon. <\/a>Die Feuerwehr Brilon wurde durch das Sturmtief Emir bisher zu zwei Eins\u00e4tzen alarmiert (02.11.2023). Den ersten Alarm gab es aber bereits um 7:53 Uhr. Die Brandmeldeanlage im Krankenhaus hatte ausgel\u00f6st. Vor Ort stellte sich der Alarm als Fehlalarm heraus. Der L\u00f6schzug Brilon konnte wieder einr\u00fccken. <!--more--><\/p>\n<p>Um 8:51 Uhr wurde die Feuerwehr zu einem umgest\u00fcrzten Baum zur Gudenhagener Allee alarmiert. Dort war die einzige Zufahrt zu einem Seniorenwohnheim und einem Wachkomazentrum blockiert. Die alte und sehr massive Linde mit einem Durchmesser von rund 80 cm wurde mit Hilfe der Motors\u00e4ge zerteilt und mit einer Fahrzeugseilwinde von der Stra\u00dfe gezogen. Die Zufahrt war nach rund 45 Minuten wieder frei. <\/p>\n<p>Noch w\u00e4hrend die Einsatzfahrzeuge wieder hergerichtet wurden, gab es gegen 10 Uhr den n\u00e4chsten Alarm. Auf der Landstra\u00dfe L 913 in H\u00f6he Bremecketal war ein Baum auf die Stra\u00dfe gest\u00fcrzt. Er konnte ebenfalls schnell beseitigt werden. Die L 913 war f\u00fcr die Dauer der Aufr\u00e4umarbeiten rund eine Stunde voll gesperrt. <\/p>\n<p>Zur Beseitigung der beiden B\u00e4ume war der L\u00f6schzug Brilon mit zehn Einsatzkr\u00e4ften rund zwei Stunden im Einsatz.<\/p>\n<p style=\"border-color: #696969; border-width: 2px; border-style: solid; padding: 4px\"><strong>Eingesetzte Einheiten:<\/strong><br \/>\n<a href=\"http:\/\/www.feuerwehr-brilon.de\/?page_id=7\"><img loading=\"lazy\" decoding=\"async\" src=\"http:\/\/www.feuerwehr-brilon.de\/images\/einsatz_details\/lz_brilon.jpg\" class=\"alignnone\" title=\"lz brilon\" alt=\"\" width=\"110\" height=\"31\"><\/a><\/p>\n<p style=\"border-color: #696969; border-width: 2px; border-style: solid; padding: 4px\"><strong>Eingesetzte Fahrzeuge:<\/strong><br \/>\n<a href=\"http:\/\/www.feuerwehr-brilon.de\/?page_id=11756\"><img loading=\"lazy\" decoding=\"async\" src=\"http:\/\/www.feuerwehr-brilon.de\/images\/einsatz_details\/gwl2.jpg\" class=\"alignnone\" alt=\"\" width=\"110\" height=\"31\"><\/a><a href=\"http:\/\/www.feuerwehr-brilon.de\/?page_id=811\"><img loading=\"lazy\" decoding=\"async\" class=\"alignnone\" src=\"http:\/\/www.feuerwehr-brilon.de\/images\/einsatz_details\/01KEF01.jpg\" alt=\"\" width=\"110\" height=\"31\" \/><\/a><\/p>\n<p><strong>Bilder:<\/strong><br \/>\n<a rel=\"lightbox\" href=\"https:\/\/www.feuerwehr-brilon.de\/wp-up\/2023\/11\/Baum-Gudenhagener-Allee-1.jpg\"><img loading=\"lazy\" decoding=\"async\" src=\"https:\/\/www.feuerwehr-brilon.de\/wp-up\/2023\/11\/Baum-Gudenhagener-Allee-1-150x113.jpg\" class=\"alignnone size-thumbnail wp-image-31704\" width=\"150\" height=\"113\" alt=\"\" srcset=\"https:\/\/www.feuerwehr-brilon.de\/wp-up\/2023\/11\/Baum-Gudenhagener-Allee-1-150x113.jpg 150w, https:\/\/www.feuerwehr-brilon.de\/wp-up\/2023\/11\/Baum-Gudenhagener-Allee-1-500x375.jpg 500w, https:\/\/www.feuerwehr-brilon.de\/wp-up\/2023\/11\/Baum-Gudenhagener-Allee-1.jpg 800w\" sizes=\"auto, (max-width: 150px) 100vw, 150px\" \/><\/a><a rel=\"lightbox\" href=\"https:\/\/www.feuerwehr-brilon.de\/wp-up\/2023\/11\/Baum-Gudenhagener-Allee-2.jpg\"><img loading=\"lazy\" decoding=\"async\" src=\"https:\/\/www.feuerwehr-brilon.de\/wp-up\/2023\/11\/Baum-Gudenhagener-Allee-2-150x113.jpg\" class=\"alignnone size-thumbnail wp-image-31705\" width=\"150\" height=\"113\" alt=\"\" srcset=\"https:\/\/www.feuerwehr-brilon.de\/wp-up\/2023\/11\/Baum-Gudenhagener-Allee-2-150x113.jpg 150w, https:\/\/www.feuerwehr-brilon.de\/wp-up\/2023\/11\/Baum-Gudenhagener-Allee-2-500x375.jpg 500w, https:\/\/www.feuerwehr-brilon.de\/wp-up\/2023\/11\/Baum-Gudenhagener-Allee-2.jpg 800w\" sizes=\"auto, (max-width: 150px) 100vw, 150px\" \/><\/a><a rel=\"lightbox\" href=\"https:\/\/www.feuerwehr-brilon.de\/wp-up\/2023\/11\/Baum-Gudenhagener-Allee-3.jpg\"><img loading=\"lazy\" decoding=\"async\" src=\"https:\/\/www.feuerwehr-brilon.de\/wp-up\/2023\/11\/Baum-Gudenhagener-Allee-3-150x113.jpg\" class=\"alignnone size-thumbnail wp-image-31706\" width=\"150\" height=\"113\" alt=\"\" srcset=\"https:\/\/www.feuerwehr-brilon.de\/wp-up\/2023\/11\/Baum-Gudenhagener-Allee-3-150x113.jpg 150w, https:\/\/www.feuerwehr-brilon.de\/wp-up\/2023\/11\/Baum-Gudenhagener-Allee-3-500x375.jpg 500w, https:\/\/www.feuerwehr-brilon.de\/wp-up\/2023\/11\/Baum-Gudenhagener-Allee-3.jpg 800w\" sizes=\"auto, (max-width: 150px) 100vw, 150px\" \/><\/a><a rel=\"lightbox\" href=\"https:\/\/www.feuerwehr-brilon.de\/wp-up\/2023\/11\/Bremecketal-1.jpg\"><img loading=\"lazy\" decoding=\"async\" src=\"https:\/\/www.feuerwehr-brilon.de\/wp-up\/2023\/11\/Bremecketal-1-150x113.jpg\" class=\"alignnone size-thumbnail wp-image-31707\" width=\"150\" height=\"113\" alt=\"\" srcset=\"https:\/\/www.feuerwehr-brilon.de\/wp-up\/2023\/11\/Bremecketal-1-150x113.jpg 150w, https:\/\/www.feuerwehr-brilon.de\/wp-up\/2023\/11\/Bremecketal-1-500x375.jpg 500w, https:\/\/www.feuerwehr-brilon.de\/wp-up\/2023\/11\/Bremecketal-1.jpg 800w\" sizes=\"auto, (max-width: 150px) 100vw, 150px\" \/><\/a><a rel=\"lightbox\" href=\"https:\/\/www.feuerwehr-brilon.de\/wp-up\/2023\/11\/Bremecketal-2.jpg\"><img loading=\"lazy\" decoding=\"async\" src=\"https:\/\/www.feuerwehr-brilon.de\/wp-up\/2023\/11\/Bremecketal-2-150x113.jpg\" class=\"alignnone size-thumbnail wp-image-31708\" width=\"150\" height=\"113\" alt=\"\" srcset=\"https:\/\/www.feuerwehr-brilon.de\/wp-up\/2023\/11\/Bremecketal-2-150x113.jpg 150w, https:\/\/www.feuerwehr-brilon.de\/wp-up\/2023\/11\/Bremecketal-2-500x375.jpg 500w, https:\/\/www.feuerwehr-brilon.de\/wp-up\/2023\/11\/Bremecketal-2.jpg 800w\" sizes=\"auto, (max-width: 150px) 100vw, 150px\" \/><\/a><\/p>\n","protected":false},"excerpt":{"rendered":"<p>Brilon. Die Feuerwehr Brilon wurde durch das Sturmtief Emir bisher zu zwei Eins\u00e4tzen alarmiert (02.11.2023). Den ersten Alarm gab es aber bereits um 7:53 Uhr. Die Brandmeldeanlage im Krankenhaus hatte ausgel\u00f6st. Vor Ort stellte sich der Alarm als Fehlalarm heraus. Der L\u00f6schzug Brilon konnte wieder einr\u00fccken.<\/p>\n","protected":false},"author":5,"featured_media":31707,"comment_status":"closed","ping_status":"closed","sticky":false,"template":"","format":"standard","meta":{"_exactmetrics_skip_tracking":false,"_exactmetrics_sitenote_active":false,"_exactmetrics_sitenote_note":"","_exactmetrics_sitenote_category":0,"jetpack_post_was_ever_published":false,"_jetpack_newsletter_access":"","_jetpack_dont_email_post_to_subs":false,"_jetpack_newsletter_tier_id":0,"_jetpack_memberships_contains_paywalled_content":false,"_jetpack_memberships_contains_paid_content":false,"footnotes":""},"categories":[335],"tags":[232,37,231,233],"class_list":["post-31701","post","type-post","status-publish","format-standard","has-post-thumbnail","hentry","category-einsatze-2023","tag-baum","tag-brilon","tag-gw-l-2","tag-sturm"],"jetpack_featured_media_url":"https:\/\/www.feuerwehr-brilon.de\/wp-up\/2023\/11\/Bremecketal-1.jpg","jetpack_shortlink":"https:\/\/wp.me\/pCIJa-8fj","jetpack_sharing_enabled":true,"jetpack-related-posts":[{"id":23907,"url":"https:\/\/www.feuerwehr-brilon.de\/?p=23907","url_meta":{"origin":31701,"position":0},"title":"Sturmeins\u00e4tze der Feuerwehr Brilon beim Sturmtief Ignatz","author":"Marcus Bange","date":"21. Oktober 2021","format":false,"excerpt":"Brilon. - UPDATE - Die Feuerwehr Brilon war beim Sturmtief Ignatz am Donnerstag (21.10.21) im Dauereinsatz. Um 5.30 Uhr wurde zun\u00e4chst die L\u00f6schgruppen Alme zu einem umgest\u00fcrzten Baum auf der B 480 alarmiert. Kurze Zeit sp\u00e4ter wurde die L\u00f6schgruppe Madfeld zu einem Baum auf der L 637 zwischen B 7\u2026","rel":"","context":"In &quot;Eins\u00e4tze 2021&quot;","block_context":{"text":"Eins\u00e4tze 2021","link":"https:\/\/www.feuerwehr-brilon.de\/?cat=265"},"img":{"alt_text":"","src":"https:\/\/i0.wp.com\/www.feuerwehr-brilon.de\/wp-up\/2021\/10\/Sturm-Ignatz-1.jpg?resize=350%2C200&ssl=1","width":350,"height":200,"srcset":"https:\/\/i0.wp.com\/www.feuerwehr-brilon.de\/wp-up\/2021\/10\/Sturm-Ignatz-1.jpg?resize=350%2C200&ssl=1 1x, https:\/\/i0.wp.com\/www.feuerwehr-brilon.de\/wp-up\/2021\/10\/Sturm-Ignatz-1.jpg?resize=525%2C300&ssl=1 1.5x, https:\/\/i0.wp.com\/www.feuerwehr-brilon.de\/wp-up\/2021\/10\/Sturm-Ignatz-1.jpg?resize=700%2C400&ssl=1 2x"},"classes":[]},{"id":22185,"url":"https:\/\/www.feuerwehr-brilon.de\/?p=22185","url_meta":{"origin":31701,"position":1},"title":"Sturmtief \u201eVictoria\u201c folgt auf \u201eSabine\u201c","author":"Andreas Becker","date":"16. Februar 2020","format":false,"excerpt":"Stadtgebiet. Genau eine Woche nach dem letzten Sturmtief, ist die Feuerwehr Brilon wieder zu mehreren Eins\u00e4tzen mit Sturmsch\u00e4den ausger\u00fcckt. Die L\u00f6schgruppe Bontkirchen musste kurz nach 10 Uhr einen Baum hinter dem Ortsausgang in Richtung Willingen entfernen. Der Baum blockierte eine Fahrbahnh\u00e4lfte. Nach einer halben Stunde war der Einsatz beendet. Kurze\u2026","rel":"","context":"In &quot;Allgemein&quot;","block_context":{"text":"Allgemein","link":"https:\/\/www.feuerwehr-brilon.de\/?cat=1"},"img":{"alt_text":"","src":"https:\/\/i0.wp.com\/www.feuerwehr-brilon.de\/wp-up\/2020\/02\/200216_Sturm_Victoria_003.jpg?resize=350%2C200&ssl=1","width":350,"height":200,"srcset":"https:\/\/i0.wp.com\/www.feuerwehr-brilon.de\/wp-up\/2020\/02\/200216_Sturm_Victoria_003.jpg?resize=350%2C200&ssl=1 1x, https:\/\/i0.wp.com\/www.feuerwehr-brilon.de\/wp-up\/2020\/02\/200216_Sturm_Victoria_003.jpg?resize=525%2C300&ssl=1 1.5x, https:\/\/i0.wp.com\/www.feuerwehr-brilon.de\/wp-up\/2020\/02\/200216_Sturm_Victoria_003.jpg?resize=700%2C400&ssl=1 2x"},"classes":[]},{"id":15235,"url":"https:\/\/www.feuerwehr-brilon.de\/?p=15235","url_meta":{"origin":31701,"position":2},"title":"Zwei Eins\u00e4tze durch Sturm &#8222;Xavier&#8220;","author":"Andreas Becker","date":"6. Oktober 2017","format":false,"excerpt":"Stadtgebiet. Die L\u00f6schgruppe Alme und der L\u00f6schzug Brilon mussten am Donnerstag (5.10.) zu zwei wetterbedingten Eins\u00e4tzen ausr\u00fccken. Das HLF20-2 wurde gegen 13.40 Uhr vom Notfallmanager der Deutschen Bahn angefordert. Auf der Bahnstrecke zwischen Brilon Wald und Brilon, war ein Baum auf das Gleisbett gekippt. Die Bahnstrecke wurde umgehend f\u00fcr den\u2026","rel":"","context":"In &quot;Eins\u00e4tze 2017&quot;","block_context":{"text":"Eins\u00e4tze 2017","link":"https:\/\/www.feuerwehr-brilon.de\/?cat=205"},"img":{"alt_text":"","src":"https:\/\/i0.wp.com\/www.feuerwehr-brilon.de\/wp-up\/2017\/10\/Alme_Xavier_01-150x84.jpg?resize=350%2C200&ssl=1","width":350,"height":200},"classes":[]},{"id":9800,"url":"https:\/\/www.feuerwehr-brilon.de\/?p=9800","url_meta":{"origin":31701,"position":3},"title":"Wetterbedingte Eins\u00e4tze durch Sturmtief Qumaira","author":"Andreas Becker","date":"7. Februar 2014","format":false,"excerpt":"Stadtgebiet. Am Freitagnachmittag zog das Sturmtief \"Qumaira\" \u00fcber das Sauerland, welches f\u00fcr zwei wetterbedingte Eins\u00e4tze im Stadtgebiet Brilon sorgte. Um 16:31 Uhr wurde der L\u00f6schzug Brilon mit dem Stichwort \"Baum auf der Fahrbahn\" alarmiert. Der Einsatzort lag in der N\u00e4he der Kreuzung Burhagener Weg Abzweig Poppenberg. Eine ca. 15 Meter\u2026","rel":"","context":"In &quot;Eins\u00e4tze 2014&quot;","block_context":{"text":"Eins\u00e4tze 2014","link":"https:\/\/www.feuerwehr-brilon.de\/?cat=184"},"img":{"alt_text":"","src":"https:\/\/i0.wp.com\/www.feuerwehr-brilon.de\/wp-up\/2014\/02\/Baum_BurhagenerWeg-1-150x112.jpg?resize=350%2C200","width":350,"height":200},"classes":[]},{"id":22124,"url":"https:\/\/www.feuerwehr-brilon.de\/?p=22124","url_meta":{"origin":31701,"position":4},"title":"Sturmtief Sabine zog \u00fcber Brilon","author":"Andreas Becker","date":"12. Februar 2020","format":false,"excerpt":"Stadtgebiet. Der einsatzreiche Sonntag begann f\u00fcr die Feuerwehr Brilon mit einer \u00d6lspur. Kurz hinter dem Ortsausgang von Altenb\u00fcren verlor ein PKW Getriebe\u00f6l. Die Altenb\u00fcrener Wehrleute wurden um 9.38 Uhr alarmiert um das \u00d6l abzubinden. Nur 10 Minuten sp\u00e4ter wurde die L\u00f6schgruppe Th\u00fclen zum ersten Sturmeinsatz des Tages alarmiert. Auf der\u2026","rel":"","context":"In &quot;Eins\u00e4tze 2020&quot;","block_context":{"text":"Eins\u00e4tze 2020","link":"https:\/\/www.feuerwehr-brilon.de\/?cat=236"},"img":{"alt_text":"","src":"https:\/\/i0.wp.com\/www.feuerwehr-brilon.de\/wp-up\/2020\/02\/IMG_0661-1-150x113.jpg?resize=350%2C200&ssl=1","width":350,"height":200},"classes":[]},{"id":22678,"url":"https:\/\/www.feuerwehr-brilon.de\/?p=22678","url_meta":{"origin":31701,"position":5},"title":"Eins\u00e4tze durch Sturm &#8222;Kirsten&#8220;","author":"Andreas Becker","date":"26. August 2020","format":false,"excerpt":"Stadtgebiet. Die Feuerwehr Brilon wurde am Mittwoch (26.8.) zu drei Eins\u00e4tzen alarmiert. Bereits um 5.56 Uhr wurde die L\u00f6schgruppe Alme zu einem umgest\u00fcrzten Baum auf die L637 gerufen. In Richtung Harth war die Fahrbahn blockiert. Die Wehrleute zerkleinerten und beseitigen Baum. Nach rund einer Stunde war der Einsatz beendet. Um\u2026","rel":"","context":"In &quot;Eins\u00e4tze 2020&quot;","block_context":{"text":"Eins\u00e4tze 2020","link":"https:\/\/www.feuerwehr-brilon.de\/?cat=236"},"img":{"alt_text":"","src":"https:\/\/i0.wp.com\/www.feuerwehr-brilon.de\/wp-up\/2020\/08\/200826_Alme_Baum-4.jpg?resize=350%2C200&ssl=1","width":350,"height":200,"srcset":"https:\/\/i0.wp.com\/www.feuerwehr-brilon.de\/wp-up\/2020\/08\/200826_Alme_Baum-4.jpg?resize=350%2C200&ssl=1 1x, https:\/\/i0.wp.com\/www.feuerwehr-brilon.de\/wp-up\/2020\/08\/200826_Alme_Baum-4.jpg?resize=525%2C300&ssl=1 1.5x, https:\/\/i0.wp.com\/www.feuerwehr-brilon.de\/wp-up\/2020\/08\/200826_Alme_Baum-4.jpg?resize=700%2C400&ssl=1 2x"},"classes":[]}],"_links":{"self":[{"href":"https:\/\/www.feuerwehr-brilon.de\/index.php?rest_route=\/wp\/v2\/posts\/31701","targetHints":{"allow":["GET"]}}],"collection":[{"href":"https:\/\/www.feuerwehr-brilon.de\/index.php?rest_route=\/wp\/v2\/posts"}],"about":[{"href":"https:\/\/www.feuerwehr-brilon.de\/index.php?rest_route=\/wp\/v2\/types\/post"}],"author":[{"embeddable":true,"href":"https:\/\/www.feuerwehr-brilon.de\/index.php?rest_route=\/wp\/v2\/users\/5"}],"replies":[{"embeddable":true,"href":"https:\/\/www.feuerwehr-brilon.de\/index.php?rest_route=%2Fwp%2Fv2%2Fcomments&post=31701"}],"version-history":[{"count":3,"href":"https:\/\/www.feuerwehr-brilon.de\/index.php?rest_route=\/wp\/v2\/posts\/31701\/revisions"}],"predecessor-version":[{"id":31713,"href":"https:\/\/www.feuerwehr-brilon.de\/index.php?rest_route=\/wp\/v2\/posts\/31701\/revisions\/31713"}],"wp:featuredmedia":[{"embeddable":true,"href":"https:\/\/www.feuerwehr-brilon.de\/index.php?rest_route=\/wp\/v2\/media\/31707"}],"wp:attachment":[{"href":"https:\/\/www.feuerwehr-brilon.de\/index.php?rest_route=%2Fwp%2Fv2%2Fmedia&parent=31701"}],"wp:term":[{"taxonomy":"category","embeddable":true,"href":"https:\/\/www.feuerwehr-brilon.de\/index.php?rest_route=%2Fwp%2Fv2%2Fcategories&post=31701"},{"taxonomy":"post_tag","embeddable":true,"href":"https:\/\/www.feuerwehr-brilon.de\/index.php?rest_route=%2Fwp%2Fv2%2Ftags&post=31701"}],"curies":[{"name":"wp","href":"https:\/\/api.w.org\/{rel}","templated":true}]}}