{"id":31714,"date":"2023-11-12T21:30:31","date_gmt":"2023-11-12T19:30:31","guid":{"rendered":"https:\/\/www.feuerwehr-brilon.de\/?p=31714"},"modified":"2023-11-12T21:30:31","modified_gmt":"2023-11-12T19:30:31","slug":"einsatz-860","status":"publish","type":"post","link":"https:\/\/www.feuerwehr-brilon.de\/?p=31714","title":{"rendered":"+++ Einsatz +++"},"content":{"rendered":"<p>11.11. 15:54Uhr, Hilfeleistung, H0 \u00d6lspur, Brilon, K\u00f6nigstra\u00dfe, \u00d6lspur<\/p>\n","protected":false},"excerpt":{"rendered":"<p>11.11. 15:54Uhr, Hilfeleistung, H0 \u00d6lspur, Brilon, K\u00f6nigstra\u00dfe, \u00d6lspur<\/p>\n","protected":false},"author":8,"featured_media":31718,"comment_status":"closed","ping_status":"closed","sticky":false,"template":"","format":"standard","meta":{"_exactmetrics_skip_tracking":false,"_exactmetrics_sitenote_active":false,"_exactmetrics_sitenote_note":"","_exactmetrics_sitenote_category":0,"jetpack_post_was_ever_published":false,"_jetpack_newsletter_access":"","_jetpack_dont_email_post_to_subs":false,"_jetpack_newsletter_tier_id":0,"_jetpack_memberships_contains_paywalled_content":false,"_jetpack_memberships_contains_paid_content":false,"footnotes":""},"categories":[102],"tags":[],"class_list":["post-31714","post","type-post","status-publish","format-standard","has-post-thumbnail","hentry","category-alarmierungen"],"jetpack_featured_media_url":"https:\/\/www.feuerwehr-brilon.de\/wp-up\/2023\/11\/image0-2_fb.jpeg","jetpack_shortlink":"https:\/\/wp.me\/pCIJa-8fw","jetpack_sharing_enabled":true,"jetpack-related-posts":[{"id":33565,"url":"https:\/\/www.feuerwehr-brilon.de\/?p=33565","url_meta":{"origin":31714,"position":0},"title":"+++ Einsatz +++","author":"Andreas Becker","date":"28. Juni 2025","format":false,"excerpt":"26.06. 05:54Uhr, Hilfeleistung, H0 \u00d6lspur, Alme, B480, \u00d6lspur","rel":"","context":"In &quot;Alarmierungen&quot;","block_context":{"text":"Alarmierungen","link":"https:\/\/www.feuerwehr-brilon.de\/?cat=102"},"img":{"alt_text":"","src":"","width":0,"height":0},"classes":[]},{"id":22990,"url":"https:\/\/www.feuerwehr-brilon.de\/?p=22990","url_meta":{"origin":31714,"position":1},"title":"+++ Einsatz +++","author":"Andreas Becker","date":"13. Dezember 2020","format":false,"excerpt":"13.12. 09:39Uhr, Hilfeleistung, H0 \u00d6lspur, Brilon, K\u00f6nigstra\u00dfe, 20m Dieselspur","rel":"","context":"In &quot;Alarmierungen&quot;","block_context":{"text":"Alarmierungen","link":"https:\/\/www.feuerwehr-brilon.de\/?cat=102"},"img":{"alt_text":"","src":"https:\/\/i0.wp.com\/www.feuerwehr-brilon.de\/wp-up\/2020\/02\/Oelspur.jpg?resize=350%2C200&ssl=1","width":350,"height":200,"srcset":"https:\/\/i0.wp.com\/www.feuerwehr-brilon.de\/wp-up\/2020\/02\/Oelspur.jpg?resize=350%2C200&ssl=1 1x, https:\/\/i0.wp.com\/www.feuerwehr-brilon.de\/wp-up\/2020\/02\/Oelspur.jpg?resize=525%2C300&ssl=1 1.5x"},"classes":[]},{"id":34471,"url":"https:\/\/www.feuerwehr-brilon.de\/?p=34471","url_meta":{"origin":31714,"position":2},"title":"+++ Einsatz +++","author":"Erwin Mungenast","date":"8. M\u00e4rz 2026","format":false,"excerpt":"07.03. 16:54Uhr, Hilfeleistung, H0 \u00d6lspur, Nehden, Zum Marmorbruch, ausl. Betriebsstoffe nach VU","rel":"","context":"In &quot;Alarmierungen&quot;","block_context":{"text":"Alarmierungen","link":"https:\/\/www.feuerwehr-brilon.de\/?cat=102"},"img":{"alt_text":"","src":"","width":0,"height":0},"classes":[]},{"id":16735,"url":"https:\/\/www.feuerwehr-brilon.de\/?p=16735","url_meta":{"origin":31714,"position":3},"title":"20.01. 08:27Uhr, Hilfeleistung, H0 \u00d6lspur,\u2026","author":"Andreas Becker","date":"20. Januar 2019","format":false,"excerpt":"20.01. 08:27Uhr, Hilfeleistung, H0 \u00d6lspur, Brilon, K\u00f6nigstra\u00dfe, \u00d6lspur","rel":"","context":"In &quot;Alarmierungen&quot;","block_context":{"text":"Alarmierungen","link":"https:\/\/www.feuerwehr-brilon.de\/?cat=102"},"img":{"alt_text":"","src":"","width":0,"height":0},"classes":[]},{"id":21417,"url":"https:\/\/www.feuerwehr-brilon.de\/?p=21417","url_meta":{"origin":31714,"position":4},"title":"03.06. 18:03Uhr, Hilfeleistung, H0 \u00d6lspur,\u2026","author":"Andreas Becker","date":"3. Juni 2019","format":false,"excerpt":"03.06. 18:03Uhr, Hilfeleistung, H0 \u00d6lspur, Brilon, K\u00f6nigstra\u00dfe, \u00d6lspur","rel":"","context":"In &quot;Alarmierungen&quot;","block_context":{"text":"Alarmierungen","link":"https:\/\/www.feuerwehr-brilon.de\/?cat=102"},"img":{"alt_text":"","src":"","width":0,"height":0},"classes":[]},{"id":33490,"url":"https:\/\/www.feuerwehr-brilon.de\/?p=33490","url_meta":{"origin":31714,"position":5},"title":"+++ Einsatz +++","author":"Andreas Becker","date":"19. Mai 2025","format":false,"excerpt":"19.05. 15:53Uhr, Hilfeleistung, H0 \u00d6lspur, Brilon, Frankenweg, \u00d6lspur","rel":"","context":"In &quot;Alarmierungen&quot;","block_context":{"text":"Alarmierungen","link":"https:\/\/www.feuerwehr-brilon.de\/?cat=102"},"img":{"alt_text":"","src":"","width":0,"height":0},"classes":[]}],"_links":{"self":[{"href":"https:\/\/www.feuerwehr-brilon.de\/index.php?rest_route=\/wp\/v2\/posts\/31714","targetHints":{"allow":["GET"]}}],"collection":[{"href":"https:\/\/www.feuerwehr-brilon.de\/index.php?rest_route=\/wp\/v2\/posts"}],"about":[{"href":"https:\/\/www.feuerwehr-brilon.de\/index.php?rest_route=\/wp\/v2\/types\/post"}],"author":[{"embeddable":true,"href":"https:\/\/www.feuerwehr-brilon.de\/index.php?rest_route=\/wp\/v2\/users\/8"}],"replies":[{"embeddable":true,"href":"https:\/\/www.feuerwehr-brilon.de\/index.php?rest_route=%2Fwp%2Fv2%2Fcomments&post=31714"}],"version-history":[{"count":2,"href":"https:\/\/www.feuerwehr-brilon.de\/index.php?rest_route=\/wp\/v2\/posts\/31714\/revisions"}],"predecessor-version":[{"id":31719,"href":"https:\/\/www.feuerwehr-brilon.de\/index.php?rest_route=\/wp\/v2\/posts\/31714\/revisions\/31719"}],"wp:featuredmedia":[{"embeddable":true,"href":"https:\/\/www.feuerwehr-brilon.de\/index.php?rest_route=\/wp\/v2\/media\/31718"}],"wp:attachment":[{"href":"https:\/\/www.feuerwehr-brilon.de\/index.php?rest_route=%2Fwp%2Fv2%2Fmedia&parent=31714"}],"wp:term":[{"taxonomy":"category","embeddable":true,"href":"https:\/\/www.feuerwehr-brilon.de\/index.php?rest_route=%2Fwp%2Fv2%2Fcategories&post=31714"},{"taxonomy":"post_tag","embeddable":true,"href":"https:\/\/www.feuerwehr-brilon.de\/index.php?rest_route=%2Fwp%2Fv2%2Ftags&post=31714"}],"curies":[{"name":"wp","href":"https:\/\/api.w.org\/{rel}","templated":true}]}}