{"id":31716,"date":"2023-11-12T21:30:52","date_gmt":"2023-11-12T19:30:52","guid":{"rendered":"https:\/\/www.feuerwehr-brilon.de\/?p=31716"},"modified":"2023-11-12T21:30:52","modified_gmt":"2023-11-12T19:30:52","slug":"einsatz-861","status":"publish","type":"post","link":"https:\/\/www.feuerwehr-brilon.de\/?p=31716","title":{"rendered":"+++ Einsatz +++"},"content":{"rendered":"<p>11.11. 22:57Uhr, Hilfeleistung, H0 T\u00fcr, Brilon, Schulstra\u00dfe, T\u00fcr\u00f6ffnung<\/p>\n","protected":false},"excerpt":{"rendered":"<p>11.11. 22:57Uhr, Hilfeleistung, H0 T\u00fcr, Brilon, Schulstra\u00dfe, T\u00fcr\u00f6ffnung<\/p>\n","protected":false},"author":8,"featured_media":30864,"comment_status":"closed","ping_status":"closed","sticky":false,"template":"","format":"standard","meta":{"_exactmetrics_skip_tracking":false,"_exactmetrics_sitenote_active":false,"_exactmetrics_sitenote_note":"","_exactmetrics_sitenote_category":0,"jetpack_post_was_ever_published":false,"_jetpack_newsletter_access":"","_jetpack_dont_email_post_to_subs":false,"_jetpack_newsletter_tier_id":0,"_jetpack_memberships_contains_paywalled_content":false,"_jetpack_memberships_contains_paid_content":false,"footnotes":""},"categories":[102],"tags":[],"class_list":["post-31716","post","type-post","status-publish","format-standard","has-post-thumbnail","hentry","category-alarmierungen"],"jetpack_featured_media_url":"https:\/\/www.feuerwehr-brilon.de\/wp-up\/2023\/03\/sym_HLF-3.jpg","jetpack_shortlink":"https:\/\/wp.me\/pCIJa-8fy","jetpack_sharing_enabled":true,"jetpack-related-posts":[{"id":33312,"url":"https:\/\/www.feuerwehr-brilon.de\/?p=33312","url_meta":{"origin":31716,"position":0},"title":"+++ Einsatz +++","author":"Andreas Becker","date":"22. M\u00e4rz 2025","format":false,"excerpt":"21.03. 21:57Uhr, Hilfeleistung, H0 T\u00fcr, Brilon, Altenb\u00fcrener Str., T\u00fcr\u00f6ffnung","rel":"","context":"In &quot;Alarmierungen&quot;","block_context":{"text":"Alarmierungen","link":"https:\/\/www.feuerwehr-brilon.de\/?cat=102"},"img":{"alt_text":"","src":"","width":0,"height":0},"classes":[]},{"id":31591,"url":"https:\/\/www.feuerwehr-brilon.de\/?p=31591","url_meta":{"origin":31716,"position":1},"title":"+++ Einsatz +++","author":"Andreas Becker","date":"19. Oktober 2023","format":false,"excerpt":"19.10. 00:57Uhr, Hilfeleistung, H0 T\u00fcr, Brilon, Hoppecker Str., T\u00fcr\u00f6ffnung","rel":"","context":"In &quot;Alarmierungen&quot;","block_context":{"text":"Alarmierungen","link":"https:\/\/www.feuerwehr-brilon.de\/?cat=102"},"img":{"alt_text":"","src":"https:\/\/i0.wp.com\/www.feuerwehr-brilon.de\/wp-up\/2022\/09\/sym_tuer.jpg?resize=350%2C200&ssl=1","width":350,"height":200,"srcset":"https:\/\/i0.wp.com\/www.feuerwehr-brilon.de\/wp-up\/2022\/09\/sym_tuer.jpg?resize=350%2C200&ssl=1 1x, https:\/\/i0.wp.com\/www.feuerwehr-brilon.de\/wp-up\/2022\/09\/sym_tuer.jpg?resize=525%2C300&ssl=1 1.5x, https:\/\/i0.wp.com\/www.feuerwehr-brilon.de\/wp-up\/2022\/09\/sym_tuer.jpg?resize=700%2C400&ssl=1 2x"},"classes":[]},{"id":33651,"url":"https:\/\/www.feuerwehr-brilon.de\/?p=33651","url_meta":{"origin":31716,"position":2},"title":"+++ Einsatz +++","author":"Andreas Becker","date":"9. August 2025","format":false,"excerpt":"09.08. 11:57Uhr, Hilfeleistung, H0 T\u00fcr, Altenb\u00fcren, H\u00fcttenstra\u00dfe, T\u00fcr\u00f6ffnung","rel":"","context":"In &quot;Alarmierungen&quot;","block_context":{"text":"Alarmierungen","link":"https:\/\/www.feuerwehr-brilon.de\/?cat=102"},"img":{"alt_text":"","src":"","width":0,"height":0},"classes":[]},{"id":22684,"url":"https:\/\/www.feuerwehr-brilon.de\/?p=22684","url_meta":{"origin":31716,"position":3},"title":"+++ Einsatz +++","author":"Andreas Becker","date":"27. August 2020","format":false,"excerpt":"26.08. 22:29Uhr, Hilfeleistung, H0 T\u00fcr, Brilon, Lindenweg, T\u00fcr\u00f6ffnung","rel":"","context":"In &quot;Alarmierungen&quot;","block_context":{"text":"Alarmierungen","link":"https:\/\/www.feuerwehr-brilon.de\/?cat=102"},"img":{"alt_text":"","src":"https:\/\/i0.wp.com\/www.feuerwehr-brilon.de\/wp-up\/2020\/08\/Tueroeffnung.jpg?resize=350%2C200&ssl=1","width":350,"height":200,"srcset":"https:\/\/i0.wp.com\/www.feuerwehr-brilon.de\/wp-up\/2020\/08\/Tueroeffnung.jpg?resize=350%2C200&ssl=1 1x, https:\/\/i0.wp.com\/www.feuerwehr-brilon.de\/wp-up\/2020\/08\/Tueroeffnung.jpg?resize=525%2C300&ssl=1 1.5x, https:\/\/i0.wp.com\/www.feuerwehr-brilon.de\/wp-up\/2020\/08\/Tueroeffnung.jpg?resize=700%2C400&ssl=1 2x"},"classes":[]},{"id":24309,"url":"https:\/\/www.feuerwehr-brilon.de\/?p=24309","url_meta":{"origin":31716,"position":4},"title":"+++ Einsatz +++","author":"Andreas Becker","date":"13. M\u00e4rz 2022","format":false,"excerpt":"13.03. 22:01Uhr, Hilfeleistung, H0 T\u00fcr, Brilon, Amselweg, T\u00fcr\u00f6ffnung","rel":"","context":"In &quot;Alarmierungen&quot;","block_context":{"text":"Alarmierungen","link":"https:\/\/www.feuerwehr-brilon.de\/?cat=102"},"img":{"alt_text":"","src":"https:\/\/i0.wp.com\/www.feuerwehr-brilon.de\/wp-up\/2020\/08\/Tueroeffnung.jpg?resize=350%2C200&ssl=1","width":350,"height":200,"srcset":"https:\/\/i0.wp.com\/www.feuerwehr-brilon.de\/wp-up\/2020\/08\/Tueroeffnung.jpg?resize=350%2C200&ssl=1 1x, https:\/\/i0.wp.com\/www.feuerwehr-brilon.de\/wp-up\/2020\/08\/Tueroeffnung.jpg?resize=525%2C300&ssl=1 1.5x, https:\/\/i0.wp.com\/www.feuerwehr-brilon.de\/wp-up\/2020\/08\/Tueroeffnung.jpg?resize=700%2C400&ssl=1 2x"},"classes":[]},{"id":31802,"url":"https:\/\/www.feuerwehr-brilon.de\/?p=31802","url_meta":{"origin":31716,"position":5},"title":"+++ Einsatz +++","author":"Andreas Becker","date":"15. Dezember 2023","format":false,"excerpt":"14.12. 22:47Uhr, Hilfeleistung, H0 T\u00fcr, Gudenhagen, R\u00fcbezahlweg, T\u00fcr\u00f6ffnung","rel":"","context":"In &quot;Alarmierungen&quot;","block_context":{"text":"Alarmierungen","link":"https:\/\/www.feuerwehr-brilon.de\/?cat=102"},"img":{"alt_text":"","src":"https:\/\/i0.wp.com\/www.feuerwehr-brilon.de\/wp-up\/2023\/04\/sym_HLF-RTW.jpg?resize=350%2C200&ssl=1","width":350,"height":200,"srcset":"https:\/\/i0.wp.com\/www.feuerwehr-brilon.de\/wp-up\/2023\/04\/sym_HLF-RTW.jpg?resize=350%2C200&ssl=1 1x, https:\/\/i0.wp.com\/www.feuerwehr-brilon.de\/wp-up\/2023\/04\/sym_HLF-RTW.jpg?resize=525%2C300&ssl=1 1.5x, https:\/\/i0.wp.com\/www.feuerwehr-brilon.de\/wp-up\/2023\/04\/sym_HLF-RTW.jpg?resize=700%2C400&ssl=1 2x"},"classes":[]}],"_links":{"self":[{"href":"https:\/\/www.feuerwehr-brilon.de\/index.php?rest_route=\/wp\/v2\/posts\/31716","targetHints":{"allow":["GET"]}}],"collection":[{"href":"https:\/\/www.feuerwehr-brilon.de\/index.php?rest_route=\/wp\/v2\/posts"}],"about":[{"href":"https:\/\/www.feuerwehr-brilon.de\/index.php?rest_route=\/wp\/v2\/types\/post"}],"author":[{"embeddable":true,"href":"https:\/\/www.feuerwehr-brilon.de\/index.php?rest_route=\/wp\/v2\/users\/8"}],"replies":[{"embeddable":true,"href":"https:\/\/www.feuerwehr-brilon.de\/index.php?rest_route=%2Fwp%2Fv2%2Fcomments&post=31716"}],"version-history":[{"count":1,"href":"https:\/\/www.feuerwehr-brilon.de\/index.php?rest_route=\/wp\/v2\/posts\/31716\/revisions"}],"predecessor-version":[{"id":31717,"href":"https:\/\/www.feuerwehr-brilon.de\/index.php?rest_route=\/wp\/v2\/posts\/31716\/revisions\/31717"}],"wp:featuredmedia":[{"embeddable":true,"href":"https:\/\/www.feuerwehr-brilon.de\/index.php?rest_route=\/wp\/v2\/media\/30864"}],"wp:attachment":[{"href":"https:\/\/www.feuerwehr-brilon.de\/index.php?rest_route=%2Fwp%2Fv2%2Fmedia&parent=31716"}],"wp:term":[{"taxonomy":"category","embeddable":true,"href":"https:\/\/www.feuerwehr-brilon.de\/index.php?rest_route=%2Fwp%2Fv2%2Fcategories&post=31716"},{"taxonomy":"post_tag","embeddable":true,"href":"https:\/\/www.feuerwehr-brilon.de\/index.php?rest_route=%2Fwp%2Fv2%2Ftags&post=31716"}],"curies":[{"name":"wp","href":"https:\/\/api.w.org\/{rel}","templated":true}]}}