{"id":31725,"date":"2023-11-13T21:26:44","date_gmt":"2023-11-13T19:26:44","guid":{"rendered":"https:\/\/www.feuerwehr-brilon.de\/?p=31725"},"modified":"2023-11-13T21:26:44","modified_gmt":"2023-11-13T19:26:44","slug":"einsatz-864","status":"publish","type":"post","link":"https:\/\/www.feuerwehr-brilon.de\/?p=31725","title":{"rendered":"+++ Einsatz +++"},"content":{"rendered":"<p>13.11. 17:07Uhr, Hilfeleistung, H0 Hochwasser, Brilon, M\u00fchlenweg, Stra\u00dfe \u00fcberflutet<\/p>\n","protected":false},"excerpt":{"rendered":"<p>13.11. 17:07Uhr, Hilfeleistung, H0 Hochwasser, Brilon, M\u00fchlenweg, Stra\u00dfe \u00fcberflutet<\/p>\n","protected":false},"author":8,"featured_media":30162,"comment_status":"closed","ping_status":"closed","sticky":false,"template":"","format":"standard","meta":{"_exactmetrics_skip_tracking":false,"_exactmetrics_sitenote_active":false,"_exactmetrics_sitenote_note":"","_exactmetrics_sitenote_category":0,"jetpack_post_was_ever_published":false,"_jetpack_newsletter_access":"","_jetpack_dont_email_post_to_subs":false,"_jetpack_newsletter_tier_id":0,"_jetpack_memberships_contains_paywalled_content":false,"_jetpack_memberships_contains_paid_content":false,"footnotes":""},"categories":[102],"tags":[],"class_list":["post-31725","post","type-post","status-publish","format-standard","has-post-thumbnail","hentry","category-alarmierungen"],"jetpack_featured_media_url":"https:\/\/www.feuerwehr-brilon.de\/wp-up\/2022\/09\/sym_gwl2.jpg","jetpack_shortlink":"https:\/\/wp.me\/pCIJa-8fH","jetpack_sharing_enabled":true,"jetpack-related-posts":[{"id":31723,"url":"https:\/\/www.feuerwehr-brilon.de\/?p=31723","url_meta":{"origin":31725,"position":0},"title":"+++ Einsatz +++","author":"Andreas Becker","date":"13. November 2023","format":false,"excerpt":"13.11. 16:35Uhr, Hilfeleistung, H0 Hochwasser, Brilon, B7 - Knippenbergstr., Stra\u00dfe \u00fcberflutet","rel":"","context":"In &quot;Alarmierungen&quot;","block_context":{"text":"Alarmierungen","link":"https:\/\/www.feuerwehr-brilon.de\/?cat=102"},"img":{"alt_text":"","src":"https:\/\/i0.wp.com\/www.feuerwehr-brilon.de\/wp-up\/2023\/11\/231113_H0was_B7.jpg?resize=350%2C200&ssl=1","width":350,"height":200,"srcset":"https:\/\/i0.wp.com\/www.feuerwehr-brilon.de\/wp-up\/2023\/11\/231113_H0was_B7.jpg?resize=350%2C200&ssl=1 1x, https:\/\/i0.wp.com\/www.feuerwehr-brilon.de\/wp-up\/2023\/11\/231113_H0was_B7.jpg?resize=525%2C300&ssl=1 1.5x, https:\/\/i0.wp.com\/www.feuerwehr-brilon.de\/wp-up\/2023\/11\/231113_H0was_B7.jpg?resize=700%2C400&ssl=1 2x, https:\/\/i0.wp.com\/www.feuerwehr-brilon.de\/wp-up\/2023\/11\/231113_H0was_B7.jpg?resize=1050%2C600&ssl=1 3x"},"classes":[]},{"id":23564,"url":"https:\/\/www.feuerwehr-brilon.de\/?p=23564","url_meta":{"origin":31725,"position":1},"title":"+++ Einsatz +++","author":"Andreas Becker","date":"19. Juni 2021","format":false,"excerpt":"18.06. 17:26Uhr, Hilfeleistung, H0 Hochwasser, W\u00fclfte, B516 -> R\u00fcthen, Stra\u00dfe \u00fcberflutet","rel":"","context":"In &quot;Alarmierungen&quot;","block_context":{"text":"Alarmierungen","link":"https:\/\/www.feuerwehr-brilon.de\/?cat=102"},"img":{"alt_text":"","src":"","width":0,"height":0},"classes":[]},{"id":23761,"url":"https:\/\/www.feuerwehr-brilon.de\/?p=23761","url_meta":{"origin":31725,"position":2},"title":"+++ Einsatz +++","author":"Andreas Becker","date":"10. September 2021","format":false,"excerpt":"09.09. 21:15Uhr, Hilfeleistung, H0 Hochwasser, Brilon, Hoppenbergweg, Stra\u00dfe \u00fcberflutet","rel":"","context":"In &quot;Alarmierungen&quot;","block_context":{"text":"Alarmierungen","link":"https:\/\/www.feuerwehr-brilon.de\/?cat=102"},"img":{"alt_text":"","src":"","width":0,"height":0},"classes":[]},{"id":31582,"url":"https:\/\/www.feuerwehr-brilon.de\/?p=31582","url_meta":{"origin":31725,"position":3},"title":"+++ Einsatz +++","author":"Andreas Becker","date":"14. Oktober 2023","format":false,"excerpt":"14.10. 06:34Uhr, Hilfeleistung, H0 Hochwasser, Brilon, B480 - Knippenberg, Stra\u00dfe \u00fcberflutet","rel":"","context":"In &quot;Alarmierungen&quot;","block_context":{"text":"Alarmierungen","link":"https:\/\/www.feuerwehr-brilon.de\/?cat=102"},"img":{"alt_text":"","src":"https:\/\/i0.wp.com\/www.feuerwehr-brilon.de\/wp-up\/2023\/10\/IMG_9848_fb_.jpg?resize=350%2C200&ssl=1","width":350,"height":200,"srcset":"https:\/\/i0.wp.com\/www.feuerwehr-brilon.de\/wp-up\/2023\/10\/IMG_9848_fb_.jpg?resize=350%2C200&ssl=1 1x, https:\/\/i0.wp.com\/www.feuerwehr-brilon.de\/wp-up\/2023\/10\/IMG_9848_fb_.jpg?resize=525%2C300&ssl=1 1.5x, https:\/\/i0.wp.com\/www.feuerwehr-brilon.de\/wp-up\/2023\/10\/IMG_9848_fb_.jpg?resize=700%2C400&ssl=1 2x, https:\/\/i0.wp.com\/www.feuerwehr-brilon.de\/wp-up\/2023\/10\/IMG_9848_fb_.jpg?resize=1050%2C600&ssl=1 3x"},"classes":[]},{"id":22214,"url":"https:\/\/www.feuerwehr-brilon.de\/?p=22214","url_meta":{"origin":31725,"position":4},"title":"+++ Einsatz +++","author":"Andreas Becker","date":"24. Februar 2020","format":false,"excerpt":"24.02. 12:45Uhr, Hilfeleistung, H0 Hochwasser, Hoppecke, L 870, Stra\u00dfe \u00fcberflutet","rel":"","context":"In &quot;Alarmierungen&quot;","block_context":{"text":"Alarmierungen","link":"https:\/\/www.feuerwehr-brilon.de\/?cat=102"},"img":{"alt_text":"","src":"","width":0,"height":0},"classes":[]},{"id":31206,"url":"https:\/\/www.feuerwehr-brilon.de\/?p=31206","url_meta":{"origin":31725,"position":5},"title":"+++ Einsatz +++","author":"Andreas Becker","date":"22. Mai 2023","format":false,"excerpt":"22.05. 15:41Uhr, Hilfeleistung, H0 Hochwasser, Th\u00fclen, Nehdener Weg, Stra\u00dfe \u00fcberflutet","rel":"","context":"In &quot;Alarmierungen&quot;","block_context":{"text":"Alarmierungen","link":"https:\/\/www.feuerwehr-brilon.de\/?cat=102"},"img":{"alt_text":"","src":"https:\/\/i0.wp.com\/www.feuerwehr-brilon.de\/wp-up\/2022\/12\/42352cc9-1c78-4276-b449-72b12b378cd6.jpg?resize=350%2C200&ssl=1","width":350,"height":200,"srcset":"https:\/\/i0.wp.com\/www.feuerwehr-brilon.de\/wp-up\/2022\/12\/42352cc9-1c78-4276-b449-72b12b378cd6.jpg?resize=350%2C200&ssl=1 1x, https:\/\/i0.wp.com\/www.feuerwehr-brilon.de\/wp-up\/2022\/12\/42352cc9-1c78-4276-b449-72b12b378cd6.jpg?resize=525%2C300&ssl=1 1.5x, https:\/\/i0.wp.com\/www.feuerwehr-brilon.de\/wp-up\/2022\/12\/42352cc9-1c78-4276-b449-72b12b378cd6.jpg?resize=700%2C400&ssl=1 2x"},"classes":[]}],"_links":{"self":[{"href":"https:\/\/www.feuerwehr-brilon.de\/index.php?rest_route=\/wp\/v2\/posts\/31725","targetHints":{"allow":["GET"]}}],"collection":[{"href":"https:\/\/www.feuerwehr-brilon.de\/index.php?rest_route=\/wp\/v2\/posts"}],"about":[{"href":"https:\/\/www.feuerwehr-brilon.de\/index.php?rest_route=\/wp\/v2\/types\/post"}],"author":[{"embeddable":true,"href":"https:\/\/www.feuerwehr-brilon.de\/index.php?rest_route=\/wp\/v2\/users\/8"}],"replies":[{"embeddable":true,"href":"https:\/\/www.feuerwehr-brilon.de\/index.php?rest_route=%2Fwp%2Fv2%2Fcomments&post=31725"}],"version-history":[{"count":2,"href":"https:\/\/www.feuerwehr-brilon.de\/index.php?rest_route=\/wp\/v2\/posts\/31725\/revisions"}],"predecessor-version":[{"id":31727,"href":"https:\/\/www.feuerwehr-brilon.de\/index.php?rest_route=\/wp\/v2\/posts\/31725\/revisions\/31727"}],"wp:featuredmedia":[{"embeddable":true,"href":"https:\/\/www.feuerwehr-brilon.de\/index.php?rest_route=\/wp\/v2\/media\/30162"}],"wp:attachment":[{"href":"https:\/\/www.feuerwehr-brilon.de\/index.php?rest_route=%2Fwp%2Fv2%2Fmedia&parent=31725"}],"wp:term":[{"taxonomy":"category","embeddable":true,"href":"https:\/\/www.feuerwehr-brilon.de\/index.php?rest_route=%2Fwp%2Fv2%2Fcategories&post=31725"},{"taxonomy":"post_tag","embeddable":true,"href":"https:\/\/www.feuerwehr-brilon.de\/index.php?rest_route=%2Fwp%2Fv2%2Ftags&post=31725"}],"curies":[{"name":"wp","href":"https:\/\/api.w.org\/{rel}","templated":true}]}}