{"id":31740,"date":"2023-11-20T16:07:32","date_gmt":"2023-11-20T14:07:32","guid":{"rendered":"https:\/\/www.feuerwehr-brilon.de\/?p=31740"},"modified":"2023-11-20T10:59:44","modified_gmt":"2023-11-20T08:59:44","slug":"einsatz-868","status":"publish","type":"post","link":"https:\/\/www.feuerwehr-brilon.de\/?p=31740","title":{"rendered":"+++ Einsatz +++"},"content":{"rendered":"<p>14.11. 17:45Uhr, Hilfeleistung, H0 \u00d6lspur, Brilon, Wittekindstra\u00dfe, \u00d6lspur<\/p>\n","protected":false},"excerpt":{"rendered":"<p>14.11. 17:45Uhr, Hilfeleistung, H0 \u00d6lspur, Brilon, Wittekindstra\u00dfe, \u00d6lspur<\/p>\n","protected":false},"author":8,"featured_media":30281,"comment_status":"closed","ping_status":"closed","sticky":false,"template":"","format":"standard","meta":{"_exactmetrics_skip_tracking":false,"_exactmetrics_sitenote_active":false,"_exactmetrics_sitenote_note":"","_exactmetrics_sitenote_category":0,"jetpack_post_was_ever_published":false,"_jetpack_newsletter_access":"","_jetpack_dont_email_post_to_subs":false,"_jetpack_newsletter_tier_id":0,"_jetpack_memberships_contains_paywalled_content":false,"_jetpack_memberships_contains_paid_content":false,"footnotes":""},"categories":[102],"tags":[],"class_list":["post-31740","post","type-post","status-publish","format-standard","has-post-thumbnail","hentry","category-alarmierungen"],"jetpack_featured_media_url":"https:\/\/www.feuerwehr-brilon.de\/wp-up\/2022\/10\/sym_Oelspur_.jpg","jetpack_shortlink":"https:\/\/wp.me\/pCIJa-8fW","jetpack_sharing_enabled":true,"jetpack-related-posts":[{"id":32362,"url":"https:\/\/www.feuerwehr-brilon.de\/?p=32362","url_meta":{"origin":31740,"position":0},"title":"+++ Einsatz +++","author":"Andreas Becker","date":"11. Mai 2024","format":false,"excerpt":"10.05. 17:48Uhr, Hilfeleistung, H0 \u00d6lspur, Brilon, Wittekindstra\u00dfe, \u00d6lspur","rel":"","context":"In &quot;Alarmierungen&quot;","block_context":{"text":"Alarmierungen","link":"https:\/\/www.feuerwehr-brilon.de\/?cat=102"},"img":{"alt_text":"","src":"https:\/\/i0.wp.com\/www.feuerwehr-brilon.de\/wp-up\/2024\/05\/240510_Oelspur_Brilon_FB.jpg?resize=350%2C200&ssl=1","width":350,"height":200,"srcset":"https:\/\/i0.wp.com\/www.feuerwehr-brilon.de\/wp-up\/2024\/05\/240510_Oelspur_Brilon_FB.jpg?resize=350%2C200&ssl=1 1x, https:\/\/i0.wp.com\/www.feuerwehr-brilon.de\/wp-up\/2024\/05\/240510_Oelspur_Brilon_FB.jpg?resize=525%2C300&ssl=1 1.5x, https:\/\/i0.wp.com\/www.feuerwehr-brilon.de\/wp-up\/2024\/05\/240510_Oelspur_Brilon_FB.jpg?resize=700%2C400&ssl=1 2x, https:\/\/i0.wp.com\/www.feuerwehr-brilon.de\/wp-up\/2024\/05\/240510_Oelspur_Brilon_FB.jpg?resize=1050%2C600&ssl=1 3x"},"classes":[]},{"id":22845,"url":"https:\/\/www.feuerwehr-brilon.de\/?p=22845","url_meta":{"origin":31740,"position":1},"title":"+++ Einsatz +++","author":"Andreas Becker","date":"29. September 2020","format":false,"excerpt":"29.09. 17:45Uhr, Hilfeleistung, H0 \u00d6lspur, Brilon, Nehdener Weg, \u00d6lspur","rel":"","context":"In &quot;Alarmierungen&quot;","block_context":{"text":"Alarmierungen","link":"https:\/\/www.feuerwehr-brilon.de\/?cat=102"},"img":{"alt_text":"","src":"https:\/\/i0.wp.com\/www.feuerwehr-brilon.de\/wp-up\/2020\/09\/200929_Oelspur.jpg?resize=350%2C200&ssl=1","width":350,"height":200,"srcset":"https:\/\/i0.wp.com\/www.feuerwehr-brilon.de\/wp-up\/2020\/09\/200929_Oelspur.jpg?resize=350%2C200&ssl=1 1x, https:\/\/i0.wp.com\/www.feuerwehr-brilon.de\/wp-up\/2020\/09\/200929_Oelspur.jpg?resize=525%2C300&ssl=1 1.5x, https:\/\/i0.wp.com\/www.feuerwehr-brilon.de\/wp-up\/2020\/09\/200929_Oelspur.jpg?resize=700%2C400&ssl=1 2x, https:\/\/i0.wp.com\/www.feuerwehr-brilon.de\/wp-up\/2020\/09\/200929_Oelspur.jpg?resize=1050%2C600&ssl=1 3x"},"classes":[]},{"id":32337,"url":"https:\/\/www.feuerwehr-brilon.de\/?p=32337","url_meta":{"origin":31740,"position":2},"title":"+++ Einsatz +++","author":"Andreas Becker","date":"3. Mai 2024","format":false,"excerpt":"03.05. 12:59Uhr, Hilfeleistung, H0 \u00d6lspur, Brilon, Wittekindstra\u00dfe, \u00d6lspur","rel":"","context":"In &quot;Alarmierungen&quot;","block_context":{"text":"Alarmierungen","link":"https:\/\/www.feuerwehr-brilon.de\/?cat=102"},"img":{"alt_text":"","src":"https:\/\/i0.wp.com\/www.feuerwehr-brilon.de\/wp-up\/2024\/05\/IMG_7014_FB.jpg?resize=350%2C200&ssl=1","width":350,"height":200,"srcset":"https:\/\/i0.wp.com\/www.feuerwehr-brilon.de\/wp-up\/2024\/05\/IMG_7014_FB.jpg?resize=350%2C200&ssl=1 1x, https:\/\/i0.wp.com\/www.feuerwehr-brilon.de\/wp-up\/2024\/05\/IMG_7014_FB.jpg?resize=525%2C300&ssl=1 1.5x, https:\/\/i0.wp.com\/www.feuerwehr-brilon.de\/wp-up\/2024\/05\/IMG_7014_FB.jpg?resize=700%2C400&ssl=1 2x, https:\/\/i0.wp.com\/www.feuerwehr-brilon.de\/wp-up\/2024\/05\/IMG_7014_FB.jpg?resize=1050%2C600&ssl=1 3x"},"classes":[]},{"id":31733,"url":"https:\/\/www.feuerwehr-brilon.de\/?p=31733","url_meta":{"origin":31740,"position":3},"title":"+++ Einsatz +++","author":"Andreas Becker","date":"20. November 2023","format":false,"excerpt":"14.11. 16:58Uhr, Hilfeleistung, H0 \u00d6lspur, Brilon, Siepenweg, \u00d6lspur","rel":"","context":"In &quot;Alarmierungen&quot;","block_context":{"text":"Alarmierungen","link":"https:\/\/www.feuerwehr-brilon.de\/?cat=102"},"img":{"alt_text":"","src":"","width":0,"height":0},"classes":[]},{"id":22951,"url":"https:\/\/www.feuerwehr-brilon.de\/?p=22951","url_meta":{"origin":31740,"position":4},"title":"+++ Einsatz +++","author":"Andreas Becker","date":"14. November 2020","format":false,"excerpt":"14.11. 10:34Uhr, Hilfeleistung, H0 \u00d6lspur, Brilon, Kreuzung B251\/L870, \u00d6lspur nach VU","rel":"","context":"In &quot;Alarmierungen&quot;","block_context":{"text":"Alarmierungen","link":"https:\/\/www.feuerwehr-brilon.de\/?cat=102"},"img":{"alt_text":"","src":"https:\/\/i0.wp.com\/www.feuerwehr-brilon.de\/wp-up\/2020\/11\/IMG_4621-1.jpg?resize=350%2C200&ssl=1","width":350,"height":200,"srcset":"https:\/\/i0.wp.com\/www.feuerwehr-brilon.de\/wp-up\/2020\/11\/IMG_4621-1.jpg?resize=350%2C200&ssl=1 1x, https:\/\/i0.wp.com\/www.feuerwehr-brilon.de\/wp-up\/2020\/11\/IMG_4621-1.jpg?resize=525%2C300&ssl=1 1.5x, https:\/\/i0.wp.com\/www.feuerwehr-brilon.de\/wp-up\/2020\/11\/IMG_4621-1.jpg?resize=700%2C400&ssl=1 2x"},"classes":[]},{"id":21978,"url":"https:\/\/www.feuerwehr-brilon.de\/?p=21978","url_meta":{"origin":31740,"position":5},"title":"+++ Einsatz +++","author":"Andreas Becker","date":"31. Dezember 2019","format":false,"excerpt":"31.12. 10:45Uhr, Hilfeleistung, H0 \u00d6lspur, Altenb\u00fcren, B480, \u00d6lspur","rel":"","context":"In &quot;Alarmierungen&quot;","block_context":{"text":"Alarmierungen","link":"https:\/\/www.feuerwehr-brilon.de\/?cat=102"},"img":{"alt_text":"","src":"","width":0,"height":0},"classes":[]}],"_links":{"self":[{"href":"https:\/\/www.feuerwehr-brilon.de\/index.php?rest_route=\/wp\/v2\/posts\/31740","targetHints":{"allow":["GET"]}}],"collection":[{"href":"https:\/\/www.feuerwehr-brilon.de\/index.php?rest_route=\/wp\/v2\/posts"}],"about":[{"href":"https:\/\/www.feuerwehr-brilon.de\/index.php?rest_route=\/wp\/v2\/types\/post"}],"author":[{"embeddable":true,"href":"https:\/\/www.feuerwehr-brilon.de\/index.php?rest_route=\/wp\/v2\/users\/8"}],"replies":[{"embeddable":true,"href":"https:\/\/www.feuerwehr-brilon.de\/index.php?rest_route=%2Fwp%2Fv2%2Fcomments&post=31740"}],"version-history":[{"count":1,"href":"https:\/\/www.feuerwehr-brilon.de\/index.php?rest_route=\/wp\/v2\/posts\/31740\/revisions"}],"predecessor-version":[{"id":31741,"href":"https:\/\/www.feuerwehr-brilon.de\/index.php?rest_route=\/wp\/v2\/posts\/31740\/revisions\/31741"}],"wp:featuredmedia":[{"embeddable":true,"href":"https:\/\/www.feuerwehr-brilon.de\/index.php?rest_route=\/wp\/v2\/media\/30281"}],"wp:attachment":[{"href":"https:\/\/www.feuerwehr-brilon.de\/index.php?rest_route=%2Fwp%2Fv2%2Fmedia&parent=31740"}],"wp:term":[{"taxonomy":"category","embeddable":true,"href":"https:\/\/www.feuerwehr-brilon.de\/index.php?rest_route=%2Fwp%2Fv2%2Fcategories&post=31740"},{"taxonomy":"post_tag","embeddable":true,"href":"https:\/\/www.feuerwehr-brilon.de\/index.php?rest_route=%2Fwp%2Fv2%2Ftags&post=31740"}],"curies":[{"name":"wp","href":"https:\/\/api.w.org\/{rel}","templated":true}]}}