{"id":31778,"date":"2023-12-06T12:57:56","date_gmt":"2023-12-06T11:57:56","guid":{"rendered":"https:\/\/www.feuerwehr-brilon.de\/?p=31778"},"modified":"2023-12-06T12:57:56","modified_gmt":"2023-12-06T11:57:56","slug":"einsatz-878","status":"publish","type":"post","link":"https:\/\/www.feuerwehr-brilon.de\/?p=31778","title":{"rendered":"+++ Einsatz +++"},"content":{"rendered":"<p>06.12. 03:22Uhr, Brandeinsatz, F4 (DLK \u00fcber\u00f6rtlich), Marsberg, Talblick, brennt Garage<\/p>\n","protected":false},"excerpt":{"rendered":"<p>06.12. 03:22Uhr, Brandeinsatz, F4 (DLK \u00fcber\u00f6rtlich), Marsberg, Talblick, brennt Garage<\/p>\n","protected":false},"author":8,"featured_media":31779,"comment_status":"closed","ping_status":"closed","sticky":false,"template":"","format":"standard","meta":{"_exactmetrics_skip_tracking":false,"_exactmetrics_sitenote_active":false,"_exactmetrics_sitenote_note":"","_exactmetrics_sitenote_category":0,"jetpack_post_was_ever_published":false,"_jetpack_newsletter_access":"","_jetpack_dont_email_post_to_subs":false,"_jetpack_newsletter_tier_id":0,"_jetpack_memberships_contains_paywalled_content":false,"_jetpack_memberships_contains_paid_content":false,"footnotes":""},"categories":[102],"tags":[],"class_list":["post-31778","post","type-post","status-publish","format-standard","has-post-thumbnail","hentry","category-alarmierungen"],"jetpack_featured_media_url":"https:\/\/www.feuerwehr-brilon.de\/wp-up\/2023\/12\/231206_MAB_DLK-01_FB_.jpg","jetpack_shortlink":"https:\/\/wp.me\/pCIJa-8gy","jetpack_sharing_enabled":true,"jetpack-related-posts":[{"id":31401,"url":"https:\/\/www.feuerwehr-brilon.de\/?p=31401","url_meta":{"origin":31778,"position":0},"title":"+++ Einsatz +++","author":"Andreas Becker","date":"2. August 2023","format":false,"excerpt":"02.08. 09:13Uhr, Brandeinsatz, F5, Marsberg, Weist, Kellerbrand (DLK \u00fcber\u00f6rtlich)","rel":"","context":"In &quot;Alarmierungen&quot;","block_context":{"text":"Alarmierungen","link":"https:\/\/www.feuerwehr-brilon.de\/?cat=102"},"img":{"alt_text":"","src":"https:\/\/i0.wp.com\/www.feuerwehr-brilon.de\/wp-up\/2023\/03\/sym_DLK.jpg?resize=350%2C200&ssl=1","width":350,"height":200,"srcset":"https:\/\/i0.wp.com\/www.feuerwehr-brilon.de\/wp-up\/2023\/03\/sym_DLK.jpg?resize=350%2C200&ssl=1 1x, https:\/\/i0.wp.com\/www.feuerwehr-brilon.de\/wp-up\/2023\/03\/sym_DLK.jpg?resize=525%2C300&ssl=1 1.5x, https:\/\/i0.wp.com\/www.feuerwehr-brilon.de\/wp-up\/2023\/03\/sym_DLK.jpg?resize=700%2C400&ssl=1 2x"},"classes":[]},{"id":34193,"url":"https:\/\/www.feuerwehr-brilon.de\/?p=34193","url_meta":{"origin":31778,"position":1},"title":"+++ Einsatz +++","author":"Andreas Becker","date":"31. Dezember 2025","format":false,"excerpt":"30.12. 21:33Uhr, Brandeinsatz, F4, Olsberg, Sachsenecke, DLK (\u00fcber\u00f6rtlich)","rel":"","context":"In &quot;Alarmierungen&quot;","block_context":{"text":"Alarmierungen","link":"https:\/\/www.feuerwehr-brilon.de\/?cat=102"},"img":{"alt_text":"","src":"","width":0,"height":0},"classes":[]},{"id":31201,"url":"https:\/\/www.feuerwehr-brilon.de\/?p=31201","url_meta":{"origin":31778,"position":2},"title":"+++ Einsatz +++","author":"Andreas Becker","date":"21. Mai 2023","format":false,"excerpt":"20.05. 19:49Uhr, Brandeinsatz, F3 BMA, Marsberg, Bredelarer Str., autom. BMA (\u00fcber\u00f6rtlich)","rel":"","context":"In &quot;Alarmierungen&quot;","block_context":{"text":"Alarmierungen","link":"https:\/\/www.feuerwehr-brilon.de\/?cat=102"},"img":{"alt_text":"","src":"https:\/\/i0.wp.com\/www.feuerwehr-brilon.de\/wp-up\/2020\/07\/FIZ.jpg?resize=350%2C200&ssl=1","width":350,"height":200,"srcset":"https:\/\/i0.wp.com\/www.feuerwehr-brilon.de\/wp-up\/2020\/07\/FIZ.jpg?resize=350%2C200&ssl=1 1x, https:\/\/i0.wp.com\/www.feuerwehr-brilon.de\/wp-up\/2020\/07\/FIZ.jpg?resize=525%2C300&ssl=1 1.5x, https:\/\/i0.wp.com\/www.feuerwehr-brilon.de\/wp-up\/2020\/07\/FIZ.jpg?resize=700%2C400&ssl=1 2x"},"classes":[]},{"id":31485,"url":"https:\/\/www.feuerwehr-brilon.de\/?p=31485","url_meta":{"origin":31778,"position":3},"title":"+++ Einsatz +++","author":"Andreas Becker","date":"30. August 2023","format":false,"excerpt":"30.08. 08:44Uhr, Brandeinsatz, F3 BMA, Bigge, Hauptstra\u00dfe, autom. BMA (DLK \u00fcber\u00f6rtlich)","rel":"","context":"In &quot;Alarmierungen&quot;","block_context":{"text":"Alarmierungen","link":"https:\/\/www.feuerwehr-brilon.de\/?cat=102"},"img":{"alt_text":"","src":"https:\/\/i0.wp.com\/www.feuerwehr-brilon.de\/wp-up\/2023\/03\/sym_DLK.jpg?resize=350%2C200&ssl=1","width":350,"height":200,"srcset":"https:\/\/i0.wp.com\/www.feuerwehr-brilon.de\/wp-up\/2023\/03\/sym_DLK.jpg?resize=350%2C200&ssl=1 1x, https:\/\/i0.wp.com\/www.feuerwehr-brilon.de\/wp-up\/2023\/03\/sym_DLK.jpg?resize=525%2C300&ssl=1 1.5x, https:\/\/i0.wp.com\/www.feuerwehr-brilon.de\/wp-up\/2023\/03\/sym_DLK.jpg?resize=700%2C400&ssl=1 2x"},"classes":[]},{"id":22469,"url":"https:\/\/www.feuerwehr-brilon.de\/?p=22469","url_meta":{"origin":31778,"position":4},"title":"+++ Einsatz +++","author":"Andreas Becker","date":"23. April 2020","format":false,"excerpt":"22.04. 22:22Uhr, Brandeinsatz, F0, Brilon, Rixener Str. - Aam\u00fchlen, brennt Gestr\u00fcpp","rel":"","context":"In &quot;Alarmierungen&quot;","block_context":{"text":"Alarmierungen","link":"https:\/\/www.feuerwehr-brilon.de\/?cat=102"},"img":{"alt_text":"","src":"","width":0,"height":0},"classes":[]},{"id":23747,"url":"https:\/\/www.feuerwehr-brilon.de\/?p=23747","url_meta":{"origin":31778,"position":5},"title":"+++ Einsatz +++","author":"Andreas Becker","date":"6. September 2021","format":false,"excerpt":"05.09. 14:22Uhr, Brandeinsatz, F3 Kfz, Th\u00fclen, Nehdener Str., brennt landwirtschaftliche Maschine","rel":"","context":"In &quot;Alarmierungen&quot;","block_context":{"text":"Alarmierungen","link":"https:\/\/www.feuerwehr-brilon.de\/?cat=102"},"img":{"alt_text":"","src":"","width":0,"height":0},"classes":[]}],"_links":{"self":[{"href":"https:\/\/www.feuerwehr-brilon.de\/index.php?rest_route=\/wp\/v2\/posts\/31778","targetHints":{"allow":["GET"]}}],"collection":[{"href":"https:\/\/www.feuerwehr-brilon.de\/index.php?rest_route=\/wp\/v2\/posts"}],"about":[{"href":"https:\/\/www.feuerwehr-brilon.de\/index.php?rest_route=\/wp\/v2\/types\/post"}],"author":[{"embeddable":true,"href":"https:\/\/www.feuerwehr-brilon.de\/index.php?rest_route=\/wp\/v2\/users\/8"}],"replies":[{"embeddable":true,"href":"https:\/\/www.feuerwehr-brilon.de\/index.php?rest_route=%2Fwp%2Fv2%2Fcomments&post=31778"}],"version-history":[{"count":1,"href":"https:\/\/www.feuerwehr-brilon.de\/index.php?rest_route=\/wp\/v2\/posts\/31778\/revisions"}],"predecessor-version":[{"id":31780,"href":"https:\/\/www.feuerwehr-brilon.de\/index.php?rest_route=\/wp\/v2\/posts\/31778\/revisions\/31780"}],"wp:featuredmedia":[{"embeddable":true,"href":"https:\/\/www.feuerwehr-brilon.de\/index.php?rest_route=\/wp\/v2\/media\/31779"}],"wp:attachment":[{"href":"https:\/\/www.feuerwehr-brilon.de\/index.php?rest_route=%2Fwp%2Fv2%2Fmedia&parent=31778"}],"wp:term":[{"taxonomy":"category","embeddable":true,"href":"https:\/\/www.feuerwehr-brilon.de\/index.php?rest_route=%2Fwp%2Fv2%2Fcategories&post=31778"},{"taxonomy":"post_tag","embeddable":true,"href":"https:\/\/www.feuerwehr-brilon.de\/index.php?rest_route=%2Fwp%2Fv2%2Ftags&post=31778"}],"curies":[{"name":"wp","href":"https:\/\/api.w.org\/{rel}","templated":true}]}}