{"id":31783,"date":"2023-12-13T19:30:35","date_gmt":"2023-12-13T18:30:35","guid":{"rendered":"https:\/\/www.feuerwehr-brilon.de\/?p=31783"},"modified":"2023-12-13T19:36:47","modified_gmt":"2023-12-13T18:36:47","slug":"jahresdienstbesprechung-beim-tambourkorps","status":"publish","type":"post","link":"https:\/\/www.feuerwehr-brilon.de\/?p=31783","title":{"rendered":"Jahresdienstbesprechung beim Tambourkorps"},"content":{"rendered":"<p><a href=\"https:\/\/www.feuerwehr-brilon.de\/?p=31783\"><img loading=\"lazy\" decoding=\"async\" src=\"https:\/\/www.feuerwehr-brilon.de\/wp-up\/2023\/12\/231201_Tamb_DB_HP-113x150.jpg\" alt=\"\" width=\"113\" height=\"150\" class=\"alignleft size-thumbnail wp-image-31787\" srcset=\"https:\/\/www.feuerwehr-brilon.de\/wp-up\/2023\/12\/231201_Tamb_DB_HP-113x150.jpg 113w, https:\/\/www.feuerwehr-brilon.de\/wp-up\/2023\/12\/231201_Tamb_DB_HP-375x500.jpg 375w, https:\/\/www.feuerwehr-brilon.de\/wp-up\/2023\/12\/231201_Tamb_DB_HP-768x1024.jpg 768w, https:\/\/www.feuerwehr-brilon.de\/wp-up\/2023\/12\/231201_Tamb_DB_HP.jpg 800w\" sizes=\"auto, (max-width: 113px) 100vw, 113px\" \/><\/a><a title=\"Tambourcorps\" href=\"http:\/\/www.feuerwehr-brilon.de\/?page_id=82\" target=\"_blank\" rel=\"noopener\">Tambourkorps. <\/a>Am Freitag, den 01.12.2023 fand die diesj\u00e4hrige Dienstbesprechung des Tambourkorps der freiwilligen Feuerwehr Brilon statt. Dazu konnte der Tambourmajor Freddy Renerich fast alle der aktuell 57 aktiven Musikerinnen und Musiker, sowie die beiden stellvertretenden Wehrleiter Manuel Henke und Andreas Becker begr\u00fc\u00dfen.<!--more--><\/p>\n<p>Aus dem Jahresbericht, der durch den stellvertretenden Musikzugf\u00fchrer Daniel Vogel verlesen wurde, ging hervor, dass das Tambourkorps im noch laufenden Jahr, bei 27 Auftritten rund 3700 Stunden musiziert hat. Bei einigen Auftritten wurden die Musikanten durch die starke Jugendgruppe tatkr\u00e4ftig unterst\u00fctzt. 2800 Stunden entfallen auf Aus- und Fortbildung.<\/p>\n<p>Ein umfassender Punkt auf der Tagesordnung waren Neuwahlen im Vorstand. Zwei Beisitzer, ein Instrumentenwart sowie die Jugendwartin wurden wie folgt neugew\u00e4hlt: Frederik Bohne (Instrumentenwart), Sabina Pape (Jugendwartin), Vanessa Wegener (Beisitzerin) und Paulin Sack (Beisitzerin).<\/p>\n<p>Einen besonderen Dank richtete Renerich an Zoe Tilly und Dominik Becker, die das Amt des Instrumentenwartes in den letzten Monaten sehr gewissenhaft ausgef\u00fchrt hatten.<\/p>\n<p>Mit den Gratulationen an die neugew\u00e4hlten Vorstandsmitglieder, dem Wunsch auf eine weiterhin hervorragende Zusammenarbeit im Vorstand und dem Ausblick auf ein ereignisreiches bevorstehendes Jahr, schloss der Tambourmajor die Versammlung.<\/p>\n<p><strong>Bilder:<\/strong><br \/>\n<a rel=\"lightbox\" href=\"https:\/\/www.feuerwehr-brilon.de\/wp-up\/2023\/12\/231201_Tamb_DB_HP.jpg\"><img loading=\"lazy\" decoding=\"async\" src=\"https:\/\/www.feuerwehr-brilon.de\/wp-up\/2023\/12\/231201_Tamb_DB_HP-113x150.jpg\" alt=\"\" width=\"113\" height=\"150\" class=\"alignnone size-thumbnail wp-image-31787\" srcset=\"https:\/\/www.feuerwehr-brilon.de\/wp-up\/2023\/12\/231201_Tamb_DB_HP-113x150.jpg 113w, https:\/\/www.feuerwehr-brilon.de\/wp-up\/2023\/12\/231201_Tamb_DB_HP-375x500.jpg 375w, https:\/\/www.feuerwehr-brilon.de\/wp-up\/2023\/12\/231201_Tamb_DB_HP-768x1024.jpg 768w, https:\/\/www.feuerwehr-brilon.de\/wp-up\/2023\/12\/231201_Tamb_DB_HP.jpg 800w\" sizes=\"auto, (max-width: 113px) 100vw, 113px\" \/><\/a><br \/>\nDer aktuelle Vorstand: Freddy Renerich (Tambourmajor und Musikzugf\u00fchrer), Winfried Wiegelmann (stv. Tambourmajor) Daniel Vogel (stv. Musikzugf\u00fchrer) Sven Becker (stv. Tambourmajor), Dominik Becker (stv. Tambourmajor), Benedikt Wiese (musikalische Leitung), Eileen Becker (stv. Musikalische Leitung), Sabina Pape (Jugendwartin), Doris Tilly (Vertrauensperson, stv. Jugendwartin), Frederik Bohne (Noten -\/ Instrumentenwart), Jonas Ernstberger (stv. Noten -\/Instrumentenwart), Meike B\u00f6ddicker (Kassenwartin), Petra Niggemeyer (stv. Kassenwartin), Vanessa Wegener (Beisitzerin) und Paulin Sack (Beisitzerin).<\/p>\n","protected":false},"excerpt":{"rendered":"<p>Tambourkorps. Am Freitag, den 01.12.2023 fand die diesj\u00e4hrige Dienstbesprechung des Tambourkorps der freiwilligen Feuerwehr Brilon statt. Dazu konnte der Tambourmajor Freddy Renerich fast alle der aktuell 57 aktiven Musikerinnen und Musiker, sowie die beiden stellvertretenden Wehrleiter Manuel Henke und Andreas Becker begr\u00fc\u00dfen.<\/p>\n","protected":false},"author":8,"featured_media":31786,"comment_status":"closed","ping_status":"closed","sticky":false,"template":"","format":"standard","meta":{"_exactmetrics_skip_tracking":false,"_exactmetrics_sitenote_active":false,"_exactmetrics_sitenote_note":"","_exactmetrics_sitenote_category":0,"jetpack_post_was_ever_published":false,"_jetpack_newsletter_access":"","_jetpack_dont_email_post_to_subs":false,"_jetpack_newsletter_tier_id":0,"_jetpack_memberships_contains_paywalled_content":false,"_jetpack_memberships_contains_paid_content":false,"footnotes":""},"categories":[336],"tags":[195,37,329,87],"class_list":["post-31783","post","type-post","status-publish","format-standard","has-post-thumbnail","hentry","category-meldungen-2023","tag-ausbildung","tag-brilon","tag-generalversammlung","tag-tambourkorps"],"jetpack_featured_media_url":"https:\/\/www.feuerwehr-brilon.de\/wp-up\/2023\/12\/231201_Tamb_DB_FB.jpg","jetpack_shortlink":"https:\/\/wp.me\/pCIJa-8gD","jetpack_sharing_enabled":true,"jetpack-related-posts":[{"id":30752,"url":"https:\/\/www.feuerwehr-brilon.de\/?p=30752","url_meta":{"origin":31783,"position":0},"title":"Jahreshauptversammlung des Tambourkorps Brilon","author":"Andreas Becker","date":"20. Februar 2023","format":false,"excerpt":"Tambourkorps. Am Freitag, den 13.01.2023 fand die diesj\u00e4hrige gemeinsame Jahreshauptversammlung des L\u00f6schzugs Brilon und des Tambourkorps Brilon statt. Es war uns m\u00f6glich, nach den coronabedingten Ausf\u00e4llen unserer zahlreichen Auftritte und Proben auf ein normales Jahr zur\u00fcckzublicken. Aus dem Jahresbericht des Tambourkorps ging hervor, dass aktuell 47 Musikerinnen und Musiker im\u2026","rel":"","context":"In &quot;Meldungen 2023&quot;","block_context":{"text":"Meldungen 2023","link":"https:\/\/www.feuerwehr-brilon.de\/?cat=336"},"img":{"alt_text":"","src":"https:\/\/i0.wp.com\/www.feuerwehr-brilon.de\/wp-up\/2023\/02\/230113_JHV-TK_.jpg?resize=350%2C200&ssl=1","width":350,"height":200,"srcset":"https:\/\/i0.wp.com\/www.feuerwehr-brilon.de\/wp-up\/2023\/02\/230113_JHV-TK_.jpg?resize=350%2C200&ssl=1 1x, https:\/\/i0.wp.com\/www.feuerwehr-brilon.de\/wp-up\/2023\/02\/230113_JHV-TK_.jpg?resize=525%2C300&ssl=1 1.5x"},"classes":[]},{"id":30053,"url":"https:\/\/www.feuerwehr-brilon.de\/?p=30053","url_meta":{"origin":31783,"position":1},"title":"Zahlreiche Ehrungen beim Tambourkorps der Feuerwehr Brilon","author":"Marcus Bange","date":"30. Juli 2022","format":false,"excerpt":"Brilon. Das Tambourkorps der Freiwilligen Feuerwehr Brilon konnte bei der diesj\u00e4hrigen Dienstbesprechung auf zwei besondere Jahre zur\u00fcckblicken. Der Verein besteht zurzeit aus 51 aktiven Mitgliedern. Trotz der Einschr\u00e4nkungen durch die Corona-Pandemie und den daraus resultierenden Ausf\u00e4llen von Veranstaltungen, Auftritten und Proben, wurden 27 \u00dcbungsabende abgehalten und auf neun Auftritten das\u2026","rel":"","context":"In &quot;Allgemein&quot;","block_context":{"text":"Allgemein","link":"https:\/\/www.feuerwehr-brilon.de\/?cat=1"},"img":{"alt_text":"","src":"https:\/\/i0.wp.com\/www.feuerwehr-brilon.de\/wp-up\/2022\/07\/GV-LZ-Tambourkorps-1.jpg?resize=350%2C200&ssl=1","width":350,"height":200,"srcset":"https:\/\/i0.wp.com\/www.feuerwehr-brilon.de\/wp-up\/2022\/07\/GV-LZ-Tambourkorps-1.jpg?resize=350%2C200&ssl=1 1x, https:\/\/i0.wp.com\/www.feuerwehr-brilon.de\/wp-up\/2022\/07\/GV-LZ-Tambourkorps-1.jpg?resize=525%2C300&ssl=1 1.5x, https:\/\/i0.wp.com\/www.feuerwehr-brilon.de\/wp-up\/2022\/07\/GV-LZ-Tambourkorps-1.jpg?resize=700%2C400&ssl=1 2x"},"classes":[]},{"id":32177,"url":"https:\/\/www.feuerwehr-brilon.de\/?p=32177","url_meta":{"origin":31783,"position":2},"title":"Ehrungen und Bef\u00f6rderungen beim Tambourkorps der Feuerwehr Brilon","author":"Marcus Bange","date":"8. M\u00e4rz 2024","format":false,"excerpt":"Brilon. Das Tambourkorps der Feuerwehr Brilon und der L\u00f6schzug Brilon f\u00fchrten ihre gemeinsame Jahreshauptversammlung durch. Im Jahresbericht konnte das Tambourkorps auf zahlreiche Auftritte und Proben im vergangenen Jahr zur\u00fcckblicken. Aus dem Bericht ging hervor, dass aktuell 57 Musikerinnen und Musiker im Tambourkorps aktiv sind. Insgesamt spielte das Tambourkorps inklusive der\u2026","rel":"","context":"In &quot;Meldungen 2024&quot;","block_context":{"text":"Meldungen 2024","link":"https:\/\/www.feuerwehr-brilon.de\/?cat=359"},"img":{"alt_text":"","src":"https:\/\/i0.wp.com\/www.feuerwehr-brilon.de\/wp-up\/2024\/03\/GV-TK-2024-1.jpg?resize=350%2C200&ssl=1","width":350,"height":200,"srcset":"https:\/\/i0.wp.com\/www.feuerwehr-brilon.de\/wp-up\/2024\/03\/GV-TK-2024-1.jpg?resize=350%2C200&ssl=1 1x, https:\/\/i0.wp.com\/www.feuerwehr-brilon.de\/wp-up\/2024\/03\/GV-TK-2024-1.jpg?resize=525%2C300&ssl=1 1.5x, https:\/\/i0.wp.com\/www.feuerwehr-brilon.de\/wp-up\/2024\/03\/GV-TK-2024-1.jpg?resize=700%2C400&ssl=1 2x"},"classes":[]},{"id":2853,"url":"https:\/\/www.feuerwehr-brilon.de\/?p=2853","url_meta":{"origin":31783,"position":3},"title":"Nachwuchs beim Tambourkorps","author":"Marc Heines","date":"21. Juni 2010","format":false,"excerpt":"\"Nachdem das Tambourkorps auf \u00fcber 90 Jahre zur\u00fcckschauen kann, wollen wir uns keineswegs zur\u00fccklegen, sondern weiter f\u00fcr die Zukunft planen\", sagt Tambourmajor Freddi Renerich. \"Deshalb sind wir froh, auf so starken Nachwuchs bauen zu k\u00f6nnen. Im Fr\u00fchjahr haben die drei Fl\u00f6tistinnen Nicole Becker, Christina Wegener und Jeanine R\u00f6ttger und der\u2026","rel":"","context":"In &quot;Meldungen 2010&quot;","block_context":{"text":"Meldungen 2010","link":"https:\/\/www.feuerwehr-brilon.de\/?cat=34"},"img":{"alt_text":"ehrung_i","src":"https:\/\/i0.wp.com\/www.feuerwehr-brilon.de\/wp-up\/2010\/06\/ehrung_i-125x123.jpg?resize=350%2C200","width":350,"height":200},"classes":[]},{"id":16662,"url":"https:\/\/www.feuerwehr-brilon.de\/?p=16662","url_meta":{"origin":31783,"position":4},"title":"Tambourkorps mit neuer Organisation","author":"Marc Heines","date":"30. Dezember 2018","format":false,"excerpt":"Ende November hielt das Tambourkorps der Freiwilligen Feuerwehr Brilon seine diesj\u00e4hrige Dienstbesprechung ab. Es wurde eine modernere Organisationsstruktur, die den musikalischen Bereich vom organisatorischen Bereich trennt, beschlossen. K\u00fcnftig wird die neue Musikzugf\u00fchrung das Tambourkorps organisatorisch leiten. Die Tambourmajore, die diese Aufgabe zuvor \u00fcbernommen hatten, \u00fcbernehmen nun ausschlie\u00dflich die Stabf\u00fchrung. Freddi\u2026","rel":"","context":"In &quot;Meldungen 2018&quot;","block_context":{"text":"Meldungen 2018","link":"https:\/\/www.feuerwehr-brilon.de\/?cat=209"},"img":{"alt_text":"","src":"https:\/\/i0.wp.com\/www.feuerwehr-brilon.de\/wp-up\/2018\/12\/pmi-150x84.jpg?resize=350%2C200&ssl=1","width":350,"height":200},"classes":[]},{"id":22068,"url":"https:\/\/www.feuerwehr-brilon.de\/?p=22068","url_meta":{"origin":31783,"position":5},"title":"Generalversammlung des Tambourkorps","author":"Marc Heines","date":"6. Februar 2020","format":false,"excerpt":"In der gemeinsamen Hauptversammlung mit dem L\u00f6schzug Brilon blickte das Tambourkorps der Feuerwehr auf ein besonderes Jahr 2019 zur\u00fcck. Absoluter H\u00f6hepunkt war nat\u00fcrlich das 100 j\u00e4hrige Jubil\u00e4um am 18. Mai. Gefeiert wurde mit einem gro\u00dfen Festzug, offiziellem Festakt und einer gelungenen Jubil\u00e4umsparty in der Sch\u00fctzenhalle. Ebenfalls etwas Besonderes ist die\u2026","rel":"","context":"In &quot;Meldungen 2020&quot;","block_context":{"text":"Meldungen 2020","link":"https:\/\/www.feuerwehr-brilon.de\/?cat=237"},"img":{"alt_text":"","src":"https:\/\/i0.wp.com\/www.feuerwehr-brilon.de\/wp-up\/2020\/02\/PM_i-150x100.jpg?resize=350%2C200&ssl=1","width":350,"height":200},"classes":[]}],"_links":{"self":[{"href":"https:\/\/www.feuerwehr-brilon.de\/index.php?rest_route=\/wp\/v2\/posts\/31783","targetHints":{"allow":["GET"]}}],"collection":[{"href":"https:\/\/www.feuerwehr-brilon.de\/index.php?rest_route=\/wp\/v2\/posts"}],"about":[{"href":"https:\/\/www.feuerwehr-brilon.de\/index.php?rest_route=\/wp\/v2\/types\/post"}],"author":[{"embeddable":true,"href":"https:\/\/www.feuerwehr-brilon.de\/index.php?rest_route=\/wp\/v2\/users\/8"}],"replies":[{"embeddable":true,"href":"https:\/\/www.feuerwehr-brilon.de\/index.php?rest_route=%2Fwp%2Fv2%2Fcomments&post=31783"}],"version-history":[{"count":3,"href":"https:\/\/www.feuerwehr-brilon.de\/index.php?rest_route=\/wp\/v2\/posts\/31783\/revisions"}],"predecessor-version":[{"id":31800,"href":"https:\/\/www.feuerwehr-brilon.de\/index.php?rest_route=\/wp\/v2\/posts\/31783\/revisions\/31800"}],"wp:featuredmedia":[{"embeddable":true,"href":"https:\/\/www.feuerwehr-brilon.de\/index.php?rest_route=\/wp\/v2\/media\/31786"}],"wp:attachment":[{"href":"https:\/\/www.feuerwehr-brilon.de\/index.php?rest_route=%2Fwp%2Fv2%2Fmedia&parent=31783"}],"wp:term":[{"taxonomy":"category","embeddable":true,"href":"https:\/\/www.feuerwehr-brilon.de\/index.php?rest_route=%2Fwp%2Fv2%2Fcategories&post=31783"},{"taxonomy":"post_tag","embeddable":true,"href":"https:\/\/www.feuerwehr-brilon.de\/index.php?rest_route=%2Fwp%2Fv2%2Ftags&post=31783"}],"curies":[{"name":"wp","href":"https:\/\/api.w.org\/{rel}","templated":true}]}}