{"id":31802,"date":"2023-12-15T12:59:36","date_gmt":"2023-12-15T11:59:36","guid":{"rendered":"https:\/\/www.feuerwehr-brilon.de\/?p=31802"},"modified":"2023-12-15T08:41:35","modified_gmt":"2023-12-15T07:41:35","slug":"einsatz-879","status":"publish","type":"post","link":"https:\/\/www.feuerwehr-brilon.de\/?p=31802","title":{"rendered":"+++ Einsatz +++"},"content":{"rendered":"<p>14.12. 22:47Uhr, Hilfeleistung, H0 T\u00fcr, Gudenhagen, R\u00fcbezahlweg, T\u00fcr\u00f6ffnung<\/p>\n","protected":false},"excerpt":{"rendered":"<p>14.12. 22:47Uhr, Hilfeleistung, H0 T\u00fcr, Gudenhagen, R\u00fcbezahlweg, T\u00fcr\u00f6ffnung<\/p>\n","protected":false},"author":8,"featured_media":30989,"comment_status":"closed","ping_status":"closed","sticky":false,"template":"","format":"standard","meta":{"_exactmetrics_skip_tracking":false,"_exactmetrics_sitenote_active":false,"_exactmetrics_sitenote_note":"","_exactmetrics_sitenote_category":0,"jetpack_post_was_ever_published":false,"_jetpack_newsletter_access":"","_jetpack_dont_email_post_to_subs":false,"_jetpack_newsletter_tier_id":0,"_jetpack_memberships_contains_paywalled_content":false,"_jetpack_memberships_contains_paid_content":false,"footnotes":""},"categories":[102],"tags":[],"class_list":["post-31802","post","type-post","status-publish","format-standard","has-post-thumbnail","hentry","category-alarmierungen"],"jetpack_featured_media_url":"https:\/\/www.feuerwehr-brilon.de\/wp-up\/2023\/04\/sym_HLF-RTW.jpg","jetpack_shortlink":"https:\/\/wp.me\/pCIJa-8gW","jetpack_sharing_enabled":true,"jetpack-related-posts":[{"id":34506,"url":"https:\/\/www.feuerwehr-brilon.de\/?p=34506","url_meta":{"origin":31802,"position":0},"title":"+++ Einsatz +++","author":"Erwin Mungenast","date":"22. M\u00e4rz 2026","format":false,"excerpt":"15.03. 15:47Uhr, Hilfeleistung, H0 T\u00fcr, Gudenhagen\/Petersb., R\u00fcbezahlweg, T\u00fcr\u00f6ffnung","rel":"","context":"In &quot;Alarmierungen&quot;","block_context":{"text":"Alarmierungen","link":"https:\/\/www.feuerwehr-brilon.de\/?cat=102"},"img":{"alt_text":"","src":"","width":0,"height":0},"classes":[]},{"id":34102,"url":"https:\/\/www.feuerwehr-brilon.de\/?p=34102","url_meta":{"origin":31802,"position":1},"title":"+++ Einsatz +++","author":"Erwin Mungenast","date":"16. Dezember 2025","format":false,"excerpt":"14.12. 09:43Uhr, Hilfeleistung, H0 T\u00fcr, Gudenhagen\/Petersb., R\u00fcbezahlweg, T\u00fcr\u00f6ffnung","rel":"","context":"In &quot;Alarmierungen&quot;","block_context":{"text":"Alarmierungen","link":"https:\/\/www.feuerwehr-brilon.de\/?cat=102"},"img":{"alt_text":"","src":"","width":0,"height":0},"classes":[]},{"id":21926,"url":"https:\/\/www.feuerwehr-brilon.de\/?p=21926","url_meta":{"origin":31802,"position":2},"title":"+++ Einsatz +++","author":"Andreas Becker","date":"4. Dezember 2019","format":false,"excerpt":"04.12. 15:08Uhr, Hilfeleistung, H0 T\u00fcr, Gudenhagen, R\u00fcbezahlweg, T\u00fcr\u00f6ffnung","rel":"","context":"In &quot;Alarmierungen&quot;","block_context":{"text":"Alarmierungen","link":"https:\/\/www.feuerwehr-brilon.de\/?cat=102"},"img":{"alt_text":"","src":"","width":0,"height":0},"classes":[]},{"id":22642,"url":"https:\/\/www.feuerwehr-brilon.de\/?p=22642","url_meta":{"origin":31802,"position":3},"title":"+++ Einsatz +++","author":"Andreas Becker","date":"15. August 2020","format":false,"excerpt":"15.08. 18:29Uhr, Hilfeleistung, H0 T\u00fcr, Gudenhagen, R\u00fcbezahlweg, T\u00fcr\u00f6ffnung","rel":"","context":"In &quot;Alarmierungen&quot;","block_context":{"text":"Alarmierungen","link":"https:\/\/www.feuerwehr-brilon.de\/?cat=102"},"img":{"alt_text":"","src":"https:\/\/i0.wp.com\/www.feuerwehr-brilon.de\/wp-up\/2020\/02\/tueroeffnung.jpg?resize=350%2C200&ssl=1","width":350,"height":200,"srcset":"https:\/\/i0.wp.com\/www.feuerwehr-brilon.de\/wp-up\/2020\/02\/tueroeffnung.jpg?resize=350%2C200&ssl=1 1x, https:\/\/i0.wp.com\/www.feuerwehr-brilon.de\/wp-up\/2020\/02\/tueroeffnung.jpg?resize=525%2C300&ssl=1 1.5x"},"classes":[]},{"id":34470,"url":"https:\/\/www.feuerwehr-brilon.de\/?p=34470","url_meta":{"origin":31802,"position":4},"title":"+++ Einsatz +++","author":"Erwin Mungenast","date":"8. M\u00e4rz 2026","format":false,"excerpt":"07.03. 08:39Uhr, Hilfeleistung, H0 T\u00fcr, Gudenhagen\/Petersb., R\u00fcbezahlweg, T\u00fcr\u00f6ffnung","rel":"","context":"In &quot;Alarmierungen&quot;","block_context":{"text":"Alarmierungen","link":"https:\/\/www.feuerwehr-brilon.de\/?cat=102"},"img":{"alt_text":"","src":"","width":0,"height":0},"classes":[]},{"id":23145,"url":"https:\/\/www.feuerwehr-brilon.de\/?p=23145","url_meta":{"origin":31802,"position":5},"title":"+++ Einsatz +++","author":"Andreas Becker","date":"31. Januar 2021","format":false,"excerpt":"31.01. 18:41Uhr, Hilfeleistung, H0 T\u00fcr, Gudenhagen, R\u00fcbezahlweg, Person in Aufzug","rel":"","context":"In &quot;Alarmierungen&quot;","block_context":{"text":"Alarmierungen","link":"https:\/\/www.feuerwehr-brilon.de\/?cat=102"},"img":{"alt_text":"","src":"https:\/\/i0.wp.com\/www.feuerwehr-brilon.de\/wp-up\/2020\/08\/Tueroeffnung.jpg?resize=350%2C200&ssl=1","width":350,"height":200,"srcset":"https:\/\/i0.wp.com\/www.feuerwehr-brilon.de\/wp-up\/2020\/08\/Tueroeffnung.jpg?resize=350%2C200&ssl=1 1x, https:\/\/i0.wp.com\/www.feuerwehr-brilon.de\/wp-up\/2020\/08\/Tueroeffnung.jpg?resize=525%2C300&ssl=1 1.5x, https:\/\/i0.wp.com\/www.feuerwehr-brilon.de\/wp-up\/2020\/08\/Tueroeffnung.jpg?resize=700%2C400&ssl=1 2x"},"classes":[]}],"_links":{"self":[{"href":"https:\/\/www.feuerwehr-brilon.de\/index.php?rest_route=\/wp\/v2\/posts\/31802","targetHints":{"allow":["GET"]}}],"collection":[{"href":"https:\/\/www.feuerwehr-brilon.de\/index.php?rest_route=\/wp\/v2\/posts"}],"about":[{"href":"https:\/\/www.feuerwehr-brilon.de\/index.php?rest_route=\/wp\/v2\/types\/post"}],"author":[{"embeddable":true,"href":"https:\/\/www.feuerwehr-brilon.de\/index.php?rest_route=\/wp\/v2\/users\/8"}],"replies":[{"embeddable":true,"href":"https:\/\/www.feuerwehr-brilon.de\/index.php?rest_route=%2Fwp%2Fv2%2Fcomments&post=31802"}],"version-history":[{"count":1,"href":"https:\/\/www.feuerwehr-brilon.de\/index.php?rest_route=\/wp\/v2\/posts\/31802\/revisions"}],"predecessor-version":[{"id":31803,"href":"https:\/\/www.feuerwehr-brilon.de\/index.php?rest_route=\/wp\/v2\/posts\/31802\/revisions\/31803"}],"wp:featuredmedia":[{"embeddable":true,"href":"https:\/\/www.feuerwehr-brilon.de\/index.php?rest_route=\/wp\/v2\/media\/30989"}],"wp:attachment":[{"href":"https:\/\/www.feuerwehr-brilon.de\/index.php?rest_route=%2Fwp%2Fv2%2Fmedia&parent=31802"}],"wp:term":[{"taxonomy":"category","embeddable":true,"href":"https:\/\/www.feuerwehr-brilon.de\/index.php?rest_route=%2Fwp%2Fv2%2Fcategories&post=31802"},{"taxonomy":"post_tag","embeddable":true,"href":"https:\/\/www.feuerwehr-brilon.de\/index.php?rest_route=%2Fwp%2Fv2%2Ftags&post=31802"}],"curies":[{"name":"wp","href":"https:\/\/api.w.org\/{rel}","templated":true}]}}