{"id":31810,"date":"2023-12-18T09:21:55","date_gmt":"2023-12-18T08:21:55","guid":{"rendered":"https:\/\/www.feuerwehr-brilon.de\/?p=31810"},"modified":"2023-12-18T09:26:16","modified_gmt":"2023-12-18T08:26:16","slug":"schwerer-verkehrsunfall-auf-der-roesenbecker-hoehe-und-zugunfall-in-messinghausen","status":"publish","type":"post","link":"https:\/\/www.feuerwehr-brilon.de\/?p=31810","title":{"rendered":"Schwerer Verkehrsunfall auf der &#8222;R\u00f6senbecker H\u00f6he&#8220; und Zugunfall in Messinghausen"},"content":{"rendered":"<p><a href=\"https:\/\/www.feuerwehr-brilon.de\/?p=31810\"><img loading=\"lazy\" decoding=\"async\" src=\"https:\/\/www.feuerwehr-brilon.de\/wp-up\/2023\/12\/IMG_0081231217_Roes_VU_HP-150x84.jpg\" alt=\"\" width=\"150\" height=\"84\" class=\"alignleft size-thumbnail wp-image-31815\" srcset=\"https:\/\/www.feuerwehr-brilon.de\/wp-up\/2023\/12\/IMG_0081231217_Roes_VU_HP-150x84.jpg 150w, https:\/\/www.feuerwehr-brilon.de\/wp-up\/2023\/12\/IMG_0081231217_Roes_VU_HP-500x281.jpg 500w, https:\/\/www.feuerwehr-brilon.de\/wp-up\/2023\/12\/IMG_0081231217_Roes_VU_HP.jpg 800w\" sizes=\"auto, (max-width: 150px) 100vw, 150px\" \/><\/a><a title=\"R\u00f6senbeck\" href=\"http:\/\/www.feuerwehr-brilon.de\/?page_id=21\" target=\"_blank\" rel=\"noopener\">R\u00f6senbeck. <\/a>Bei R\u00f6senbeck kam am Sonntagnachmittag (17.12.) bei einem Verkehrsunfall eine Person ums Leben und eine weitere wurde schwer verletzt. Um 14.06 Uhr ging der Alarm bei der Feuerwehr ein. Bei Eintreffen der ersten Einsatzkr\u00e4fte aus R\u00f6senbeck und Th\u00fclen lag ein PKW auf dem Dach im Graben der B7 kurz vor der \u201eR\u00f6senbecker H\u00f6he\u201c. Er war in Fahrtrichtung Brilon vermutlich ins Schleudern geraten und hatte sich \u00fcberschlagen.<!--more--><\/p>\n<p>Dabei wurde der Beifahrer aus dem Fahrzeug geschleudert und der Fahrer unter dem Fahrzeug eingeklemmt. Ersthelfer hatten bereits versucht, ihn zu befreien. Mit Unterst\u00fctzung der Feuerwehr gelang dies letztendlich. Leider konnte der Notarzt nur noch den Tod des Fahrers feststellen.<\/p>\n<p>Der Beifahrer wurde bis zum Eintreffen des Rettungshubschraubers durch Rettungsdienst und Notarzt versorgt und anschlie\u00dfend in eine Dortmunder Klinik geflogen.<\/p>\n<p>Die Aufgaben der Feuerwehr bestanden in der Absicherung der Einsatzstelle sowie der Unterst\u00fctzung des Rettungsdienstes.<\/p>\n<p>Gegen 15.30 Uhr wurden die ersten Einheiten aus dem Einsatz entlassen. Eine Stunde sp\u00e4ter konnten dann auch die L\u00f6schgruppen aus R\u00f6senbeck und Madfeld wieder einr\u00fccken. Insgesamt waren 42 Feuerwehrfrauen und -m\u00e4nner aus R\u00f6senbeck, Th\u00fclen, Madfeld, Alme und Brilon, sowie der Rettungsdienst, die Polizei und ein Rettungshubschrauber im Einsatz.<\/p>\n<p>Ein Unfallaufnahmeteam der Polizei nahm direkt im Anschluss an die Arbeiten der Feuerwehr die Ermittlungen auf.<\/p>\n<h3>Unfall zwischen Personenzug und PKW<\/h3>\n<p>Bereits am Samstag (16.12.) wurde die Feuerwehr Brilon mit einem Gro\u00dfaufgebot um 15 Uhr nach Messinghausen alarmiert. Dort war ein Zug in Fahrtrichtung Warburg an einem Bahn\u00fcbergang mit einem PKW-Anh\u00e4nger kollidiert. Der Lokf\u00fchrer setzte umgehend den Notruf ab. <\/p>\n<p>Da keine genauen Angaben zu Verletzten und den Personen am Bahn\u00fcbergang gemacht werden konnten, wurden die L\u00f6schgruppen aus Messinghausen und Hoppecke sowie der L\u00f6schzug Brilon mit dem Stichwort \u201eVerkehrsunfall, eingeklemmte Person\u201c alarmiert.<\/p>\n<p>Gl\u00fccklicherweise stellte sich vor Ort heraus, dass niemand verletzt war. Nachdem der Notfallmanager der Deutschen Bahn die Weiterfahrt des Zuges organisiert hatte, konnte die Feuerwehr gegen halb F\u00fcnf wieder einr\u00fccken.<\/p>\n<p style=\"border-color: #696969; border-width: 2px; border-style: solid; padding: 4px;\"><strong>Eingesetzte Einheiten:<\/strong><br \/>\n<a href=\"http:\/\/www.feuerwehr-brilon.de\/?page_id=27\"><img loading=\"lazy\" decoding=\"async\" class=\"alignnone\" title=\"lg alme\" src=\"http:\/\/www.feuerwehr-brilon.de\/images\/einsatz_details\/lg_alme.jpg\" alt=\"\" width=\"110\" height=\"31\" \/><\/a><a href=\"http:\/\/www.feuerwehr-brilon.de\/?page_id=50\"><img loading=\"lazy\" decoding=\"async\" class=\"alignnone\" title=\"lg madfeld\" src=\"http:\/\/www.feuerwehr-brilon.de\/images\/einsatz_details\/lg_madfeld.jpg\" alt=\"\" width=\"110\" height=\"31\" \/><\/a><a href=\"http:\/\/www.feuerwehr-brilon.de\/?page_id=30\"><img loading=\"lazy\" decoding=\"async\" class=\"alignnone\" title=\"lg th\u00fclen\" src=\"http:\/\/www.feuerwehr-brilon.de\/images\/einsatz_details\/lg_thuelen.jpg\" alt=\"\" width=\"110\" height=\"31\" \/><\/a><a href=\"http:\/\/www.feuerwehr-brilon.de\/?page_id=21\"><img loading=\"lazy\" decoding=\"async\" class=\"alignnone\" title=\"lg r\u00f6senbeck\" src=\"http:\/\/www.feuerwehr-brilon.de\/images\/einsatz_details\/lg_roesenbeck.jpg\" alt=\"\" width=\"110\" height=\"31\" \/><\/a><a href=\"http:\/\/www.feuerwehr-brilon.de\/?page_id=7\"><img loading=\"lazy\" decoding=\"async\" class=\"alignnone\" title=\"lz brilon\" src=\"http:\/\/www.feuerwehr-brilon.de\/images\/einsatz_details\/lz_brilon.jpg\" alt=\"\" width=\"110\" height=\"31\" \/><\/a><\/p>\n<p style=\"border-color: #696969; border-width: 2px; border-style: solid; padding: 4px;\"><strong>Eingesetzte Fahrzeuge:<\/strong><br \/>\n<a href=\"http:\/\/www.feuerwehr-brilon.de\/?page_id=812\"><img loading=\"lazy\" decoding=\"async\" class=\"alignnone\" title=\"StLF\" src=\"http:\/\/www.feuerwehr-brilon.de\/images\/einsatz_details\/054802.jpg\" alt=\"\" width=\"110\" height=\"31\" \/><\/a><a href=\"http:\/\/www.feuerwehr-brilon.de\/?page_id=7437\"><img loading=\"lazy\" decoding=\"async\" class=\"alignnone\" title=\"TSF\" src=\"http:\/\/www.feuerwehr-brilon.de\/images\/einsatz_details\/054706.jpg\" alt=\"\" width=\"110\" height=\"31\" \/><\/a><a href=\"http:\/\/www.feuerwehr-brilon.de\/?page_id=817\"><img loading=\"lazy\" decoding=\"async\" class=\"alignnone\" title=\"StLF10\/6\" src=\"http:\/\/www.feuerwehr-brilon.de\/images\/einsatz_details\/054804.jpg\" alt=\"\" width=\"110\" height=\"31\" \/><\/a><a href=\"http:\/\/www.feuerwehr-brilon.de\/?page_id=1335\"><img loading=\"lazy\" decoding=\"async\" class=\"alignnone\" title=\"LF8\" src=\"http:\/\/www.feuerwehr-brilon.de\/images\/einsatz_details\/054201.jpg\" alt=\"\" width=\"110\" height=\"31\" \/><\/a><a href=\"http:\/\/www.feuerwehr-brilon.de\/?page_id=749\"><img loading=\"lazy\" decoding=\"async\" class=\"alignnone\" src=\"http:\/\/www.feuerwehr-brilon.de\/images\/einsatz_details\/051101.jpg\" alt=\"\" width=\"110\" height=\"31\" \/><\/a><a href=\"http:\/\/www.feuerwehr-brilon.de\/?page_id=23597\"><img loading=\"lazy\" decoding=\"async\" class=\"alignnone\" src=\"http:\/\/www.feuerwehr-brilon.de\/images\/einsatz_details\/054401.jpg\" alt=\"\" width=\"110\" height=\"31\" \/><\/a><\/p>\n<p><strong>Bilder:<\/strong><br \/>\n<a rel=\"lightbox\" href=\"https:\/\/www.feuerwehr-brilon.de\/wp-up\/2023\/12\/IMG_0080231217_Roes_VU_HP.jpg\"><img loading=\"lazy\" decoding=\"async\" src=\"https:\/\/www.feuerwehr-brilon.de\/wp-up\/2023\/12\/IMG_0080231217_Roes_VU_HP-150x84.jpg\" alt=\"\" width=\"150\" height=\"84\" class=\"alignnone size-thumbnail wp-image-31814\" srcset=\"https:\/\/www.feuerwehr-brilon.de\/wp-up\/2023\/12\/IMG_0080231217_Roes_VU_HP-150x84.jpg 150w, https:\/\/www.feuerwehr-brilon.de\/wp-up\/2023\/12\/IMG_0080231217_Roes_VU_HP-500x281.jpg 500w, https:\/\/www.feuerwehr-brilon.de\/wp-up\/2023\/12\/IMG_0080231217_Roes_VU_HP.jpg 800w\" sizes=\"auto, (max-width: 150px) 100vw, 150px\" \/><\/a><a rel=\"lightbox\" href=\"https:\/\/www.feuerwehr-brilon.de\/wp-up\/2023\/12\/IMG_0081231217_Roes_VU_HP.jpg\"><img loading=\"lazy\" decoding=\"async\" src=\"https:\/\/www.feuerwehr-brilon.de\/wp-up\/2023\/12\/IMG_0081231217_Roes_VU_HP-150x84.jpg\" alt=\"\" width=\"150\" height=\"84\" class=\"alignnone size-thumbnail wp-image-31815\" srcset=\"https:\/\/www.feuerwehr-brilon.de\/wp-up\/2023\/12\/IMG_0081231217_Roes_VU_HP-150x84.jpg 150w, https:\/\/www.feuerwehr-brilon.de\/wp-up\/2023\/12\/IMG_0081231217_Roes_VU_HP-500x281.jpg 500w, https:\/\/www.feuerwehr-brilon.de\/wp-up\/2023\/12\/IMG_0081231217_Roes_VU_HP.jpg 800w\" sizes=\"auto, (max-width: 150px) 100vw, 150px\" \/><\/a><a rel=\"lightbox\" href=\"https:\/\/www.feuerwehr-brilon.de\/wp-up\/2023\/12\/IMG_0076231217_Mes_VU_HP.jpg\"><img loading=\"lazy\" decoding=\"async\" src=\"https:\/\/www.feuerwehr-brilon.de\/wp-up\/2023\/12\/IMG_0076231217_Mes_VU_HP-150x84.jpg\" alt=\"\" width=\"150\" height=\"84\" class=\"alignnone size-thumbnail wp-image-31816\" srcset=\"https:\/\/www.feuerwehr-brilon.de\/wp-up\/2023\/12\/IMG_0076231217_Mes_VU_HP-150x84.jpg 150w, https:\/\/www.feuerwehr-brilon.de\/wp-up\/2023\/12\/IMG_0076231217_Mes_VU_HP-500x281.jpg 500w, https:\/\/www.feuerwehr-brilon.de\/wp-up\/2023\/12\/IMG_0076231217_Mes_VU_HP.jpg 800w\" sizes=\"auto, (max-width: 150px) 100vw, 150px\" \/><\/a><a rel=\"lightbox\" href=\"https:\/\/www.feuerwehr-brilon.de\/wp-up\/2023\/12\/IMG_0077231217_Mes_VU_HP.jpg\"><img loading=\"lazy\" decoding=\"async\" src=\"https:\/\/www.feuerwehr-brilon.de\/wp-up\/2023\/12\/IMG_0077231217_Mes_VU_HP-150x84.jpg\" alt=\"\" width=\"150\" height=\"84\" class=\"alignnone size-thumbnail wp-image-31817\" srcset=\"https:\/\/www.feuerwehr-brilon.de\/wp-up\/2023\/12\/IMG_0077231217_Mes_VU_HP-150x84.jpg 150w, https:\/\/www.feuerwehr-brilon.de\/wp-up\/2023\/12\/IMG_0077231217_Mes_VU_HP-500x281.jpg 500w, https:\/\/www.feuerwehr-brilon.de\/wp-up\/2023\/12\/IMG_0077231217_Mes_VU_HP.jpg 800w\" sizes=\"auto, (max-width: 150px) 100vw, 150px\" \/><\/a><\/p>\n","protected":false},"excerpt":{"rendered":"<p>R\u00f6senbeck. Bei R\u00f6senbeck kam am Sonntagnachmittag (17.12.) bei einem Verkehrsunfall eine Person ums Leben und eine weitere wurde schwer verletzt. Um 14.06 Uhr ging der Alarm bei der Feuerwehr ein. Bei Eintreffen der ersten Einsatzkr\u00e4fte aus R\u00f6senbeck und Th\u00fclen lag ein PKW auf dem Dach im Graben der B7 kurz vor der \u201eR\u00f6senbecker H\u00f6he\u201c. Er [&hellip;]<\/p>\n","protected":false},"author":8,"featured_media":31807,"comment_status":"closed","ping_status":"closed","sticky":false,"template":"","format":"standard","meta":{"_exactmetrics_skip_tracking":false,"_exactmetrics_sitenote_active":false,"_exactmetrics_sitenote_note":"","_exactmetrics_sitenote_category":0,"jetpack_post_was_ever_published":false,"_jetpack_newsletter_access":"","_jetpack_dont_email_post_to_subs":false,"_jetpack_newsletter_tier_id":0,"_jetpack_memberships_contains_paywalled_content":false,"_jetpack_memberships_contains_paid_content":false,"footnotes":""},"categories":[335],"tags":[40,37,52,53,56,42,199],"class_list":["post-31810","post","type-post","status-publish","format-standard","has-post-thumbnail","hentry","category-einsatze-2023","tag-alme","tag-brilon","tag-elw","tag-madfeld","tag-rosenbeck","tag-thulen","tag-verkehrsunfall"],"jetpack_featured_media_url":"https:\/\/www.feuerwehr-brilon.de\/wp-up\/2023\/12\/IMG_0081231217_Roes_VU_FB.jpg","jetpack_shortlink":"https:\/\/wp.me\/pCIJa-8h4","jetpack_sharing_enabled":true,"jetpack-related-posts":[{"id":10010,"url":"https:\/\/www.feuerwehr-brilon.de\/?p=10010","url_meta":{"origin":31810,"position":0},"title":"Verkehrsunfall auf der B7 bei R\u00f6senbeck","author":"Andreas Becker","date":"4. April 2014","format":false,"excerpt":"R\u00f6senbeck. Die Feuerwehr Brilon war am heutigen Morgen bei einem schweren Verkehrsunfall auf der B 7 an der R\u00f6senbecker H\u00f6he im Einsatz. Dort waren kurz nach 6 Uhr zwei PKW frontal zusammen gesto\u00dfen. Ein 47-j\u00e4hriger Fahrzeugf\u00fchrer war in seinem PKW eingeklemmt und musste von der Feuerwehr mit hydraulischem Rettungsger\u00e4t aus\u2026","rel":"","context":"In &quot;Allgemein&quot;","block_context":{"text":"Allgemein","link":"https:\/\/www.feuerwehr-brilon.de\/?cat=1"},"img":{"alt_text":"VU B 7 R\u00f6senbeck 3 (1)","src":"https:\/\/i0.wp.com\/www.feuerwehr-brilon.de\/wp-up\/2014\/04\/VU-B-7-R%C3%B6senbeck-3-1-150x104.jpg?resize=350%2C200","width":350,"height":200},"classes":[]},{"id":21538,"url":"https:\/\/www.feuerwehr-brilon.de\/?p=21538","url_meta":{"origin":31810,"position":1},"title":"Verkehrsunfall auf der B 7 am R\u00f6senbecker Kreuz","author":"Marcus Bange","date":"24. Juli 2019","format":false,"excerpt":"Brilon. Die Feuerwehr Brilon hat bei einem Verkehrsunfall auf der B 7 eine Frau aus ihrem PKW befreit. Gegen 10:00 Uhr waren am R\u00f6senbecker Kreuz zwei PKW zusammengesto\u00dfen, vier Personen wurden verletzt. In einem PKW befand sich eine 36-j\u00e4hrige Frau und ein 14-j\u00e4hriges Kind. Der Junge wurde mit dem Rettungswagen\u2026","rel":"","context":"In &quot;Allgemein&quot;","block_context":{"text":"Allgemein","link":"https:\/\/www.feuerwehr-brilon.de\/?cat=1"},"img":{"alt_text":"","src":"https:\/\/i0.wp.com\/www.feuerwehr-brilon.de\/wp-up\/2019\/07\/VU-B-7-Rsb.-1-150x113.jpg?resize=350%2C200&ssl=1","width":350,"height":200},"classes":[]},{"id":220,"url":"https:\/\/www.feuerwehr-brilon.de\/?p=220","url_meta":{"origin":31810,"position":2},"title":"Verkehrsunfall auf der B7","author":"Marcus Bange","date":"28. Juli 2008","format":false,"excerpt":"Die Feuerwehr Brilon hat am heutigen Mittag (28.07.2008, 11.32 Uhr) eine 63-jahrige Frau bei einem Verkehrsunfall am R\u00f6senbecker Kreuz aus ihrem Fahrzeug befreit. Ein Traktor aus Fahrtrichtung R\u00f6senbeck war im Kreuzungsbereich mit einem PKW auf der B 7 in Fahrtrichtung Marsberg zusammen gesto\u00dfen. Dabei wurde die Frau als Beifahrerin im\u2026","rel":"","context":"In &quot;Eins\u00e4tze 2008&quot;","block_context":{"text":"Eins\u00e4tze 2008","link":"https:\/\/www.feuerwehr-brilon.de\/?cat=3"},"img":{"alt_text":"","src":"https:\/\/i0.wp.com\/www.feuerwehr-brilon.de\/wp-up\/2008\/07\/vu-b-7-r-osenbecker-kreuz-022.jpg?resize=350%2C200&ssl=1","width":350,"height":200},"classes":[]},{"id":22312,"url":"https:\/\/www.feuerwehr-brilon.de\/?p=22312","url_meta":{"origin":31810,"position":3},"title":"Verkehrsunfall am R\u00f6senbecker Kreuz","author":"Marcus Bange","date":"3. April 2020","format":false,"excerpt":"Th\u00fclen. Die Feuerwehr Brilon wurden am Donnerstagabend (02.04.2020, 18.19 Uhr) zu einem Verkehrsunfall mit einer eingeschlossenen Person auf der B 7 am R\u00f6senbecker Kreuz alarmiert. Im Kreuzungsbereich waren zwei PKW zusammengesto\u00dfen. Ein PKW \u00fcberschlug sich und blieb auf dem Dach liegen. Die Fahrerin konnte durch Ersthelfer und Feuerwehr ohne hydraulische\u2026","rel":"","context":"In &quot;Allgemein&quot;","block_context":{"text":"Allgemein","link":"https:\/\/www.feuerwehr-brilon.de\/?cat=1"},"img":{"alt_text":"","src":"https:\/\/i0.wp.com\/www.feuerwehr-brilon.de\/wp-up\/2020\/04\/VU-R%C3%B6senbeck-1-150x113.jpg?resize=350%2C200&ssl=1","width":350,"height":200},"classes":[]},{"id":31912,"url":"https:\/\/www.feuerwehr-brilon.de\/?p=31912","url_meta":{"origin":31810,"position":4},"title":"Zwei Alarmierungen im Stadtgebiet Brilon \u00fcber E-Call Meldung","author":"Marcus Bange","date":"26. Dezember 2023","format":false,"excerpt":"R\u00f6senbeck\/Brilon-Wald. Die Feuerwehr Brilon wurde am 1. und 2. Weihnachtsfeiertag zu zwei Verkehrsunf\u00e4llen mit eingeklemmten Personen \u00fcber das E-Call Notrufsystem alarmiert. Am 25.12. wurden zun\u00e4chst die L\u00f6schgruppen R\u00f6senbeck, Th\u00fclen und Madfeld sowie der L\u00f6schzug Brilon um 9:26 Uhr zu einem Verkehrsunfall an das R\u00f6senbecker Kreuz gerufen. Dort waren zwei PKW\u2026","rel":"","context":"In &quot;Eins\u00e4tze 2023&quot;","block_context":{"text":"Eins\u00e4tze 2023","link":"https:\/\/www.feuerwehr-brilon.de\/?cat=335"},"img":{"alt_text":"","src":"https:\/\/i0.wp.com\/www.feuerwehr-brilon.de\/wp-up\/2023\/12\/VU-eCall-Roesenbeck.jpg?resize=350%2C200&ssl=1","width":350,"height":200,"srcset":"https:\/\/i0.wp.com\/www.feuerwehr-brilon.de\/wp-up\/2023\/12\/VU-eCall-Roesenbeck.jpg?resize=350%2C200&ssl=1 1x, https:\/\/i0.wp.com\/www.feuerwehr-brilon.de\/wp-up\/2023\/12\/VU-eCall-Roesenbeck.jpg?resize=525%2C300&ssl=1 1.5x, https:\/\/i0.wp.com\/www.feuerwehr-brilon.de\/wp-up\/2023\/12\/VU-eCall-Roesenbeck.jpg?resize=700%2C400&ssl=1 2x"},"classes":[]},{"id":23108,"url":"https:\/\/www.feuerwehr-brilon.de\/?p=23108","url_meta":{"origin":31810,"position":5},"title":"Verkehrsunfall auf der B 7 bei R\u00f6senbeck","author":"Marcus Bange","date":"21. Januar 2021","format":false,"excerpt":"R\u00f6senbeck. Die Briloner Feuerwehr wurde am fr\u00fchen Donnerstagnachmittag zu einem Verkehrsunfall auf der B 7 bei R\u00f6senbeck alarmiert. Dort waren gegen 14.15 Uhr zwei PKW frontal zusammengesto\u00dfen. Eine 36-j\u00e4hrige Fahrerin wurde mithilfe eines Rettungsbretts aus ihrem Fahrzeug befreit. Im anderen PKW wurde eine 44-j\u00e4hrige Frau ebenfalls schwer verletzt. Beide Fahrerinnen\u2026","rel":"","context":"In &quot;Eins\u00e4tze 2021&quot;","block_context":{"text":"Eins\u00e4tze 2021","link":"https:\/\/www.feuerwehr-brilon.de\/?cat=265"},"img":{"alt_text":"","src":"https:\/\/i0.wp.com\/www.feuerwehr-brilon.de\/wp-up\/2021\/01\/VU-Roesenbeck-1.jpg?resize=350%2C200&ssl=1","width":350,"height":200,"srcset":"https:\/\/i0.wp.com\/www.feuerwehr-brilon.de\/wp-up\/2021\/01\/VU-Roesenbeck-1.jpg?resize=350%2C200&ssl=1 1x, https:\/\/i0.wp.com\/www.feuerwehr-brilon.de\/wp-up\/2021\/01\/VU-Roesenbeck-1.jpg?resize=525%2C300&ssl=1 1.5x, https:\/\/i0.wp.com\/www.feuerwehr-brilon.de\/wp-up\/2021\/01\/VU-Roesenbeck-1.jpg?resize=700%2C400&ssl=1 2x"},"classes":[]}],"_links":{"self":[{"href":"https:\/\/www.feuerwehr-brilon.de\/index.php?rest_route=\/wp\/v2\/posts\/31810","targetHints":{"allow":["GET"]}}],"collection":[{"href":"https:\/\/www.feuerwehr-brilon.de\/index.php?rest_route=\/wp\/v2\/posts"}],"about":[{"href":"https:\/\/www.feuerwehr-brilon.de\/index.php?rest_route=\/wp\/v2\/types\/post"}],"author":[{"embeddable":true,"href":"https:\/\/www.feuerwehr-brilon.de\/index.php?rest_route=\/wp\/v2\/users\/8"}],"replies":[{"embeddable":true,"href":"https:\/\/www.feuerwehr-brilon.de\/index.php?rest_route=%2Fwp%2Fv2%2Fcomments&post=31810"}],"version-history":[{"count":3,"href":"https:\/\/www.feuerwehr-brilon.de\/index.php?rest_route=\/wp\/v2\/posts\/31810\/revisions"}],"predecessor-version":[{"id":31822,"href":"https:\/\/www.feuerwehr-brilon.de\/index.php?rest_route=\/wp\/v2\/posts\/31810\/revisions\/31822"}],"wp:featuredmedia":[{"embeddable":true,"href":"https:\/\/www.feuerwehr-brilon.de\/index.php?rest_route=\/wp\/v2\/media\/31807"}],"wp:attachment":[{"href":"https:\/\/www.feuerwehr-brilon.de\/index.php?rest_route=%2Fwp%2Fv2%2Fmedia&parent=31810"}],"wp:term":[{"taxonomy":"category","embeddable":true,"href":"https:\/\/www.feuerwehr-brilon.de\/index.php?rest_route=%2Fwp%2Fv2%2Fcategories&post=31810"},{"taxonomy":"post_tag","embeddable":true,"href":"https:\/\/www.feuerwehr-brilon.de\/index.php?rest_route=%2Fwp%2Fv2%2Ftags&post=31810"}],"curies":[{"name":"wp","href":"https:\/\/api.w.org\/{rel}","templated":true}]}}