{"id":31826,"date":"2023-12-21T09:30:54","date_gmt":"2023-12-21T08:30:54","guid":{"rendered":"https:\/\/www.feuerwehr-brilon.de\/?p=31826"},"modified":"2023-12-21T12:38:01","modified_gmt":"2023-12-21T11:38:01","slug":"einsatz-884","status":"publish","type":"post","link":"https:\/\/www.feuerwehr-brilon.de\/?p=31826","title":{"rendered":"+++ Einsatz +++"},"content":{"rendered":"<p>21.12. 06:01Uhr, Brandeinsatz, F2 BMA, Brilon, Am Patbergschen Dorn, autom. BMA<\/p>\n","protected":false},"excerpt":{"rendered":"<p>21.12. 06:01Uhr, Brandeinsatz, F2 BMA, Brilon, Am Patbergschen Dorn, autom. BMA<\/p>\n","protected":false},"author":8,"featured_media":31297,"comment_status":"closed","ping_status":"closed","sticky":false,"template":"","format":"standard","meta":{"_exactmetrics_skip_tracking":false,"_exactmetrics_sitenote_active":false,"_exactmetrics_sitenote_note":"","_exactmetrics_sitenote_category":0,"jetpack_post_was_ever_published":false,"_jetpack_newsletter_access":"","_jetpack_dont_email_post_to_subs":false,"_jetpack_newsletter_tier_id":0,"_jetpack_memberships_contains_paywalled_content":false,"_jetpack_memberships_contains_paid_content":false,"footnotes":""},"categories":[102],"tags":[],"class_list":["post-31826","post","type-post","status-publish","format-standard","has-post-thumbnail","hentry","category-alarmierungen"],"jetpack_featured_media_url":"https:\/\/www.feuerwehr-brilon.de\/wp-up\/2023\/06\/sym_MLF01.jpeg","jetpack_shortlink":"https:\/\/wp.me\/pCIJa-8hk","jetpack_sharing_enabled":true,"jetpack-related-posts":[{"id":33608,"url":"https:\/\/www.feuerwehr-brilon.de\/?p=33608","url_meta":{"origin":31826,"position":0},"title":"+++ Einsatz +++","author":"Andreas Becker","date":"24. Juli 2025","format":false,"excerpt":"24.07. 14:01Uhr, Brandeinsatz, F2 BMA, Brilon, Am Patbergschen Dorn, autom. BMA","rel":"","context":"In &quot;Alarmierungen&quot;","block_context":{"text":"Alarmierungen","link":"https:\/\/www.feuerwehr-brilon.de\/?cat=102"},"img":{"alt_text":"","src":"","width":0,"height":0},"classes":[]},{"id":31825,"url":"https:\/\/www.feuerwehr-brilon.de\/?p=31825","url_meta":{"origin":31826,"position":1},"title":"Einsatzreicher Donnerstag f\u00fcr die Feuerwehr Brilon","author":"Andreas Becker","date":"22. Dezember 2023","format":false,"excerpt":"Stadtgebiet. Am Donnerstag (21.12.) r\u00fcckte die Feuerwehr Brilon zu insgesamt acht Eins\u00e4tzen aus. Zu den Eins\u00e4tzen geh\u00f6rten drei automatische Brandmeldungen und f\u00fcnf Eins\u00e4tze die durch den Sturm \"Zoltan\" hervorgerufen wurden. \u00a0 \u00a0 \u00a0 \u00a0 06:01Uhr, Brandeinsatz, F2 BMA, Brilon, Am Patbergschen Dorn, autom. BMA 09:17Uhr, Brandeinsatz, F2 BMA, Brilon, Hinterm\u2026","rel":"","context":"In &quot;Eins\u00e4tze 2023&quot;","block_context":{"text":"Eins\u00e4tze 2023","link":"https:\/\/www.feuerwehr-brilon.de\/?cat=335"},"img":{"alt_text":"","src":"https:\/\/i0.wp.com\/www.feuerwehr-brilon.de\/wp-up\/2023\/12\/231221_Baum-01_FB.jpg?resize=350%2C200&ssl=1","width":350,"height":200,"srcset":"https:\/\/i0.wp.com\/www.feuerwehr-brilon.de\/wp-up\/2023\/12\/231221_Baum-01_FB.jpg?resize=350%2C200&ssl=1 1x, https:\/\/i0.wp.com\/www.feuerwehr-brilon.de\/wp-up\/2023\/12\/231221_Baum-01_FB.jpg?resize=525%2C300&ssl=1 1.5x, https:\/\/i0.wp.com\/www.feuerwehr-brilon.de\/wp-up\/2023\/12\/231221_Baum-01_FB.jpg?resize=700%2C400&ssl=1 2x, https:\/\/i0.wp.com\/www.feuerwehr-brilon.de\/wp-up\/2023\/12\/231221_Baum-01_FB.jpg?resize=1050%2C600&ssl=1 3x"},"classes":[]},{"id":22003,"url":"https:\/\/www.feuerwehr-brilon.de\/?p=22003","url_meta":{"origin":31826,"position":2},"title":"+++ Einsatz +++","author":"Andreas Becker","date":"18. Januar 2020","format":false,"excerpt":"18.01. 06:45Uhr, Brandeinsatz, F2 BMA, Brilon, Am Patbergschen Dorn, autom. BMA","rel":"","context":"In &quot;Alarmierungen&quot;","block_context":{"text":"Alarmierungen","link":"https:\/\/www.feuerwehr-brilon.de\/?cat=102"},"img":{"alt_text":"","src":"https:\/\/i0.wp.com\/www.feuerwehr-brilon.de\/wp-up\/2020\/01\/ezy-watermark_01-01-2020_02-41-56am-1.jpg?resize=350%2C200&ssl=1","width":350,"height":200,"srcset":"https:\/\/i0.wp.com\/www.feuerwehr-brilon.de\/wp-up\/2020\/01\/ezy-watermark_01-01-2020_02-41-56am-1.jpg?resize=350%2C200&ssl=1 1x, https:\/\/i0.wp.com\/www.feuerwehr-brilon.de\/wp-up\/2020\/01\/ezy-watermark_01-01-2020_02-41-56am-1.jpg?resize=525%2C300&ssl=1 1.5x, https:\/\/i0.wp.com\/www.feuerwehr-brilon.de\/wp-up\/2020\/01\/ezy-watermark_01-01-2020_02-41-56am-1.jpg?resize=700%2C400&ssl=1 2x"},"classes":[]},{"id":33038,"url":"https:\/\/www.feuerwehr-brilon.de\/?p=33038","url_meta":{"origin":31826,"position":3},"title":"+++ Einsatz +++","author":"Andreas Becker","date":"17. Dezember 2024","format":false,"excerpt":"17.12. 09:06Uhr, Brandeinsatz, F2 BMA, Brilon, Am Patbergschen Dorn, autom. BMA","rel":"","context":"In &quot;Alarmierungen&quot;","block_context":{"text":"Alarmierungen","link":"https:\/\/www.feuerwehr-brilon.de\/?cat=102"},"img":{"alt_text":"","src":"","width":0,"height":0},"classes":[]},{"id":34070,"url":"https:\/\/www.feuerwehr-brilon.de\/?p=34070","url_meta":{"origin":31826,"position":4},"title":"+++ Einsatz +++","author":"Andreas Becker","date":"7. Dezember 2025","format":false,"excerpt":"06.12. 20:52Uhr, Brandeinsatz, F2 BMA, Brilon, Am Patbergschen Dorn, autom. BMA","rel":"","context":"In &quot;Alarmierungen&quot;","block_context":{"text":"Alarmierungen","link":"https:\/\/www.feuerwehr-brilon.de\/?cat=102"},"img":{"alt_text":"","src":"","width":0,"height":0},"classes":[]},{"id":22691,"url":"https:\/\/www.feuerwehr-brilon.de\/?p=22691","url_meta":{"origin":31826,"position":5},"title":"+++ Einsatz +++","author":"Andreas Becker","date":"27. August 2020","format":false,"excerpt":"27.08. 19:32Uhr, Brandeinsatz, F2 BMA, Brilon, Am Patbergschen Dorn, autom. BMA","rel":"","context":"In &quot;Alarmierungen&quot;","block_context":{"text":"Alarmierungen","link":"https:\/\/www.feuerwehr-brilon.de\/?cat=102"},"img":{"alt_text":"","src":"https:\/\/i0.wp.com\/www.feuerwehr-brilon.de\/wp-up\/2020\/07\/FIZ.jpg?resize=350%2C200&ssl=1","width":350,"height":200,"srcset":"https:\/\/i0.wp.com\/www.feuerwehr-brilon.de\/wp-up\/2020\/07\/FIZ.jpg?resize=350%2C200&ssl=1 1x, https:\/\/i0.wp.com\/www.feuerwehr-brilon.de\/wp-up\/2020\/07\/FIZ.jpg?resize=525%2C300&ssl=1 1.5x, https:\/\/i0.wp.com\/www.feuerwehr-brilon.de\/wp-up\/2020\/07\/FIZ.jpg?resize=700%2C400&ssl=1 2x"},"classes":[]}],"_links":{"self":[{"href":"https:\/\/www.feuerwehr-brilon.de\/index.php?rest_route=\/wp\/v2\/posts\/31826","targetHints":{"allow":["GET"]}}],"collection":[{"href":"https:\/\/www.feuerwehr-brilon.de\/index.php?rest_route=\/wp\/v2\/posts"}],"about":[{"href":"https:\/\/www.feuerwehr-brilon.de\/index.php?rest_route=\/wp\/v2\/types\/post"}],"author":[{"embeddable":true,"href":"https:\/\/www.feuerwehr-brilon.de\/index.php?rest_route=\/wp\/v2\/users\/8"}],"replies":[{"embeddable":true,"href":"https:\/\/www.feuerwehr-brilon.de\/index.php?rest_route=%2Fwp%2Fv2%2Fcomments&post=31826"}],"version-history":[{"count":1,"href":"https:\/\/www.feuerwehr-brilon.de\/index.php?rest_route=\/wp\/v2\/posts\/31826\/revisions"}],"predecessor-version":[{"id":31827,"href":"https:\/\/www.feuerwehr-brilon.de\/index.php?rest_route=\/wp\/v2\/posts\/31826\/revisions\/31827"}],"wp:featuredmedia":[{"embeddable":true,"href":"https:\/\/www.feuerwehr-brilon.de\/index.php?rest_route=\/wp\/v2\/media\/31297"}],"wp:attachment":[{"href":"https:\/\/www.feuerwehr-brilon.de\/index.php?rest_route=%2Fwp%2Fv2%2Fmedia&parent=31826"}],"wp:term":[{"taxonomy":"category","embeddable":true,"href":"https:\/\/www.feuerwehr-brilon.de\/index.php?rest_route=%2Fwp%2Fv2%2Fcategories&post=31826"},{"taxonomy":"post_tag","embeddable":true,"href":"https:\/\/www.feuerwehr-brilon.de\/index.php?rest_route=%2Fwp%2Fv2%2Ftags&post=31826"}],"curies":[{"name":"wp","href":"https:\/\/api.w.org\/{rel}","templated":true}]}}