{"id":31828,"date":"2023-12-21T10:30:47","date_gmt":"2023-12-21T09:30:47","guid":{"rendered":"https:\/\/www.feuerwehr-brilon.de\/?p=31828"},"modified":"2023-12-21T10:04:08","modified_gmt":"2023-12-21T09:04:08","slug":"einsatz-883","status":"publish","type":"post","link":"https:\/\/www.feuerwehr-brilon.de\/?p=31828","title":{"rendered":"+++ Einsatz +++"},"content":{"rendered":"<p>21.12. 09:17Uhr, Brandeinsatz, F2 BMA, Brilon, Hinterm Gallberg, autom. BMA<\/p>\n","protected":false},"excerpt":{"rendered":"<p>21.12. 09:17Uhr, Brandeinsatz, F2 BMA, Brilon, Hinterm Gallberg, autom. BMA<\/p>\n","protected":false},"author":8,"featured_media":31527,"comment_status":"closed","ping_status":"closed","sticky":false,"template":"","format":"standard","meta":{"_exactmetrics_skip_tracking":false,"_exactmetrics_sitenote_active":false,"_exactmetrics_sitenote_note":"","_exactmetrics_sitenote_category":0,"jetpack_post_was_ever_published":false,"_jetpack_newsletter_access":"","_jetpack_dont_email_post_to_subs":false,"_jetpack_newsletter_tier_id":0,"_jetpack_memberships_contains_paywalled_content":false,"_jetpack_memberships_contains_paid_content":false,"footnotes":""},"categories":[102],"tags":[],"class_list":["post-31828","post","type-post","status-publish","format-standard","has-post-thumbnail","hentry","category-alarmierungen"],"jetpack_featured_media_url":"https:\/\/www.feuerwehr-brilon.de\/wp-up\/2023\/09\/IMG_9774_fb_sym.jpg","jetpack_shortlink":"https:\/\/wp.me\/pCIJa-8hm","jetpack_sharing_enabled":true,"jetpack-related-posts":[{"id":15893,"url":"https:\/\/www.feuerwehr-brilon.de\/?p=15893","url_meta":{"origin":31828,"position":0},"title":"19.04. 09:17Uhr, Brandeinsatz, F2 BMA,\u2026","author":"Andreas Becker","date":"20. April 2018","format":false,"excerpt":"19.04. 09:17Uhr, Brandeinsatz, F2 BMA, Brilon, Hinterm Gallberg, autom. BMA","rel":"","context":"In &quot;Alarmierungen&quot;","block_context":{"text":"Alarmierungen","link":"https:\/\/www.feuerwehr-brilon.de\/?cat=102"},"img":{"alt_text":"","src":"","width":0,"height":0},"classes":[]},{"id":31825,"url":"https:\/\/www.feuerwehr-brilon.de\/?p=31825","url_meta":{"origin":31828,"position":1},"title":"Einsatzreicher Donnerstag f\u00fcr die Feuerwehr Brilon","author":"Andreas Becker","date":"22. Dezember 2023","format":false,"excerpt":"Stadtgebiet. Am Donnerstag (21.12.) r\u00fcckte die Feuerwehr Brilon zu insgesamt acht Eins\u00e4tzen aus. Zu den Eins\u00e4tzen geh\u00f6rten drei automatische Brandmeldungen und f\u00fcnf Eins\u00e4tze die durch den Sturm \"Zoltan\" hervorgerufen wurden. \u00a0 \u00a0 \u00a0 \u00a0 06:01Uhr, Brandeinsatz, F2 BMA, Brilon, Am Patbergschen Dorn, autom. BMA 09:17Uhr, Brandeinsatz, F2 BMA, Brilon, Hinterm\u2026","rel":"","context":"In &quot;Eins\u00e4tze 2023&quot;","block_context":{"text":"Eins\u00e4tze 2023","link":"https:\/\/www.feuerwehr-brilon.de\/?cat=335"},"img":{"alt_text":"","src":"https:\/\/i0.wp.com\/www.feuerwehr-brilon.de\/wp-up\/2023\/12\/231221_Baum-01_FB.jpg?resize=350%2C200&ssl=1","width":350,"height":200,"srcset":"https:\/\/i0.wp.com\/www.feuerwehr-brilon.de\/wp-up\/2023\/12\/231221_Baum-01_FB.jpg?resize=350%2C200&ssl=1 1x, https:\/\/i0.wp.com\/www.feuerwehr-brilon.de\/wp-up\/2023\/12\/231221_Baum-01_FB.jpg?resize=525%2C300&ssl=1 1.5x, https:\/\/i0.wp.com\/www.feuerwehr-brilon.de\/wp-up\/2023\/12\/231221_Baum-01_FB.jpg?resize=700%2C400&ssl=1 2x, https:\/\/i0.wp.com\/www.feuerwehr-brilon.de\/wp-up\/2023\/12\/231221_Baum-01_FB.jpg?resize=1050%2C600&ssl=1 3x"},"classes":[]},{"id":33191,"url":"https:\/\/www.feuerwehr-brilon.de\/?p=33191","url_meta":{"origin":31828,"position":2},"title":"+++ Einsatz +++","author":"Andreas Becker","date":"6. Februar 2025","format":false,"excerpt":"06.02. 09:11Uhr, Brandeinsatz, F2 BMA, Brilon, Hinterm Gallberg, autom. BMA","rel":"","context":"In &quot;Alarmierungen&quot;","block_context":{"text":"Alarmierungen","link":"https:\/\/www.feuerwehr-brilon.de\/?cat=102"},"img":{"alt_text":"","src":"","width":0,"height":0},"classes":[]},{"id":23166,"url":"https:\/\/www.feuerwehr-brilon.de\/?p=23166","url_meta":{"origin":31828,"position":3},"title":"+++ Einsatz +++","author":"Andreas Becker","date":"8. Februar 2021","format":false,"excerpt":"08.02. 09:25Uhr, Brandeinsatz, F2 BMA, Brilon, Hinterm Gallberg, autom. BMA","rel":"","context":"In &quot;Alarmierungen&quot;","block_context":{"text":"Alarmierungen","link":"https:\/\/www.feuerwehr-brilon.de\/?cat=102"},"img":{"alt_text":"","src":"https:\/\/i0.wp.com\/www.feuerwehr-brilon.de\/wp-up\/2020\/10\/fiz.jpg?resize=350%2C200&ssl=1","width":350,"height":200,"srcset":"https:\/\/i0.wp.com\/www.feuerwehr-brilon.de\/wp-up\/2020\/10\/fiz.jpg?resize=350%2C200&ssl=1 1x, https:\/\/i0.wp.com\/www.feuerwehr-brilon.de\/wp-up\/2020\/10\/fiz.jpg?resize=525%2C300&ssl=1 1.5x, https:\/\/i0.wp.com\/www.feuerwehr-brilon.de\/wp-up\/2020\/10\/fiz.jpg?resize=700%2C400&ssl=1 2x"},"classes":[]},{"id":23943,"url":"https:\/\/www.feuerwehr-brilon.de\/?p=23943","url_meta":{"origin":31828,"position":4},"title":"+++ Einsatz +++","author":"Andreas Becker","date":"29. Oktober 2021","format":false,"excerpt":"29.10. 09:03Uhr, Brandeinsatz, F2 BMA, Brilon, Hinterm Gallberg, autom. BMA","rel":"","context":"In &quot;Alarmierungen&quot;","block_context":{"text":"Alarmierungen","link":"https:\/\/www.feuerwehr-brilon.de\/?cat=102"},"img":{"alt_text":"","src":"https:\/\/i0.wp.com\/www.feuerwehr-brilon.de\/wp-up\/2021\/10\/ezy-watermark_29-10-2021_02-54-48pm.jpg?resize=350%2C200&ssl=1","width":350,"height":200,"srcset":"https:\/\/i0.wp.com\/www.feuerwehr-brilon.de\/wp-up\/2021\/10\/ezy-watermark_29-10-2021_02-54-48pm.jpg?resize=350%2C200&ssl=1 1x, https:\/\/i0.wp.com\/www.feuerwehr-brilon.de\/wp-up\/2021\/10\/ezy-watermark_29-10-2021_02-54-48pm.jpg?resize=525%2C300&ssl=1 1.5x, https:\/\/i0.wp.com\/www.feuerwehr-brilon.de\/wp-up\/2021\/10\/ezy-watermark_29-10-2021_02-54-48pm.jpg?resize=700%2C400&ssl=1 2x"},"classes":[]},{"id":24104,"url":"https:\/\/www.feuerwehr-brilon.de\/?p=24104","url_meta":{"origin":31828,"position":5},"title":"+++ Einsatz +++","author":"Andreas Becker","date":"9. Februar 2022","format":false,"excerpt":"09.02. 09:35Uhr, Brandeinsatz, F2 BMA, Brilon, Hinterm Gallberg, autom. BMA","rel":"","context":"In &quot;Alarmierungen&quot;","block_context":{"text":"Alarmierungen","link":"https:\/\/www.feuerwehr-brilon.de\/?cat=102"},"img":{"alt_text":"","src":"https:\/\/i0.wp.com\/www.feuerwehr-brilon.de\/wp-up\/2021\/12\/ezy-watermark_23-12-2021_09-35-57am.jpg?resize=350%2C200&ssl=1","width":350,"height":200,"srcset":"https:\/\/i0.wp.com\/www.feuerwehr-brilon.de\/wp-up\/2021\/12\/ezy-watermark_23-12-2021_09-35-57am.jpg?resize=350%2C200&ssl=1 1x, https:\/\/i0.wp.com\/www.feuerwehr-brilon.de\/wp-up\/2021\/12\/ezy-watermark_23-12-2021_09-35-57am.jpg?resize=525%2C300&ssl=1 1.5x, https:\/\/i0.wp.com\/www.feuerwehr-brilon.de\/wp-up\/2021\/12\/ezy-watermark_23-12-2021_09-35-57am.jpg?resize=700%2C400&ssl=1 2x"},"classes":[]}],"_links":{"self":[{"href":"https:\/\/www.feuerwehr-brilon.de\/index.php?rest_route=\/wp\/v2\/posts\/31828","targetHints":{"allow":["GET"]}}],"collection":[{"href":"https:\/\/www.feuerwehr-brilon.de\/index.php?rest_route=\/wp\/v2\/posts"}],"about":[{"href":"https:\/\/www.feuerwehr-brilon.de\/index.php?rest_route=\/wp\/v2\/types\/post"}],"author":[{"embeddable":true,"href":"https:\/\/www.feuerwehr-brilon.de\/index.php?rest_route=\/wp\/v2\/users\/8"}],"replies":[{"embeddable":true,"href":"https:\/\/www.feuerwehr-brilon.de\/index.php?rest_route=%2Fwp%2Fv2%2Fcomments&post=31828"}],"version-history":[{"count":1,"href":"https:\/\/www.feuerwehr-brilon.de\/index.php?rest_route=\/wp\/v2\/posts\/31828\/revisions"}],"predecessor-version":[{"id":31829,"href":"https:\/\/www.feuerwehr-brilon.de\/index.php?rest_route=\/wp\/v2\/posts\/31828\/revisions\/31829"}],"wp:featuredmedia":[{"embeddable":true,"href":"https:\/\/www.feuerwehr-brilon.de\/index.php?rest_route=\/wp\/v2\/media\/31527"}],"wp:attachment":[{"href":"https:\/\/www.feuerwehr-brilon.de\/index.php?rest_route=%2Fwp%2Fv2%2Fmedia&parent=31828"}],"wp:term":[{"taxonomy":"category","embeddable":true,"href":"https:\/\/www.feuerwehr-brilon.de\/index.php?rest_route=%2Fwp%2Fv2%2Fcategories&post=31828"},{"taxonomy":"post_tag","embeddable":true,"href":"https:\/\/www.feuerwehr-brilon.de\/index.php?rest_route=%2Fwp%2Fv2%2Ftags&post=31828"}],"curies":[{"name":"wp","href":"https:\/\/api.w.org\/{rel}","templated":true}]}}