{"id":31852,"date":"2023-12-24T15:17:34","date_gmt":"2023-12-24T14:17:34","guid":{"rendered":"https:\/\/www.feuerwehr-brilon.de\/?p=31852"},"modified":"2023-12-24T15:17:34","modified_gmt":"2023-12-24T14:17:34","slug":"einsatz-893","status":"publish","type":"post","link":"https:\/\/www.feuerwehr-brilon.de\/?p=31852","title":{"rendered":"+++ Einsatz +++"},"content":{"rendered":"\r\n<p>24.12. 11:59Uhr, Hilfeleistung, H0 T\u00fcr, Brilon, Itzelstein, Rehkitz im Zaun eingeklemmt<\/p>\r\n","protected":false},"excerpt":{"rendered":"<p>24.12. 11:59Uhr, Hilfeleistung, H0 T\u00fcr, Brilon, Itzelstein, Rehkitz im Zaun eingeklemmt<\/p>\n","protected":false},"author":8,"featured_media":0,"comment_status":"closed","ping_status":"closed","sticky":false,"template":"","format":"standard","meta":{"_exactmetrics_skip_tracking":false,"_exactmetrics_sitenote_active":false,"_exactmetrics_sitenote_note":"","_exactmetrics_sitenote_category":0,"jetpack_post_was_ever_published":false,"_jetpack_newsletter_access":"","_jetpack_dont_email_post_to_subs":false,"_jetpack_newsletter_tier_id":0,"_jetpack_memberships_contains_paywalled_content":false,"_jetpack_memberships_contains_paid_content":false,"footnotes":""},"categories":[102],"tags":[],"class_list":["post-31852","post","type-post","status-publish","format-standard","hentry","category-alarmierungen"],"jetpack_featured_media_url":"","jetpack_shortlink":"https:\/\/wp.me\/pCIJa-8hK","jetpack_sharing_enabled":true,"jetpack-related-posts":[{"id":23838,"url":"https:\/\/www.feuerwehr-brilon.de\/?p=23838","url_meta":{"origin":31852,"position":0},"title":"+++ Einsatz +++","author":"Andreas Becker","date":"16. Oktober 2021","format":false,"excerpt":"16.10. 14:19Uhr, Hilfeleistung, H0 T\u00fcr, Brilon, Itzelstein, T\u00fcr\u00f6ffnung","rel":"","context":"In &quot;Alarmierungen&quot;","block_context":{"text":"Alarmierungen","link":"https:\/\/www.feuerwehr-brilon.de\/?cat=102"},"img":{"alt_text":"","src":"https:\/\/i0.wp.com\/www.feuerwehr-brilon.de\/wp-up\/2020\/08\/Tueroeffnung.jpg?resize=350%2C200&ssl=1","width":350,"height":200,"srcset":"https:\/\/i0.wp.com\/www.feuerwehr-brilon.de\/wp-up\/2020\/08\/Tueroeffnung.jpg?resize=350%2C200&ssl=1 1x, https:\/\/i0.wp.com\/www.feuerwehr-brilon.de\/wp-up\/2020\/08\/Tueroeffnung.jpg?resize=525%2C300&ssl=1 1.5x, https:\/\/i0.wp.com\/www.feuerwehr-brilon.de\/wp-up\/2020\/08\/Tueroeffnung.jpg?resize=700%2C400&ssl=1 2x"},"classes":[]},{"id":34184,"url":"https:\/\/www.feuerwehr-brilon.de\/?p=34184","url_meta":{"origin":31852,"position":1},"title":"+++ Einsatz +++","author":"Dominik Becker","date":"24. Dezember 2025","format":false,"excerpt":"24.12. 10:06Uhr, Hilfeleistung, H0 T\u00fcr, Madfeld, Holzweg, T\u00fcr\u00f6ffnung","rel":"","context":"In &quot;Alarmierungen&quot;","block_context":{"text":"Alarmierungen","link":"https:\/\/www.feuerwehr-brilon.de\/?cat=102"},"img":{"alt_text":"","src":"","width":0,"height":0},"classes":[]},{"id":21916,"url":"https:\/\/www.feuerwehr-brilon.de\/?p=21916","url_meta":{"origin":31852,"position":2},"title":"+++ Einsatz +++","author":"Andreas Becker","date":"30. November 2019","format":false,"excerpt":"30.11. 11:49Uhr, Hilfeleistung, H0 \u00d6lspur, Brilon, Itzelstein, Dieselspur","rel":"","context":"In &quot;Alarmierungen&quot;","block_context":{"text":"Alarmierungen","link":"https:\/\/www.feuerwehr-brilon.de\/?cat=102"},"img":{"alt_text":"","src":"https:\/\/i0.wp.com\/www.feuerwehr-brilon.de\/wp-up\/2019\/11\/ezy-watermark_30-11-2019_03-55-16pm.jpg?resize=350%2C200&ssl=1","width":350,"height":200,"srcset":"https:\/\/i0.wp.com\/www.feuerwehr-brilon.de\/wp-up\/2019\/11\/ezy-watermark_30-11-2019_03-55-16pm.jpg?resize=350%2C200&ssl=1 1x, https:\/\/i0.wp.com\/www.feuerwehr-brilon.de\/wp-up\/2019\/11\/ezy-watermark_30-11-2019_03-55-16pm.jpg?resize=525%2C300&ssl=1 1.5x, https:\/\/i0.wp.com\/www.feuerwehr-brilon.de\/wp-up\/2019\/11\/ezy-watermark_30-11-2019_03-55-16pm.jpg?resize=700%2C400&ssl=1 2x"},"classes":[]},{"id":16754,"url":"https:\/\/www.feuerwehr-brilon.de\/?p=16754","url_meta":{"origin":31852,"position":3},"title":"21.01. 10:59Uhr, Hilfeleistung, H0 T\u00fcr,\u2026","author":"Andreas Becker","date":"21. Januar 2019","format":false,"excerpt":"21.01. 10:59Uhr, Hilfeleistung, H0 T\u00fcr, Brilon, Gartenstra\u00dfe, Person im Aufzug","rel":"","context":"In &quot;Alarmierungen&quot;","block_context":{"text":"Alarmierungen","link":"https:\/\/www.feuerwehr-brilon.de\/?cat=102"},"img":{"alt_text":"","src":"","width":0,"height":0},"classes":[]},{"id":33494,"url":"https:\/\/www.feuerwehr-brilon.de\/?p=33494","url_meta":{"origin":31852,"position":4},"title":"+++ Einsatz +++","author":"Andreas Becker","date":"30. Mai 2025","format":false,"excerpt":"28.05. 11:59Uhr, Hilfeleistung, H0 \u00d6lspur, Brilon, Steinweg, \u00d6lspur","rel":"","context":"In &quot;Alarmierungen&quot;","block_context":{"text":"Alarmierungen","link":"https:\/\/www.feuerwehr-brilon.de\/?cat=102"},"img":{"alt_text":"","src":"","width":0,"height":0},"classes":[]},{"id":31853,"url":"https:\/\/www.feuerwehr-brilon.de\/?p=31853","url_meta":{"origin":31852,"position":5},"title":"+++ Einsatz +++","author":"Andreas Becker","date":"24. Dezember 2023","format":false,"excerpt":"24.12. 14:21Uhr, Hilfeleistung, H0 Hochwasser, Messinghausen, Lange Reihe, 20cm Wasser im Keller","rel":"","context":"In &quot;Alarmierungen&quot;","block_context":{"text":"Alarmierungen","link":"https:\/\/www.feuerwehr-brilon.de\/?cat=102"},"img":{"alt_text":"","src":"https:\/\/i0.wp.com\/www.feuerwehr-brilon.de\/wp-up\/2023\/03\/sym_wasser-1.jpg?resize=350%2C200&ssl=1","width":350,"height":200,"srcset":"https:\/\/i0.wp.com\/www.feuerwehr-brilon.de\/wp-up\/2023\/03\/sym_wasser-1.jpg?resize=350%2C200&ssl=1 1x, https:\/\/i0.wp.com\/www.feuerwehr-brilon.de\/wp-up\/2023\/03\/sym_wasser-1.jpg?resize=525%2C300&ssl=1 1.5x, https:\/\/i0.wp.com\/www.feuerwehr-brilon.de\/wp-up\/2023\/03\/sym_wasser-1.jpg?resize=700%2C400&ssl=1 2x"},"classes":[]}],"_links":{"self":[{"href":"https:\/\/www.feuerwehr-brilon.de\/index.php?rest_route=\/wp\/v2\/posts\/31852","targetHints":{"allow":["GET"]}}],"collection":[{"href":"https:\/\/www.feuerwehr-brilon.de\/index.php?rest_route=\/wp\/v2\/posts"}],"about":[{"href":"https:\/\/www.feuerwehr-brilon.de\/index.php?rest_route=\/wp\/v2\/types\/post"}],"author":[{"embeddable":true,"href":"https:\/\/www.feuerwehr-brilon.de\/index.php?rest_route=\/wp\/v2\/users\/8"}],"replies":[{"embeddable":true,"href":"https:\/\/www.feuerwehr-brilon.de\/index.php?rest_route=%2Fwp%2Fv2%2Fcomments&post=31852"}],"version-history":[{"count":1,"href":"https:\/\/www.feuerwehr-brilon.de\/index.php?rest_route=\/wp\/v2\/posts\/31852\/revisions"}],"predecessor-version":[{"id":31881,"href":"https:\/\/www.feuerwehr-brilon.de\/index.php?rest_route=\/wp\/v2\/posts\/31852\/revisions\/31881"}],"wp:attachment":[{"href":"https:\/\/www.feuerwehr-brilon.de\/index.php?rest_route=%2Fwp%2Fv2%2Fmedia&parent=31852"}],"wp:term":[{"taxonomy":"category","embeddable":true,"href":"https:\/\/www.feuerwehr-brilon.de\/index.php?rest_route=%2Fwp%2Fv2%2Fcategories&post=31852"},{"taxonomy":"post_tag","embeddable":true,"href":"https:\/\/www.feuerwehr-brilon.de\/index.php?rest_route=%2Fwp%2Fv2%2Ftags&post=31852"}],"curies":[{"name":"wp","href":"https:\/\/api.w.org\/{rel}","templated":true}]}}