{"id":31895,"date":"2023-12-25T12:03:20","date_gmt":"2023-12-25T11:03:20","guid":{"rendered":"https:\/\/www.feuerwehr-brilon.de\/?p=31895"},"modified":"2023-12-25T12:03:20","modified_gmt":"2023-12-25T11:03:20","slug":"einsatz-895","status":"publish","type":"post","link":"https:\/\/www.feuerwehr-brilon.de\/?p=31895","title":{"rendered":"+++ Einsatz +++"},"content":{"rendered":"<p>24.12. 19:39Uhr, Hilfeleistung, H0 Hochwasser, Brilon, Aam\u00fchlen, \u00dcberflutung<\/p>\n","protected":false},"excerpt":{"rendered":"<p>24.12. 19:39Uhr, Hilfeleistung, H0 Hochwasser, Brilon, Aam\u00fchlen, \u00dcberflutung<\/p>\n","protected":false},"author":8,"featured_media":31896,"comment_status":"closed","ping_status":"closed","sticky":false,"template":"","format":"standard","meta":{"_exactmetrics_skip_tracking":false,"_exactmetrics_sitenote_active":false,"_exactmetrics_sitenote_note":"","_exactmetrics_sitenote_category":0,"jetpack_post_was_ever_published":false,"_jetpack_newsletter_access":"","_jetpack_dont_email_post_to_subs":false,"_jetpack_newsletter_tier_id":0,"_jetpack_memberships_contains_paywalled_content":false,"_jetpack_memberships_contains_paid_content":false,"footnotes":""},"categories":[102],"tags":[],"class_list":["post-31895","post","type-post","status-publish","format-standard","has-post-thumbnail","hentry","category-alarmierungen"],"jetpack_featured_media_url":"https:\/\/www.feuerwehr-brilon.de\/wp-up\/2023\/12\/IMG_2373_FB.jpg","jetpack_shortlink":"https:\/\/wp.me\/pCIJa-8ir","jetpack_sharing_enabled":true,"jetpack-related-posts":[{"id":31925,"url":"https:\/\/www.feuerwehr-brilon.de\/?p=31925","url_meta":{"origin":31895,"position":0},"title":"+++ Einsatz +++","author":"Marcus Bange","date":"25. Dezember 2023","format":false,"excerpt":"25.12. 12:35Uhr, Hilfeleistung, H0 Hochwasser, Brilon, Aam\u00fchlen, \u00dcberflutung, 40-50 cm Wasser","rel":"","context":"In &quot;Alarmierungen&quot;","block_context":{"text":"Alarmierungen","link":"https:\/\/www.feuerwehr-brilon.de\/?cat=102"},"img":{"alt_text":"","src":"https:\/\/i0.wp.com\/www.feuerwehr-brilon.de\/wp-up\/2023\/12\/Hochwasser-Aatal.jpg?resize=350%2C200&ssl=1","width":350,"height":200,"srcset":"https:\/\/i0.wp.com\/www.feuerwehr-brilon.de\/wp-up\/2023\/12\/Hochwasser-Aatal.jpg?resize=350%2C200&ssl=1 1x, https:\/\/i0.wp.com\/www.feuerwehr-brilon.de\/wp-up\/2023\/12\/Hochwasser-Aatal.jpg?resize=525%2C300&ssl=1 1.5x, https:\/\/i0.wp.com\/www.feuerwehr-brilon.de\/wp-up\/2023\/12\/Hochwasser-Aatal.jpg?resize=700%2C400&ssl=1 2x"},"classes":[]},{"id":31929,"url":"https:\/\/www.feuerwehr-brilon.de\/?p=31929","url_meta":{"origin":31895,"position":1},"title":"+++ Einsatz +++","author":"Marcus Bange","date":"25. Dezember 2023","format":false,"excerpt":"25.12. 22:33Uhr, Hilfeleistung, H0 Hochwasser, Brilon, Aam\u00fchlen, \u00dcberflutung, Wasser droht in Geb\u00e4ude zu laufen","rel":"","context":"In &quot;Alarmierungen&quot;","block_context":{"text":"Alarmierungen","link":"https:\/\/www.feuerwehr-brilon.de\/?cat=102"},"img":{"alt_text":"","src":"https:\/\/i0.wp.com\/www.feuerwehr-brilon.de\/wp-up\/2023\/03\/sym_wasser-1.jpg?resize=350%2C200&ssl=1","width":350,"height":200,"srcset":"https:\/\/i0.wp.com\/www.feuerwehr-brilon.de\/wp-up\/2023\/03\/sym_wasser-1.jpg?resize=350%2C200&ssl=1 1x, https:\/\/i0.wp.com\/www.feuerwehr-brilon.de\/wp-up\/2023\/03\/sym_wasser-1.jpg?resize=525%2C300&ssl=1 1.5x, https:\/\/i0.wp.com\/www.feuerwehr-brilon.de\/wp-up\/2023\/03\/sym_wasser-1.jpg?resize=700%2C400&ssl=1 2x"},"classes":[]},{"id":31846,"url":"https:\/\/www.feuerwehr-brilon.de\/?p=31846","url_meta":{"origin":31895,"position":2},"title":"+++ Einsatz +++","author":"Andreas Becker","date":"24. Dezember 2023","format":false,"excerpt":"23.12. 12:55Uhr, Hilfeleistung, H0 Hochwasser, Brilon, Aam\u00fchlen, Gefahr von Wassereinbruch","rel":"","context":"In &quot;Alarmierungen&quot;","block_context":{"text":"Alarmierungen","link":"https:\/\/www.feuerwehr-brilon.de\/?cat=102"},"img":{"alt_text":"","src":"","width":0,"height":0},"classes":[]},{"id":32312,"url":"https:\/\/www.feuerwehr-brilon.de\/?p=32312","url_meta":{"origin":31895,"position":3},"title":"+++ Einsatz +++","author":"Andreas Becker","date":"21. April 2024","format":false,"excerpt":"21.04. 11:39Uhr, Hilfeleistung, H0 Hochwasser, Brilon, Antoniusstr., 2cm Wasser im Keller","rel":"","context":"In &quot;Alarmierungen&quot;","block_context":{"text":"Alarmierungen","link":"https:\/\/www.feuerwehr-brilon.de\/?cat=102"},"img":{"alt_text":"","src":"https:\/\/i0.wp.com\/www.feuerwehr-brilon.de\/wp-up\/2023\/03\/sym_HLF.jpg?resize=350%2C200&ssl=1","width":350,"height":200,"srcset":"https:\/\/i0.wp.com\/www.feuerwehr-brilon.de\/wp-up\/2023\/03\/sym_HLF.jpg?resize=350%2C200&ssl=1 1x, https:\/\/i0.wp.com\/www.feuerwehr-brilon.de\/wp-up\/2023\/03\/sym_HLF.jpg?resize=525%2C300&ssl=1 1.5x, https:\/\/i0.wp.com\/www.feuerwehr-brilon.de\/wp-up\/2023\/03\/sym_HLF.jpg?resize=700%2C400&ssl=1 2x"},"classes":[]},{"id":31850,"url":"https:\/\/www.feuerwehr-brilon.de\/?p=31850","url_meta":{"origin":31895,"position":4},"title":"+++ Einsatz +++","author":"Andreas Becker","date":"24. Dezember 2023","format":false,"excerpt":"24.12. 09:12Uhr, Hilfeleistung, H0 Hochwasser, Brilon, In der Helle, Kurpark-Teich \u00fcbergelaufen","rel":"","context":"In &quot;Alarmierungen&quot;","block_context":{"text":"Alarmierungen","link":"https:\/\/www.feuerwehr-brilon.de\/?cat=102"},"img":{"alt_text":"","src":"https:\/\/i0.wp.com\/www.feuerwehr-brilon.de\/wp-up\/2023\/12\/231224_Teich-02_FB.jpg?resize=350%2C200&ssl=1","width":350,"height":200,"srcset":"https:\/\/i0.wp.com\/www.feuerwehr-brilon.de\/wp-up\/2023\/12\/231224_Teich-02_FB.jpg?resize=350%2C200&ssl=1 1x, https:\/\/i0.wp.com\/www.feuerwehr-brilon.de\/wp-up\/2023\/12\/231224_Teich-02_FB.jpg?resize=525%2C300&ssl=1 1.5x, https:\/\/i0.wp.com\/www.feuerwehr-brilon.de\/wp-up\/2023\/12\/231224_Teich-02_FB.jpg?resize=700%2C400&ssl=1 2x, https:\/\/i0.wp.com\/www.feuerwehr-brilon.de\/wp-up\/2023\/12\/231224_Teich-02_FB.jpg?resize=1050%2C600&ssl=1 3x"},"classes":[]},{"id":31853,"url":"https:\/\/www.feuerwehr-brilon.de\/?p=31853","url_meta":{"origin":31895,"position":5},"title":"+++ Einsatz +++","author":"Andreas Becker","date":"24. Dezember 2023","format":false,"excerpt":"24.12. 14:21Uhr, Hilfeleistung, H0 Hochwasser, Messinghausen, Lange Reihe, 20cm Wasser im Keller","rel":"","context":"In &quot;Alarmierungen&quot;","block_context":{"text":"Alarmierungen","link":"https:\/\/www.feuerwehr-brilon.de\/?cat=102"},"img":{"alt_text":"","src":"https:\/\/i0.wp.com\/www.feuerwehr-brilon.de\/wp-up\/2023\/03\/sym_wasser-1.jpg?resize=350%2C200&ssl=1","width":350,"height":200,"srcset":"https:\/\/i0.wp.com\/www.feuerwehr-brilon.de\/wp-up\/2023\/03\/sym_wasser-1.jpg?resize=350%2C200&ssl=1 1x, https:\/\/i0.wp.com\/www.feuerwehr-brilon.de\/wp-up\/2023\/03\/sym_wasser-1.jpg?resize=525%2C300&ssl=1 1.5x, https:\/\/i0.wp.com\/www.feuerwehr-brilon.de\/wp-up\/2023\/03\/sym_wasser-1.jpg?resize=700%2C400&ssl=1 2x"},"classes":[]}],"_links":{"self":[{"href":"https:\/\/www.feuerwehr-brilon.de\/index.php?rest_route=\/wp\/v2\/posts\/31895","targetHints":{"allow":["GET"]}}],"collection":[{"href":"https:\/\/www.feuerwehr-brilon.de\/index.php?rest_route=\/wp\/v2\/posts"}],"about":[{"href":"https:\/\/www.feuerwehr-brilon.de\/index.php?rest_route=\/wp\/v2\/types\/post"}],"author":[{"embeddable":true,"href":"https:\/\/www.feuerwehr-brilon.de\/index.php?rest_route=\/wp\/v2\/users\/8"}],"replies":[{"embeddable":true,"href":"https:\/\/www.feuerwehr-brilon.de\/index.php?rest_route=%2Fwp%2Fv2%2Fcomments&post=31895"}],"version-history":[{"count":1,"href":"https:\/\/www.feuerwehr-brilon.de\/index.php?rest_route=\/wp\/v2\/posts\/31895\/revisions"}],"predecessor-version":[{"id":31897,"href":"https:\/\/www.feuerwehr-brilon.de\/index.php?rest_route=\/wp\/v2\/posts\/31895\/revisions\/31897"}],"wp:featuredmedia":[{"embeddable":true,"href":"https:\/\/www.feuerwehr-brilon.de\/index.php?rest_route=\/wp\/v2\/media\/31896"}],"wp:attachment":[{"href":"https:\/\/www.feuerwehr-brilon.de\/index.php?rest_route=%2Fwp%2Fv2%2Fmedia&parent=31895"}],"wp:term":[{"taxonomy":"category","embeddable":true,"href":"https:\/\/www.feuerwehr-brilon.de\/index.php?rest_route=%2Fwp%2Fv2%2Fcategories&post=31895"},{"taxonomy":"post_tag","embeddable":true,"href":"https:\/\/www.feuerwehr-brilon.de\/index.php?rest_route=%2Fwp%2Fv2%2Ftags&post=31895"}],"curies":[{"name":"wp","href":"https:\/\/api.w.org\/{rel}","templated":true}]}}