{"id":31955,"date":"2024-01-01T13:16:26","date_gmt":"2024-01-01T12:16:26","guid":{"rendered":"https:\/\/www.feuerwehr-brilon.de\/?p=31955"},"modified":"2024-01-01T13:16:26","modified_gmt":"2024-01-01T12:16:26","slug":"einsatz-908","status":"publish","type":"post","link":"https:\/\/www.feuerwehr-brilon.de\/?p=31955","title":{"rendered":"+++ Einsatz +++"},"content":{"rendered":"<p>01.01. 01:40Uhr, Brandeinsatz, F2, R\u00f6senbeck, Laurentiusstra\u00dfe, brennt Gartenh\u00fctte ohne MiG<\/p>\n","protected":false},"excerpt":{"rendered":"<p>01.01. 01:40Uhr, Brandeinsatz, F2, R\u00f6senbeck, Laurentiusstra\u00dfe, brennt Gartenh\u00fctte ohne MiG<\/p>\n","protected":false},"author":5,"featured_media":31957,"comment_status":"closed","ping_status":"closed","sticky":false,"template":"","format":"standard","meta":{"_exactmetrics_skip_tracking":false,"_exactmetrics_sitenote_active":false,"_exactmetrics_sitenote_note":"","_exactmetrics_sitenote_category":0,"jetpack_post_was_ever_published":false,"_jetpack_newsletter_access":"","_jetpack_dont_email_post_to_subs":false,"_jetpack_newsletter_tier_id":0,"_jetpack_memberships_contains_paywalled_content":false,"_jetpack_memberships_contains_paid_content":false,"footnotes":""},"categories":[102],"tags":[],"class_list":["post-31955","post","type-post","status-publish","format-standard","has-post-thumbnail","hentry","category-alarmierungen"],"jetpack_featured_media_url":"https:\/\/www.feuerwehr-brilon.de\/wp-up\/2024\/01\/Roesenbeck-1.jpg","jetpack_shortlink":"https:\/\/wp.me\/pCIJa-8jp","jetpack_sharing_enabled":true,"jetpack-related-posts":[{"id":29899,"url":"https:\/\/www.feuerwehr-brilon.de\/?p=29899","url_meta":{"origin":31955,"position":0},"title":"+++ Einsatz +++","author":"Andreas Becker","date":"28. Juni 2022","format":false,"excerpt":"28.06. 00:05Uhr, Brandeinsatz, F2, R\u00f6senbeck, Altenfilsstra\u00dfe, brennt Gartenh\u00fctte","rel":"","context":"In &quot;Alarmierungen&quot;","block_context":{"text":"Alarmierungen","link":"https:\/\/www.feuerwehr-brilon.de\/?cat=102"},"img":{"alt_text":"","src":"","width":0,"height":0},"classes":[]},{"id":32701,"url":"https:\/\/www.feuerwehr-brilon.de\/?p=32701","url_meta":{"origin":31955,"position":1},"title":"+++ Einsatz +++","author":"Andreas Becker","date":"22. August 2024","format":false,"excerpt":"21.08. 22:40Uhr, Brandeinsatz, F2 Wald, Brilon, Am Sch\u00f6nschede, brennt Bauwagen im Wald","rel":"","context":"In &quot;Alarmierungen&quot;","block_context":{"text":"Alarmierungen","link":"https:\/\/www.feuerwehr-brilon.de\/?cat=102"},"img":{"alt_text":"","src":"","width":0,"height":0},"classes":[]},{"id":14226,"url":"https:\/\/www.feuerwehr-brilon.de\/?p=14226","url_meta":{"origin":31955,"position":2},"title":"01.01. 01:40Uhr, Brandeinsatz, Kleinbrand, Brilon,\u2026","author":"Andreas Becker","date":"1. Januar 2017","format":false,"excerpt":"01.01. 01:40Uhr, Brandeinsatz, Kleinbrand, Brilon, Gartenstra\u00dfe, brennt M\u00fclltonne","rel":"","context":"In &quot;Alarmierungen&quot;","block_context":{"text":"Alarmierungen","link":"https:\/\/www.feuerwehr-brilon.de\/?cat=102"},"img":{"alt_text":"","src":"","width":0,"height":0},"classes":[]},{"id":15641,"url":"https:\/\/www.feuerwehr-brilon.de\/?p=15641","url_meta":{"origin":31955,"position":3},"title":"31.12. 02:02Uhr, Brandeinsatz, F2, Th\u00fclen,\u2026","author":"Andreas Becker","date":"31. Dezember 2017","format":false,"excerpt":"31.12. 02:02Uhr, Brandeinsatz, F2, Th\u00fclen, Zur Heide, brennt Gartenh\u00fctte","rel":"","context":"In &quot;Alarmierungen&quot;","block_context":{"text":"Alarmierungen","link":"https:\/\/www.feuerwehr-brilon.de\/?cat=102"},"img":{"alt_text":"","src":"","width":0,"height":0},"classes":[]},{"id":16614,"url":"https:\/\/www.feuerwehr-brilon.de\/?p=16614","url_meta":{"origin":31955,"position":4},"title":"26.12. 05:57Uhr, Brandeinsatz, F2, Brilon\u2026","author":"Andreas Becker","date":"26. Dezember 2018","format":false,"excerpt":"26.12. 05:57Uhr, Brandeinsatz, F2, Brilon Wald, Kirchweg, brennt Gartenh\u00fctte","rel":"","context":"In &quot;Alarmierungen&quot;","block_context":{"text":"Alarmierungen","link":"https:\/\/www.feuerwehr-brilon.de\/?cat=102"},"img":{"alt_text":"","src":"","width":0,"height":0},"classes":[]},{"id":19875,"url":"https:\/\/www.feuerwehr-brilon.de\/?p=19875","url_meta":{"origin":31955,"position":5},"title":"28.04. 00:46Uhr, Brandeinsatz, F2, Brilon,\u2026","author":"Andreas Becker","date":"28. April 2019","format":false,"excerpt":"28.04. 00:46Uhr, Brandeinsatz, F2, Brilon, Im Sundern, brennt Gartenh\u00fctte","rel":"","context":"In &quot;Alarmierungen&quot;","block_context":{"text":"Alarmierungen","link":"https:\/\/www.feuerwehr-brilon.de\/?cat=102"},"img":{"alt_text":"","src":"","width":0,"height":0},"classes":[]}],"_links":{"self":[{"href":"https:\/\/www.feuerwehr-brilon.de\/index.php?rest_route=\/wp\/v2\/posts\/31955","targetHints":{"allow":["GET"]}}],"collection":[{"href":"https:\/\/www.feuerwehr-brilon.de\/index.php?rest_route=\/wp\/v2\/posts"}],"about":[{"href":"https:\/\/www.feuerwehr-brilon.de\/index.php?rest_route=\/wp\/v2\/types\/post"}],"author":[{"embeddable":true,"href":"https:\/\/www.feuerwehr-brilon.de\/index.php?rest_route=\/wp\/v2\/users\/5"}],"replies":[{"embeddable":true,"href":"https:\/\/www.feuerwehr-brilon.de\/index.php?rest_route=%2Fwp%2Fv2%2Fcomments&post=31955"}],"version-history":[{"count":3,"href":"https:\/\/www.feuerwehr-brilon.de\/index.php?rest_route=\/wp\/v2\/posts\/31955\/revisions"}],"predecessor-version":[{"id":31960,"href":"https:\/\/www.feuerwehr-brilon.de\/index.php?rest_route=\/wp\/v2\/posts\/31955\/revisions\/31960"}],"wp:featuredmedia":[{"embeddable":true,"href":"https:\/\/www.feuerwehr-brilon.de\/index.php?rest_route=\/wp\/v2\/media\/31957"}],"wp:attachment":[{"href":"https:\/\/www.feuerwehr-brilon.de\/index.php?rest_route=%2Fwp%2Fv2%2Fmedia&parent=31955"}],"wp:term":[{"taxonomy":"category","embeddable":true,"href":"https:\/\/www.feuerwehr-brilon.de\/index.php?rest_route=%2Fwp%2Fv2%2Fcategories&post=31955"},{"taxonomy":"post_tag","embeddable":true,"href":"https:\/\/www.feuerwehr-brilon.de\/index.php?rest_route=%2Fwp%2Fv2%2Ftags&post=31955"}],"curies":[{"name":"wp","href":"https:\/\/api.w.org\/{rel}","templated":true}]}}