{"id":31973,"date":"2024-01-08T09:30:48","date_gmt":"2024-01-08T08:30:48","guid":{"rendered":"https:\/\/www.feuerwehr-brilon.de\/?p=31973"},"modified":"2024-01-08T09:18:22","modified_gmt":"2024-01-08T08:18:22","slug":"einsatz-911","status":"publish","type":"post","link":"https:\/\/www.feuerwehr-brilon.de\/?p=31973","title":{"rendered":"+++ Einsatz +++"},"content":{"rendered":"<p>07.01. 21:11Uhr, Brandeinsatz, F0, Madfeld, Stemmelstra\u00dfe, brennt M\u00fclltonne<\/p>\n","protected":false},"excerpt":{"rendered":"<p>07.01. 21:11Uhr, Brandeinsatz, F0, Madfeld, Stemmelstra\u00dfe, brennt M\u00fclltonne<\/p>\n","protected":false},"author":8,"featured_media":31196,"comment_status":"closed","ping_status":"closed","sticky":false,"template":"","format":"standard","meta":{"_exactmetrics_skip_tracking":false,"_exactmetrics_sitenote_active":false,"_exactmetrics_sitenote_note":"","_exactmetrics_sitenote_category":0,"jetpack_post_was_ever_published":false,"_jetpack_newsletter_access":"","_jetpack_dont_email_post_to_subs":false,"_jetpack_newsletter_tier_id":0,"_jetpack_memberships_contains_paywalled_content":false,"_jetpack_memberships_contains_paid_content":false,"footnotes":""},"categories":[102],"tags":[],"class_list":["post-31973","post","type-post","status-publish","format-standard","has-post-thumbnail","hentry","category-alarmierungen"],"jetpack_featured_media_url":"https:\/\/www.feuerwehr-brilon.de\/wp-up\/2023\/05\/sym_Container.jpg","jetpack_shortlink":"https:\/\/wp.me\/pCIJa-8jH","jetpack_sharing_enabled":true,"jetpack-related-posts":[{"id":32929,"url":"https:\/\/www.feuerwehr-brilon.de\/?p=32929","url_meta":{"origin":31973,"position":0},"title":"+++ Einsatz +++","author":"Andreas Becker","date":"30. Oktober 2024","format":false,"excerpt":"29.10. 18:12Uhr, Brandeinsatz, F0, Brilon, K\u00f6nigstra\u00dfe, brennt M\u00fclltonne","rel":"","context":"In &quot;Alarmierungen&quot;","block_context":{"text":"Alarmierungen","link":"https:\/\/www.feuerwehr-brilon.de\/?cat=102"},"img":{"alt_text":"","src":"","width":0,"height":0},"classes":[]},{"id":34104,"url":"https:\/\/www.feuerwehr-brilon.de\/?p=34104","url_meta":{"origin":31973,"position":1},"title":"+++ Einsatz +++","author":"Erwin Mungenast","date":"16. Dezember 2025","format":false,"excerpt":"16.12. 13:20Uhr, Brandeinsatz, F0, Brilon, M\u00fchlenweg, brennt M\u00fclltonne","rel":"","context":"In &quot;Alarmierungen&quot;","block_context":{"text":"Alarmierungen","link":"https:\/\/www.feuerwehr-brilon.de\/?cat=102"},"img":{"alt_text":"","src":"","width":0,"height":0},"classes":[]},{"id":22217,"url":"https:\/\/www.feuerwehr-brilon.de\/?p=22217","url_meta":{"origin":31973,"position":2},"title":"+++ Einsatz +++","author":"Andreas Becker","date":"25. Februar 2020","format":false,"excerpt":"25.02. 14:52Uhr, Brandeinsatz, F0, Brilon, Kurk\u00f6lnische Stra\u00dfe, brennt M\u00fclltonne","rel":"","context":"In &quot;Alarmierungen&quot;","block_context":{"text":"Alarmierungen","link":"https:\/\/www.feuerwehr-brilon.de\/?cat=102"},"img":{"alt_text":"","src":"","width":0,"height":0},"classes":[]},{"id":23817,"url":"https:\/\/www.feuerwehr-brilon.de\/?p=23817","url_meta":{"origin":31973,"position":3},"title":"+++ Einsatz +++","author":"Andreas Becker","date":"5. Oktober 2021","format":false,"excerpt":"05.10. 01:39Uhr, Brandeinsatz, F0, Brilon, Zur Jakobuslinde, brennt M\u00fclltonne","rel":"","context":"In &quot;Alarmierungen&quot;","block_context":{"text":"Alarmierungen","link":"https:\/\/www.feuerwehr-brilon.de\/?cat=102"},"img":{"alt_text":"","src":"","width":0,"height":0},"classes":[]},{"id":31413,"url":"https:\/\/www.feuerwehr-brilon.de\/?p=31413","url_meta":{"origin":31973,"position":4},"title":"+++ Einsatz +++","author":"Andreas Becker","date":"9. August 2023","format":false,"excerpt":"05.08. 08:31Uhr, Brandeinsatz, F0, Brilon, Hinterm Friedhof, brennt M\u00fclltonne","rel":"","context":"In &quot;Alarmierungen&quot;","block_context":{"text":"Alarmierungen","link":"https:\/\/www.feuerwehr-brilon.de\/?cat=102"},"img":{"alt_text":"","src":"https:\/\/i0.wp.com\/www.feuerwehr-brilon.de\/wp-up\/2023\/03\/sym_HLF-2.jpg?resize=350%2C200&ssl=1","width":350,"height":200,"srcset":"https:\/\/i0.wp.com\/www.feuerwehr-brilon.de\/wp-up\/2023\/03\/sym_HLF-2.jpg?resize=350%2C200&ssl=1 1x, https:\/\/i0.wp.com\/www.feuerwehr-brilon.de\/wp-up\/2023\/03\/sym_HLF-2.jpg?resize=525%2C300&ssl=1 1.5x, https:\/\/i0.wp.com\/www.feuerwehr-brilon.de\/wp-up\/2023\/03\/sym_HLF-2.jpg?resize=700%2C400&ssl=1 2x"},"classes":[]},{"id":23957,"url":"https:\/\/www.feuerwehr-brilon.de\/?p=23957","url_meta":{"origin":31973,"position":5},"title":"+++ Einsatz +++","author":"Andreas Becker","date":"11. November 2021","format":false,"excerpt":"11.11. 19:11Uhr, Brandeinsatz, F0, Th\u00fclen, K60, brennt Kunststoffbank","rel":"","context":"In &quot;Alarmierungen&quot;","block_context":{"text":"Alarmierungen","link":"https:\/\/www.feuerwehr-brilon.de\/?cat=102"},"img":{"alt_text":"","src":"","width":0,"height":0},"classes":[]}],"_links":{"self":[{"href":"https:\/\/www.feuerwehr-brilon.de\/index.php?rest_route=\/wp\/v2\/posts\/31973","targetHints":{"allow":["GET"]}}],"collection":[{"href":"https:\/\/www.feuerwehr-brilon.de\/index.php?rest_route=\/wp\/v2\/posts"}],"about":[{"href":"https:\/\/www.feuerwehr-brilon.de\/index.php?rest_route=\/wp\/v2\/types\/post"}],"author":[{"embeddable":true,"href":"https:\/\/www.feuerwehr-brilon.de\/index.php?rest_route=\/wp\/v2\/users\/8"}],"replies":[{"embeddable":true,"href":"https:\/\/www.feuerwehr-brilon.de\/index.php?rest_route=%2Fwp%2Fv2%2Fcomments&post=31973"}],"version-history":[{"count":1,"href":"https:\/\/www.feuerwehr-brilon.de\/index.php?rest_route=\/wp\/v2\/posts\/31973\/revisions"}],"predecessor-version":[{"id":31974,"href":"https:\/\/www.feuerwehr-brilon.de\/index.php?rest_route=\/wp\/v2\/posts\/31973\/revisions\/31974"}],"wp:featuredmedia":[{"embeddable":true,"href":"https:\/\/www.feuerwehr-brilon.de\/index.php?rest_route=\/wp\/v2\/media\/31196"}],"wp:attachment":[{"href":"https:\/\/www.feuerwehr-brilon.de\/index.php?rest_route=%2Fwp%2Fv2%2Fmedia&parent=31973"}],"wp:term":[{"taxonomy":"category","embeddable":true,"href":"https:\/\/www.feuerwehr-brilon.de\/index.php?rest_route=%2Fwp%2Fv2%2Fcategories&post=31973"},{"taxonomy":"post_tag","embeddable":true,"href":"https:\/\/www.feuerwehr-brilon.de\/index.php?rest_route=%2Fwp%2Fv2%2Ftags&post=31973"}],"curies":[{"name":"wp","href":"https:\/\/api.w.org\/{rel}","templated":true}]}}