{"id":32080,"date":"2024-02-13T16:31:17","date_gmt":"2024-02-13T15:31:17","guid":{"rendered":"https:\/\/www.feuerwehr-brilon.de\/?p=32080"},"modified":"2024-02-13T10:59:27","modified_gmt":"2024-02-13T09:59:27","slug":"einsatz-928","status":"publish","type":"post","link":"https:\/\/www.feuerwehr-brilon.de\/?p=32080","title":{"rendered":"+++ Einsatz +++"},"content":{"rendered":"<p>13.02. 07:27Uhr, Hilfeleistung, H0 \u00d6lspur, R\u00f6senbeck, Altenfilsstr., \u00d6lspur<\/p>\n","protected":false},"excerpt":{"rendered":"<p>13.02. 07:27Uhr, Hilfeleistung, H0 \u00d6lspur, R\u00f6senbeck, Altenfilsstr., \u00d6lspur<\/p>\n","protected":false},"author":8,"featured_media":30281,"comment_status":"closed","ping_status":"closed","sticky":false,"template":"","format":"standard","meta":{"_exactmetrics_skip_tracking":false,"_exactmetrics_sitenote_active":false,"_exactmetrics_sitenote_note":"","_exactmetrics_sitenote_category":0,"jetpack_post_was_ever_published":false,"_jetpack_newsletter_access":"","_jetpack_dont_email_post_to_subs":false,"_jetpack_newsletter_tier_id":0,"_jetpack_memberships_contains_paywalled_content":false,"_jetpack_memberships_contains_paid_content":false,"footnotes":""},"categories":[102],"tags":[],"class_list":["post-32080","post","type-post","status-publish","format-standard","has-post-thumbnail","hentry","category-alarmierungen"],"jetpack_featured_media_url":"https:\/\/www.feuerwehr-brilon.de\/wp-up\/2022\/10\/sym_Oelspur_.jpg","jetpack_shortlink":"https:\/\/wp.me\/pCIJa-8lq","jetpack_sharing_enabled":true,"jetpack-related-posts":[{"id":21447,"url":"https:\/\/www.feuerwehr-brilon.de\/?p=21447","url_meta":{"origin":32080,"position":0},"title":"15.06. 21:56Uhr, Hilfeleistung, H0 \u00d6lspur,\u2026","author":"Andreas Becker","date":"16. Juni 2019","format":false,"excerpt":"15.06. 21:56Uhr, Hilfeleistung, H0 \u00d6lspur, R\u00f6senbeck, Altenfilsstr., \u00d6lspur nach VU","rel":"","context":"In &quot;Alarmierungen&quot;","block_context":{"text":"Alarmierungen","link":"https:\/\/www.feuerwehr-brilon.de\/?cat=102"},"img":{"alt_text":"","src":"","width":0,"height":0},"classes":[]},{"id":30092,"url":"https:\/\/www.feuerwehr-brilon.de\/?p=30092","url_meta":{"origin":32080,"position":1},"title":"+++ Einsatz +++","author":"Andreas Becker","date":"9. August 2022","format":false,"excerpt":"06.08. 01:27Uhr, Hilfeleistung, H0 \u00d6lspur, Th\u00fclen, B7, \u00d6lspur","rel":"","context":"In &quot;Alarmierungen&quot;","block_context":{"text":"Alarmierungen","link":"https:\/\/www.feuerwehr-brilon.de\/?cat=102"},"img":{"alt_text":"","src":"https:\/\/i0.wp.com\/www.feuerwehr-brilon.de\/wp-up\/2020\/02\/Oelspur.jpg?resize=350%2C200&ssl=1","width":350,"height":200,"srcset":"https:\/\/i0.wp.com\/www.feuerwehr-brilon.de\/wp-up\/2020\/02\/Oelspur.jpg?resize=350%2C200&ssl=1 1x, https:\/\/i0.wp.com\/www.feuerwehr-brilon.de\/wp-up\/2020\/02\/Oelspur.jpg?resize=525%2C300&ssl=1 1.5x"},"classes":[]},{"id":32531,"url":"https:\/\/www.feuerwehr-brilon.de\/?p=32531","url_meta":{"origin":32080,"position":2},"title":"+++ Einsatz +++","author":"Andreas Becker","date":"28. Juni 2024","format":false,"excerpt":"28.06. 13:27Uhr, Hilfeleistung, H0 \u00d6lspur, Petersborn, Am Haidkn\u00fcckel, \u00d6lspur","rel":"","context":"In &quot;Alarmierungen&quot;","block_context":{"text":"Alarmierungen","link":"https:\/\/www.feuerwehr-brilon.de\/?cat=102"},"img":{"alt_text":"","src":"https:\/\/i0.wp.com\/www.feuerwehr-brilon.de\/wp-up\/2024\/06\/20240628_135054_FB.jpg?resize=350%2C200&ssl=1","width":350,"height":200,"srcset":"https:\/\/i0.wp.com\/www.feuerwehr-brilon.de\/wp-up\/2024\/06\/20240628_135054_FB.jpg?resize=350%2C200&ssl=1 1x, https:\/\/i0.wp.com\/www.feuerwehr-brilon.de\/wp-up\/2024\/06\/20240628_135054_FB.jpg?resize=525%2C300&ssl=1 1.5x, https:\/\/i0.wp.com\/www.feuerwehr-brilon.de\/wp-up\/2024\/06\/20240628_135054_FB.jpg?resize=700%2C400&ssl=1 2x, https:\/\/i0.wp.com\/www.feuerwehr-brilon.de\/wp-up\/2024\/06\/20240628_135054_FB.jpg?resize=1050%2C600&ssl=1 3x"},"classes":[]},{"id":32565,"url":"https:\/\/www.feuerwehr-brilon.de\/?p=32565","url_meta":{"origin":32080,"position":3},"title":"+++ Einsatz +++","author":"Andreas Becker","date":"10. Juli 2024","format":false,"excerpt":"10.07. 16:27Uhr, Hilfeleistung, H0 \u00d6lspur, Alme, W\u00fcnnenberger Stra\u00dfe, \u00d6lspur","rel":"","context":"In &quot;Alarmierungen&quot;","block_context":{"text":"Alarmierungen","link":"https:\/\/www.feuerwehr-brilon.de\/?cat=102"},"img":{"alt_text":"","src":"https:\/\/i0.wp.com\/www.feuerwehr-brilon.de\/wp-up\/2024\/06\/Oel_sym.jpg?resize=350%2C200&ssl=1","width":350,"height":200,"srcset":"https:\/\/i0.wp.com\/www.feuerwehr-brilon.de\/wp-up\/2024\/06\/Oel_sym.jpg?resize=350%2C200&ssl=1 1x, https:\/\/i0.wp.com\/www.feuerwehr-brilon.de\/wp-up\/2024\/06\/Oel_sym.jpg?resize=525%2C300&ssl=1 1.5x, https:\/\/i0.wp.com\/www.feuerwehr-brilon.de\/wp-up\/2024\/06\/Oel_sym.jpg?resize=700%2C400&ssl=1 2x, https:\/\/i0.wp.com\/www.feuerwehr-brilon.de\/wp-up\/2024\/06\/Oel_sym.jpg?resize=1050%2C600&ssl=1 3x"},"classes":[]},{"id":33752,"url":"https:\/\/www.feuerwehr-brilon.de\/?p=33752","url_meta":{"origin":32080,"position":4},"title":"+++ Einsatz +++","author":"Dominik Becker","date":"19. September 2025","format":false,"excerpt":"18.09. 21:30Uhr, Hilfeleistung, H0 \u00d6lspur, R\u00f6senbeck, Steinborn \/ B7, \u00d6lspur","rel":"","context":"In &quot;Alarmierungen&quot;","block_context":{"text":"Alarmierungen","link":"https:\/\/www.feuerwehr-brilon.de\/?cat=102"},"img":{"alt_text":"","src":"","width":0,"height":0},"classes":[]},{"id":31971,"url":"https:\/\/www.feuerwehr-brilon.de\/?p=31971","url_meta":{"origin":32080,"position":5},"title":"+++ Einsatz +++","author":"Andreas Becker","date":"4. Januar 2024","format":false,"excerpt":"04.01. 16:08Uhr, Hilfeleistung, H0 \u00d6lspur, R\u00f6senbeck, B7 - Steinbruch, \u00d6lspur","rel":"","context":"In &quot;Alarmierungen&quot;","block_context":{"text":"Alarmierungen","link":"https:\/\/www.feuerwehr-brilon.de\/?cat=102"},"img":{"alt_text":"","src":"","width":0,"height":0},"classes":[]}],"_links":{"self":[{"href":"https:\/\/www.feuerwehr-brilon.de\/index.php?rest_route=\/wp\/v2\/posts\/32080","targetHints":{"allow":["GET"]}}],"collection":[{"href":"https:\/\/www.feuerwehr-brilon.de\/index.php?rest_route=\/wp\/v2\/posts"}],"about":[{"href":"https:\/\/www.feuerwehr-brilon.de\/index.php?rest_route=\/wp\/v2\/types\/post"}],"author":[{"embeddable":true,"href":"https:\/\/www.feuerwehr-brilon.de\/index.php?rest_route=\/wp\/v2\/users\/8"}],"replies":[{"embeddable":true,"href":"https:\/\/www.feuerwehr-brilon.de\/index.php?rest_route=%2Fwp%2Fv2%2Fcomments&post=32080"}],"version-history":[{"count":1,"href":"https:\/\/www.feuerwehr-brilon.de\/index.php?rest_route=\/wp\/v2\/posts\/32080\/revisions"}],"predecessor-version":[{"id":32081,"href":"https:\/\/www.feuerwehr-brilon.de\/index.php?rest_route=\/wp\/v2\/posts\/32080\/revisions\/32081"}],"wp:featuredmedia":[{"embeddable":true,"href":"https:\/\/www.feuerwehr-brilon.de\/index.php?rest_route=\/wp\/v2\/media\/30281"}],"wp:attachment":[{"href":"https:\/\/www.feuerwehr-brilon.de\/index.php?rest_route=%2Fwp%2Fv2%2Fmedia&parent=32080"}],"wp:term":[{"taxonomy":"category","embeddable":true,"href":"https:\/\/www.feuerwehr-brilon.de\/index.php?rest_route=%2Fwp%2Fv2%2Fcategories&post=32080"},{"taxonomy":"post_tag","embeddable":true,"href":"https:\/\/www.feuerwehr-brilon.de\/index.php?rest_route=%2Fwp%2Fv2%2Ftags&post=32080"}],"curies":[{"name":"wp","href":"https:\/\/api.w.org\/{rel}","templated":true}]}}