{"id":32109,"date":"2024-02-18T15:05:22","date_gmt":"2024-02-18T14:05:22","guid":{"rendered":"https:\/\/www.feuerwehr-brilon.de\/?p=32109"},"modified":"2024-02-18T15:05:22","modified_gmt":"2024-02-18T14:05:22","slug":"einsatz-934","status":"publish","type":"post","link":"https:\/\/www.feuerwehr-brilon.de\/?p=32109","title":{"rendered":"+++ Einsatz +++"},"content":{"rendered":"<p>17.02. 12:41Uhr, Hilfeleistung, H0 T\u00fcr, Brilon, Heinrich-Jansen-Weg, T\u00fcr\u00f6ffnung<\/p>\n","protected":false},"excerpt":{"rendered":"<p>17.02. 12:41Uhr, Hilfeleistung, H0 T\u00fcr, Brilon, Heinrich-Jansen-Weg, T\u00fcr\u00f6ffnung<\/p>\n","protected":false},"author":8,"featured_media":32113,"comment_status":"closed","ping_status":"closed","sticky":false,"template":"","format":"standard","meta":{"_exactmetrics_skip_tracking":false,"_exactmetrics_sitenote_active":false,"_exactmetrics_sitenote_note":"","_exactmetrics_sitenote_category":0,"jetpack_post_was_ever_published":false,"_jetpack_newsletter_access":"","_jetpack_dont_email_post_to_subs":false,"_jetpack_newsletter_tier_id":0,"_jetpack_memberships_contains_paywalled_content":false,"_jetpack_memberships_contains_paid_content":false,"footnotes":""},"categories":[102],"tags":[],"class_list":["post-32109","post","type-post","status-publish","format-standard","has-post-thumbnail","hentry","category-alarmierungen"],"jetpack_featured_media_url":"https:\/\/www.feuerwehr-brilon.de\/wp-up\/2024\/02\/sym_HLF-POL.jpg","jetpack_shortlink":"https:\/\/wp.me\/pCIJa-8lT","jetpack_sharing_enabled":true,"jetpack-related-posts":[{"id":34507,"url":"https:\/\/www.feuerwehr-brilon.de\/?p=34507","url_meta":{"origin":32109,"position":0},"title":"+++ Einsatz +++","author":"Erwin Mungenast","date":"22. M\u00e4rz 2026","format":false,"excerpt":"17.03. 03:41Uhr, Hilfeleistung, H0 T\u00fcr, Brilon, Sandkuhlenweg, T\u00fcr\u00f6ffnung","rel":"","context":"In &quot;Alarmierungen&quot;","block_context":{"text":"Alarmierungen","link":"https:\/\/www.feuerwehr-brilon.de\/?cat=102"},"img":{"alt_text":"","src":"","width":0,"height":0},"classes":[]},{"id":33215,"url":"https:\/\/www.feuerwehr-brilon.de\/?p=33215","url_meta":{"origin":32109,"position":1},"title":"+++ Einsatz +++","author":"Andreas Becker","date":"17. Februar 2025","format":false,"excerpt":"17.02. 19:44Uhr, Hilfeleistung, H0 T\u00fcr, Brilon, Scharfenberger Str., T\u00fcr\u00f6ffnung","rel":"","context":"In &quot;Alarmierungen&quot;","block_context":{"text":"Alarmierungen","link":"https:\/\/www.feuerwehr-brilon.de\/?cat=102"},"img":{"alt_text":"","src":"","width":0,"height":0},"classes":[]},{"id":24070,"url":"https:\/\/www.feuerwehr-brilon.de\/?p=24070","url_meta":{"origin":32109,"position":2},"title":"+++ Einsatz +++","author":"Andreas Becker","date":"7. Januar 2022","format":false,"excerpt":"07.01. 15:41Uhr, Hilfeleistung, H0 T\u00fcr, W\u00fclfte, Bulsterkopf, T\u00fcr\u00f6ffnung","rel":"","context":"In &quot;Alarmierungen&quot;","block_context":{"text":"Alarmierungen","link":"https:\/\/www.feuerwehr-brilon.de\/?cat=102"},"img":{"alt_text":"","src":"https:\/\/i0.wp.com\/www.feuerwehr-brilon.de\/wp-up\/2020\/08\/Tueroeffnung.jpg?resize=350%2C200&ssl=1","width":350,"height":200,"srcset":"https:\/\/i0.wp.com\/www.feuerwehr-brilon.de\/wp-up\/2020\/08\/Tueroeffnung.jpg?resize=350%2C200&ssl=1 1x, https:\/\/i0.wp.com\/www.feuerwehr-brilon.de\/wp-up\/2020\/08\/Tueroeffnung.jpg?resize=525%2C300&ssl=1 1.5x, https:\/\/i0.wp.com\/www.feuerwehr-brilon.de\/wp-up\/2020\/08\/Tueroeffnung.jpg?resize=700%2C400&ssl=1 2x"},"classes":[]},{"id":30825,"url":"https:\/\/www.feuerwehr-brilon.de\/?p=30825","url_meta":{"origin":32109,"position":3},"title":"+++ Einsatz +++","author":"Andreas Becker","date":"2. M\u00e4rz 2023","format":false,"excerpt":"02.03. 16:26Uhr, Hilfeleistung, H0 \u00d6lspur, Brilon, Heinrich-Jansen-Weg, \u00d6lspur","rel":"","context":"In &quot;Alarmierungen&quot;","block_context":{"text":"Alarmierungen","link":"https:\/\/www.feuerwehr-brilon.de\/?cat=102"},"img":{"alt_text":"","src":"https:\/\/i0.wp.com\/www.feuerwehr-brilon.de\/wp-up\/2022\/10\/sym_Oelspur_.jpg?resize=350%2C200&ssl=1","width":350,"height":200,"srcset":"https:\/\/i0.wp.com\/www.feuerwehr-brilon.de\/wp-up\/2022\/10\/sym_Oelspur_.jpg?resize=350%2C200&ssl=1 1x, https:\/\/i0.wp.com\/www.feuerwehr-brilon.de\/wp-up\/2022\/10\/sym_Oelspur_.jpg?resize=525%2C300&ssl=1 1.5x, https:\/\/i0.wp.com\/www.feuerwehr-brilon.de\/wp-up\/2022\/10\/sym_Oelspur_.jpg?resize=700%2C400&ssl=1 2x"},"classes":[]},{"id":21925,"url":"https:\/\/www.feuerwehr-brilon.de\/?p=21925","url_meta":{"origin":32109,"position":4},"title":"+++ Einsatz +++","author":"Andreas Becker","date":"4. Dezember 2019","format":false,"excerpt":"04.12. 12:11Uhr, Hilfeleistung, H0 T\u00fcr, Brilon, Ackerstra\u00dfe, T\u00fcr\u00f6ffnung","rel":"","context":"In &quot;Alarmierungen&quot;","block_context":{"text":"Alarmierungen","link":"https:\/\/www.feuerwehr-brilon.de\/?cat=102"},"img":{"alt_text":"","src":"","width":0,"height":0},"classes":[]},{"id":23577,"url":"https:\/\/www.feuerwehr-brilon.de\/?p=23577","url_meta":{"origin":32109,"position":5},"title":"+++ Einsatz +++","author":"Andreas Becker","date":"27. Juni 2021","format":false,"excerpt":"26.06. 12:22Uhr, Hilfeleistung, H0 T\u00fcr, Brilon, Bahnhofstra\u00dfe, T\u00fcr\u00f6ffnung","rel":"","context":"In &quot;Alarmierungen&quot;","block_context":{"text":"Alarmierungen","link":"https:\/\/www.feuerwehr-brilon.de\/?cat=102"},"img":{"alt_text":"","src":"https:\/\/i0.wp.com\/www.feuerwehr-brilon.de\/wp-up\/2020\/08\/Tueroeffnung.jpg?resize=350%2C200&ssl=1","width":350,"height":200,"srcset":"https:\/\/i0.wp.com\/www.feuerwehr-brilon.de\/wp-up\/2020\/08\/Tueroeffnung.jpg?resize=350%2C200&ssl=1 1x, https:\/\/i0.wp.com\/www.feuerwehr-brilon.de\/wp-up\/2020\/08\/Tueroeffnung.jpg?resize=525%2C300&ssl=1 1.5x, https:\/\/i0.wp.com\/www.feuerwehr-brilon.de\/wp-up\/2020\/08\/Tueroeffnung.jpg?resize=700%2C400&ssl=1 2x"},"classes":[]}],"_links":{"self":[{"href":"https:\/\/www.feuerwehr-brilon.de\/index.php?rest_route=\/wp\/v2\/posts\/32109","targetHints":{"allow":["GET"]}}],"collection":[{"href":"https:\/\/www.feuerwehr-brilon.de\/index.php?rest_route=\/wp\/v2\/posts"}],"about":[{"href":"https:\/\/www.feuerwehr-brilon.de\/index.php?rest_route=\/wp\/v2\/types\/post"}],"author":[{"embeddable":true,"href":"https:\/\/www.feuerwehr-brilon.de\/index.php?rest_route=\/wp\/v2\/users\/8"}],"replies":[{"embeddable":true,"href":"https:\/\/www.feuerwehr-brilon.de\/index.php?rest_route=%2Fwp%2Fv2%2Fcomments&post=32109"}],"version-history":[{"count":1,"href":"https:\/\/www.feuerwehr-brilon.de\/index.php?rest_route=\/wp\/v2\/posts\/32109\/revisions"}],"predecessor-version":[{"id":32110,"href":"https:\/\/www.feuerwehr-brilon.de\/index.php?rest_route=\/wp\/v2\/posts\/32109\/revisions\/32110"}],"wp:featuredmedia":[{"embeddable":true,"href":"https:\/\/www.feuerwehr-brilon.de\/index.php?rest_route=\/wp\/v2\/media\/32113"}],"wp:attachment":[{"href":"https:\/\/www.feuerwehr-brilon.de\/index.php?rest_route=%2Fwp%2Fv2%2Fmedia&parent=32109"}],"wp:term":[{"taxonomy":"category","embeddable":true,"href":"https:\/\/www.feuerwehr-brilon.de\/index.php?rest_route=%2Fwp%2Fv2%2Fcategories&post=32109"},{"taxonomy":"post_tag","embeddable":true,"href":"https:\/\/www.feuerwehr-brilon.de\/index.php?rest_route=%2Fwp%2Fv2%2Ftags&post=32109"}],"curies":[{"name":"wp","href":"https:\/\/api.w.org\/{rel}","templated":true}]}}