{"id":32114,"date":"2024-02-19T19:54:37","date_gmt":"2024-02-19T18:54:37","guid":{"rendered":"https:\/\/www.feuerwehr-brilon.de\/?p=32114"},"modified":"2024-02-19T19:54:37","modified_gmt":"2024-02-19T18:54:37","slug":"einsatz-936","status":"publish","type":"post","link":"https:\/\/www.feuerwehr-brilon.de\/?p=32114","title":{"rendered":"+++ Einsatz +++"},"content":{"rendered":"<p>19.02. 16:33Uhr, Hilfeleistung, H0 \u00d6lspur, Brilon, M\u00f6hnestra\u00dfe, \u00d6lspur<\/p>\n","protected":false},"excerpt":{"rendered":"<p>19.02. 16:33Uhr, Hilfeleistung, H0 \u00d6lspur, Brilon, M\u00f6hnestra\u00dfe, \u00d6lspur<\/p>\n","protected":false},"author":8,"featured_media":30281,"comment_status":"closed","ping_status":"closed","sticky":false,"template":"","format":"standard","meta":{"_exactmetrics_skip_tracking":false,"_exactmetrics_sitenote_active":false,"_exactmetrics_sitenote_note":"","_exactmetrics_sitenote_category":0,"jetpack_post_was_ever_published":false,"_jetpack_newsletter_access":"","_jetpack_dont_email_post_to_subs":false,"_jetpack_newsletter_tier_id":0,"_jetpack_memberships_contains_paywalled_content":false,"_jetpack_memberships_contains_paid_content":false,"footnotes":""},"categories":[102],"tags":[],"class_list":["post-32114","post","type-post","status-publish","format-standard","has-post-thumbnail","hentry","category-alarmierungen"],"jetpack_featured_media_url":"https:\/\/www.feuerwehr-brilon.de\/wp-up\/2022\/10\/sym_Oelspur_.jpg","jetpack_shortlink":"https:\/\/wp.me\/pCIJa-8lY","jetpack_sharing_enabled":true,"jetpack-related-posts":[{"id":15927,"url":"https:\/\/www.feuerwehr-brilon.de\/?p=15927","url_meta":{"origin":32114,"position":0},"title":"06.05. 17:33Uhr, Hilfeleistung, H0 \u00d6lspur,\u2026","author":"Andreas Becker","date":"6. Mai 2018","format":false,"excerpt":"06.05. 17:33Uhr, Hilfeleistung, H0 \u00d6lspur, Brilon, M\u00f6hnestra\u00dfe, \u00d6lspur nach VU","rel":"","context":"In &quot;Alarmierungen&quot;","block_context":{"text":"Alarmierungen","link":"https:\/\/www.feuerwehr-brilon.de\/?cat=102"},"img":{"alt_text":"","src":"","width":0,"height":0},"classes":[]},{"id":29815,"url":"https:\/\/www.feuerwehr-brilon.de\/?p=29815","url_meta":{"origin":32114,"position":1},"title":"+++ Einsatz +++","author":"Andreas Becker","date":"24. Mai 2022","format":false,"excerpt":"24.05. 16:30Uhr, Hilfeleistung, H0 \u00d6lspur, Brilon, M\u00f6hnestra\u00dfe, \u00d6lspur","rel":"","context":"In &quot;Alarmierungen&quot;","block_context":{"text":"Alarmierungen","link":"https:\/\/www.feuerwehr-brilon.de\/?cat=102"},"img":{"alt_text":"","src":"https:\/\/i0.wp.com\/www.feuerwehr-brilon.de\/wp-up\/2020\/02\/Oelspur.jpg?resize=350%2C200&ssl=1","width":350,"height":200,"srcset":"https:\/\/i0.wp.com\/www.feuerwehr-brilon.de\/wp-up\/2020\/02\/Oelspur.jpg?resize=350%2C200&ssl=1 1x, https:\/\/i0.wp.com\/www.feuerwehr-brilon.de\/wp-up\/2020\/02\/Oelspur.jpg?resize=525%2C300&ssl=1 1.5x"},"classes":[]},{"id":32316,"url":"https:\/\/www.feuerwehr-brilon.de\/?p=32316","url_meta":{"origin":32114,"position":2},"title":"+++ Einsatz +++","author":"Andreas Becker","date":"26. April 2024","format":false,"excerpt":"26.04. 16:18Uhr, Hilfeleistung, H0 \u00d6lspur, Scharfenberg, M\u00f6hnestra\u00dfe - Heidberg, ca. 100 \u00d6lspur","rel":"","context":"In &quot;Alarmierungen&quot;","block_context":{"text":"Alarmierungen","link":"https:\/\/www.feuerwehr-brilon.de\/?cat=102"},"img":{"alt_text":"","src":"https:\/\/i0.wp.com\/www.feuerwehr-brilon.de\/wp-up\/2022\/10\/sym_Oelspur_.jpg?resize=350%2C200&ssl=1","width":350,"height":200,"srcset":"https:\/\/i0.wp.com\/www.feuerwehr-brilon.de\/wp-up\/2022\/10\/sym_Oelspur_.jpg?resize=350%2C200&ssl=1 1x, https:\/\/i0.wp.com\/www.feuerwehr-brilon.de\/wp-up\/2022\/10\/sym_Oelspur_.jpg?resize=525%2C300&ssl=1 1.5x, https:\/\/i0.wp.com\/www.feuerwehr-brilon.de\/wp-up\/2022\/10\/sym_Oelspur_.jpg?resize=700%2C400&ssl=1 2x"},"classes":[]},{"id":24026,"url":"https:\/\/www.feuerwehr-brilon.de\/?p=24026","url_meta":{"origin":32114,"position":3},"title":"+++ Einsatz +++","author":"Andreas Becker","date":"17. Dezember 2021","format":false,"excerpt":"17.12. 14:33Uhr, Hilfeleistung, H0 \u00d6lspur, Brilon, Gartenstra\u00dfe, \u00d6lspur","rel":"","context":"In &quot;Alarmierungen&quot;","block_context":{"text":"Alarmierungen","link":"https:\/\/www.feuerwehr-brilon.de\/?cat=102"},"img":{"alt_text":"","src":"https:\/\/i0.wp.com\/www.feuerwehr-brilon.de\/wp-up\/2021\/12\/155953f8-1bae-4f0e-933d-e62a1c5c05e0.jpg?resize=350%2C200&ssl=1","width":350,"height":200,"srcset":"https:\/\/i0.wp.com\/www.feuerwehr-brilon.de\/wp-up\/2021\/12\/155953f8-1bae-4f0e-933d-e62a1c5c05e0.jpg?resize=350%2C200&ssl=1 1x, https:\/\/i0.wp.com\/www.feuerwehr-brilon.de\/wp-up\/2021\/12\/155953f8-1bae-4f0e-933d-e62a1c5c05e0.jpg?resize=525%2C300&ssl=1 1.5x, https:\/\/i0.wp.com\/www.feuerwehr-brilon.de\/wp-up\/2021\/12\/155953f8-1bae-4f0e-933d-e62a1c5c05e0.jpg?resize=700%2C400&ssl=1 2x"},"classes":[]},{"id":24374,"url":"https:\/\/www.feuerwehr-brilon.de\/?p=24374","url_meta":{"origin":32114,"position":4},"title":"+++ Einsatz +++","author":"Andreas Becker","date":"2. April 2022","format":false,"excerpt":"02.04. 14:58Uhr, Hilfeleistung, H0 \u00d6lspur, Brilon, M\u00f6hnestra\u00dfe, \u00d6lspur","rel":"","context":"In &quot;Alarmierungen&quot;","block_context":{"text":"Alarmierungen","link":"https:\/\/www.feuerwehr-brilon.de\/?cat=102"},"img":{"alt_text":"","src":"https:\/\/i0.wp.com\/www.feuerwehr-brilon.de\/wp-up\/2020\/02\/Oelspur.jpg?resize=350%2C200&ssl=1","width":350,"height":200,"srcset":"https:\/\/i0.wp.com\/www.feuerwehr-brilon.de\/wp-up\/2020\/02\/Oelspur.jpg?resize=350%2C200&ssl=1 1x, https:\/\/i0.wp.com\/www.feuerwehr-brilon.de\/wp-up\/2020\/02\/Oelspur.jpg?resize=525%2C300&ssl=1 1.5x"},"classes":[]},{"id":32329,"url":"https:\/\/www.feuerwehr-brilon.de\/?p=32329","url_meta":{"origin":32114,"position":5},"title":"+++ Einsatz +++","author":"Andreas Becker","date":"28. April 2024","format":false,"excerpt":"28.04. 19:46Uhr, Hilfeleistung, H0 \u00d6lspur, Brilon, M\u00f6hnestra\u00dfe, \u00d6lspur","rel":"","context":"In &quot;Alarmierungen&quot;","block_context":{"text":"Alarmierungen","link":"https:\/\/www.feuerwehr-brilon.de\/?cat=102"},"img":{"alt_text":"","src":"https:\/\/i0.wp.com\/www.feuerwehr-brilon.de\/wp-up\/2022\/10\/sym_Oelspur_.jpg?resize=350%2C200&ssl=1","width":350,"height":200,"srcset":"https:\/\/i0.wp.com\/www.feuerwehr-brilon.de\/wp-up\/2022\/10\/sym_Oelspur_.jpg?resize=350%2C200&ssl=1 1x, https:\/\/i0.wp.com\/www.feuerwehr-brilon.de\/wp-up\/2022\/10\/sym_Oelspur_.jpg?resize=525%2C300&ssl=1 1.5x, https:\/\/i0.wp.com\/www.feuerwehr-brilon.de\/wp-up\/2022\/10\/sym_Oelspur_.jpg?resize=700%2C400&ssl=1 2x"},"classes":[]}],"_links":{"self":[{"href":"https:\/\/www.feuerwehr-brilon.de\/index.php?rest_route=\/wp\/v2\/posts\/32114","targetHints":{"allow":["GET"]}}],"collection":[{"href":"https:\/\/www.feuerwehr-brilon.de\/index.php?rest_route=\/wp\/v2\/posts"}],"about":[{"href":"https:\/\/www.feuerwehr-brilon.de\/index.php?rest_route=\/wp\/v2\/types\/post"}],"author":[{"embeddable":true,"href":"https:\/\/www.feuerwehr-brilon.de\/index.php?rest_route=\/wp\/v2\/users\/8"}],"replies":[{"embeddable":true,"href":"https:\/\/www.feuerwehr-brilon.de\/index.php?rest_route=%2Fwp%2Fv2%2Fcomments&post=32114"}],"version-history":[{"count":1,"href":"https:\/\/www.feuerwehr-brilon.de\/index.php?rest_route=\/wp\/v2\/posts\/32114\/revisions"}],"predecessor-version":[{"id":32115,"href":"https:\/\/www.feuerwehr-brilon.de\/index.php?rest_route=\/wp\/v2\/posts\/32114\/revisions\/32115"}],"wp:featuredmedia":[{"embeddable":true,"href":"https:\/\/www.feuerwehr-brilon.de\/index.php?rest_route=\/wp\/v2\/media\/30281"}],"wp:attachment":[{"href":"https:\/\/www.feuerwehr-brilon.de\/index.php?rest_route=%2Fwp%2Fv2%2Fmedia&parent=32114"}],"wp:term":[{"taxonomy":"category","embeddable":true,"href":"https:\/\/www.feuerwehr-brilon.de\/index.php?rest_route=%2Fwp%2Fv2%2Fcategories&post=32114"},{"taxonomy":"post_tag","embeddable":true,"href":"https:\/\/www.feuerwehr-brilon.de\/index.php?rest_route=%2Fwp%2Fv2%2Ftags&post=32114"}],"curies":[{"name":"wp","href":"https:\/\/api.w.org\/{rel}","templated":true}]}}