{"id":32181,"date":"2024-03-08T18:51:14","date_gmt":"2024-03-08T17:51:14","guid":{"rendered":"https:\/\/www.feuerwehr-brilon.de\/?p=32181"},"modified":"2024-03-10T18:51:36","modified_gmt":"2024-03-10T17:51:36","slug":"einsatz-945","status":"publish","type":"post","link":"https:\/\/www.feuerwehr-brilon.de\/?p=32181","title":{"rendered":"+++ Einsatz +++"},"content":{"rendered":"<p>08.03. 12:55Uhr, Hilfeleistung, H0 T\u00fcr, Brilon, Alte Heeresstra\u00dfe, T\u00fcr\u00f6ffnung<\/p>\n","protected":false},"excerpt":{"rendered":"<p>08.03. 12:55Uhr, Hilfeleistung, H0 T\u00fcr, Brilon, Alte Heeresstra\u00dfe, T\u00fcr\u00f6ffnung<\/p>\n","protected":false},"author":8,"featured_media":32183,"comment_status":"closed","ping_status":"closed","sticky":false,"template":"","format":"standard","meta":{"_exactmetrics_skip_tracking":false,"_exactmetrics_sitenote_active":false,"_exactmetrics_sitenote_note":"","_exactmetrics_sitenote_category":0,"jetpack_post_was_ever_published":false,"_jetpack_newsletter_access":"","_jetpack_dont_email_post_to_subs":false,"_jetpack_newsletter_tier_id":0,"_jetpack_memberships_contains_paywalled_content":false,"_jetpack_memberships_contains_paid_content":false,"footnotes":""},"categories":[102],"tags":[],"class_list":["post-32181","post","type-post","status-publish","format-standard","has-post-thumbnail","hentry","category-alarmierungen"],"jetpack_featured_media_url":"https:\/\/www.feuerwehr-brilon.de\/wp-up\/2024\/03\/240308_H0Tuer_Altb__FB.jpg","jetpack_shortlink":"https:\/\/wp.me\/pCIJa-8n3","jetpack_sharing_enabled":true,"jetpack-related-posts":[{"id":33760,"url":"https:\/\/www.feuerwehr-brilon.de\/?p=33760","url_meta":{"origin":32181,"position":0},"title":"+++ Einsatz +++","author":"Erwin Mungenast","date":"21. September 2025","format":false,"excerpt":"19.09. 19:55Uhr, Hilfeleistung, H0 T\u00fcr, Brilon, Glockengie\u00dferweg, T\u00fcr\u00f6ffnung","rel":"","context":"In &quot;Alarmierungen&quot;","block_context":{"text":"Alarmierungen","link":"https:\/\/www.feuerwehr-brilon.de\/?cat=102"},"img":{"alt_text":"","src":"","width":0,"height":0},"classes":[]},{"id":34098,"url":"https:\/\/www.feuerwehr-brilon.de\/?p=34098","url_meta":{"origin":32181,"position":1},"title":"+++ Einsatz +++","author":"Erwin Mungenast","date":"13. Dezember 2025","format":false,"excerpt":"13.12. 05:55Uhr, Hilfeleistung, H0 T\u00fcr, Brilon, Kapellenstr., T\u00fcr\u00f6ffnung","rel":"","context":"In &quot;Alarmierungen&quot;","block_context":{"text":"Alarmierungen","link":"https:\/\/www.feuerwehr-brilon.de\/?cat=102"},"img":{"alt_text":"","src":"","width":0,"height":0},"classes":[]},{"id":24276,"url":"https:\/\/www.feuerwehr-brilon.de\/?p=24276","url_meta":{"origin":32181,"position":2},"title":"+++ Einsatz +++","author":"Andreas Becker","date":"9. M\u00e4rz 2022","format":false,"excerpt":"09.03. 07:55Uhr, Hilfeleistung, H0 T\u00fcr, Brilon, Bahnhofstra\u00dfe, T\u00fcr\u00f6ffnung","rel":"","context":"In &quot;Alarmierungen&quot;","block_context":{"text":"Alarmierungen","link":"https:\/\/www.feuerwehr-brilon.de\/?cat=102"},"img":{"alt_text":"","src":"https:\/\/i0.wp.com\/www.feuerwehr-brilon.de\/wp-up\/2020\/08\/Tueroeffnung.jpg?resize=350%2C200&ssl=1","width":350,"height":200,"srcset":"https:\/\/i0.wp.com\/www.feuerwehr-brilon.de\/wp-up\/2020\/08\/Tueroeffnung.jpg?resize=350%2C200&ssl=1 1x, https:\/\/i0.wp.com\/www.feuerwehr-brilon.de\/wp-up\/2020\/08\/Tueroeffnung.jpg?resize=525%2C300&ssl=1 1.5x, https:\/\/i0.wp.com\/www.feuerwehr-brilon.de\/wp-up\/2020\/08\/Tueroeffnung.jpg?resize=700%2C400&ssl=1 2x"},"classes":[]},{"id":16203,"url":"https:\/\/www.feuerwehr-brilon.de\/?p=16203","url_meta":{"origin":32181,"position":3},"title":"31.07. 21:55Uhr, Hilfeleistung, H0 T\u00fcr,\u2026","author":"Andreas Becker","date":"31. Juli 2018","format":false,"excerpt":"31.07. 21:55Uhr, Hilfeleistung, H0 T\u00fcr, Brilon, Derkerborn, T\u00fcr\u00f6ffnung","rel":"","context":"In &quot;Alarmierungen&quot;","block_context":{"text":"Alarmierungen","link":"https:\/\/www.feuerwehr-brilon.de\/?cat=102"},"img":{"alt_text":"","src":"","width":0,"height":0},"classes":[]},{"id":16449,"url":"https:\/\/www.feuerwehr-brilon.de\/?p=16449","url_meta":{"origin":32181,"position":4},"title":"19.09. 22:55Uhr, Hilfeleistung, H0 T\u00fcr,\u2026","author":"Andreas Becker","date":"19. September 2018","format":false,"excerpt":"19.09. 22:55Uhr, Hilfeleistung, H0 T\u00fcr, Brilon, Bahnhofstra\u00dfe, T\u00fcr\u00f6ffnung","rel":"","context":"In &quot;Alarmierungen&quot;","block_context":{"text":"Alarmierungen","link":"https:\/\/www.feuerwehr-brilon.de\/?cat=102"},"img":{"alt_text":"","src":"","width":0,"height":0},"classes":[]},{"id":15724,"url":"https:\/\/www.feuerwehr-brilon.de\/?p=15724","url_meta":{"origin":32181,"position":5},"title":"22.01. 15:55Uhr, Hilfeleistung, H0 T\u00fcr,\u2026","author":"Andreas Becker","date":"22. Januar 2018","format":false,"excerpt":"22.01. 15:55Uhr, Hilfeleistung, H0 T\u00fcr, Brilon, Gebr\u00fcder R\u00fcther Str., T\u00fcr\u00f6ffnung","rel":"","context":"In &quot;Alarmierungen&quot;","block_context":{"text":"Alarmierungen","link":"https:\/\/www.feuerwehr-brilon.de\/?cat=102"},"img":{"alt_text":"","src":"https:\/\/i0.wp.com\/www.feuerwehr-brilon.de\/wp-up\/2017\/11\/img_8181.jpg?resize=350%2C200&ssl=1","width":350,"height":200,"srcset":"https:\/\/i0.wp.com\/www.feuerwehr-brilon.de\/wp-up\/2017\/11\/img_8181.jpg?resize=350%2C200&ssl=1 1x, https:\/\/i0.wp.com\/www.feuerwehr-brilon.de\/wp-up\/2017\/11\/img_8181.jpg?resize=525%2C300&ssl=1 1.5x"},"classes":[]}],"_links":{"self":[{"href":"https:\/\/www.feuerwehr-brilon.de\/index.php?rest_route=\/wp\/v2\/posts\/32181","targetHints":{"allow":["GET"]}}],"collection":[{"href":"https:\/\/www.feuerwehr-brilon.de\/index.php?rest_route=\/wp\/v2\/posts"}],"about":[{"href":"https:\/\/www.feuerwehr-brilon.de\/index.php?rest_route=\/wp\/v2\/types\/post"}],"author":[{"embeddable":true,"href":"https:\/\/www.feuerwehr-brilon.de\/index.php?rest_route=\/wp\/v2\/users\/8"}],"replies":[{"embeddable":true,"href":"https:\/\/www.feuerwehr-brilon.de\/index.php?rest_route=%2Fwp%2Fv2%2Fcomments&post=32181"}],"version-history":[{"count":1,"href":"https:\/\/www.feuerwehr-brilon.de\/index.php?rest_route=\/wp\/v2\/posts\/32181\/revisions"}],"predecessor-version":[{"id":32182,"href":"https:\/\/www.feuerwehr-brilon.de\/index.php?rest_route=\/wp\/v2\/posts\/32181\/revisions\/32182"}],"wp:featuredmedia":[{"embeddable":true,"href":"https:\/\/www.feuerwehr-brilon.de\/index.php?rest_route=\/wp\/v2\/media\/32183"}],"wp:attachment":[{"href":"https:\/\/www.feuerwehr-brilon.de\/index.php?rest_route=%2Fwp%2Fv2%2Fmedia&parent=32181"}],"wp:term":[{"taxonomy":"category","embeddable":true,"href":"https:\/\/www.feuerwehr-brilon.de\/index.php?rest_route=%2Fwp%2Fv2%2Fcategories&post=32181"},{"taxonomy":"post_tag","embeddable":true,"href":"https:\/\/www.feuerwehr-brilon.de\/index.php?rest_route=%2Fwp%2Fv2%2Ftags&post=32181"}],"curies":[{"name":"wp","href":"https:\/\/api.w.org\/{rel}","templated":true}]}}