{"id":32210,"date":"2024-03-19T20:26:09","date_gmt":"2024-03-19T19:26:09","guid":{"rendered":"https:\/\/www.feuerwehr-brilon.de\/?p=32210"},"modified":"2024-03-19T20:26:09","modified_gmt":"2024-03-19T19:26:09","slug":"einsatz-949","status":"publish","type":"post","link":"https:\/\/www.feuerwehr-brilon.de\/?p=32210","title":{"rendered":"+++ Einsatz +++"},"content":{"rendered":"<p>19.03. 18:23Uhr, Brandeinsatz, F0, Brilon, Altenbriloner Str., B\u00f6ller im Treppenhaus gez\u00fcndet<\/p>\n","protected":false},"excerpt":{"rendered":"<p>19.03. 18:23Uhr, Brandeinsatz, F0, Brilon, Altenbriloner Str., B\u00f6ller im Treppenhaus gez\u00fcndet<\/p>\n","protected":false},"author":8,"featured_media":32113,"comment_status":"closed","ping_status":"closed","sticky":false,"template":"","format":"standard","meta":{"_exactmetrics_skip_tracking":false,"_exactmetrics_sitenote_active":false,"_exactmetrics_sitenote_note":"","_exactmetrics_sitenote_category":0,"jetpack_post_was_ever_published":false,"_jetpack_newsletter_access":"","_jetpack_dont_email_post_to_subs":false,"_jetpack_newsletter_tier_id":0,"_jetpack_memberships_contains_paywalled_content":false,"_jetpack_memberships_contains_paid_content":false,"footnotes":""},"categories":[102],"tags":[],"class_list":["post-32210","post","type-post","status-publish","format-standard","has-post-thumbnail","hentry","category-alarmierungen"],"jetpack_featured_media_url":"https:\/\/www.feuerwehr-brilon.de\/wp-up\/2024\/02\/sym_HLF-POL.jpg","jetpack_shortlink":"https:\/\/wp.me\/pCIJa-8nw","jetpack_sharing_enabled":true,"jetpack-related-posts":[{"id":32212,"url":"https:\/\/www.feuerwehr-brilon.de\/?p=32212","url_meta":{"origin":32210,"position":0},"title":"+++ Einsatz +++","author":"Andreas Becker","date":"19. M\u00e4rz 2024","format":false,"excerpt":"19.03. 18:33Uhr, Brandeinsatz, F0, Brilon, Marktstra\u00dfe, B\u00f6ller im Toilettenh\u00e4uschen gez\u00fcndet","rel":"","context":"In &quot;Alarmierungen&quot;","block_context":{"text":"Alarmierungen","link":"https:\/\/www.feuerwehr-brilon.de\/?cat=102"},"img":{"alt_text":"","src":"https:\/\/i0.wp.com\/www.feuerwehr-brilon.de\/wp-up\/2024\/03\/240319_Bri_Marktstr_FB.jpg?resize=350%2C200&ssl=1","width":350,"height":200,"srcset":"https:\/\/i0.wp.com\/www.feuerwehr-brilon.de\/wp-up\/2024\/03\/240319_Bri_Marktstr_FB.jpg?resize=350%2C200&ssl=1 1x, https:\/\/i0.wp.com\/www.feuerwehr-brilon.de\/wp-up\/2024\/03\/240319_Bri_Marktstr_FB.jpg?resize=525%2C300&ssl=1 1.5x, https:\/\/i0.wp.com\/www.feuerwehr-brilon.de\/wp-up\/2024\/03\/240319_Bri_Marktstr_FB.jpg?resize=700%2C400&ssl=1 2x, https:\/\/i0.wp.com\/www.feuerwehr-brilon.de\/wp-up\/2024\/03\/240319_Bri_Marktstr_FB.jpg?resize=1050%2C600&ssl=1 3x"},"classes":[]},{"id":34214,"url":"https:\/\/www.feuerwehr-brilon.de\/?p=34214","url_meta":{"origin":32210,"position":1},"title":"+++ Einsatz +++","author":"Erwin Mungenast","date":"3. Januar 2026","format":false,"excerpt":"31.12. 19:18Uhr, Brandeinsatz, F1, Brilon, Altenbriloner Str., brennt M\u00fcllcontainer","rel":"","context":"In &quot;Alarmierungen&quot;","block_context":{"text":"Alarmierungen","link":"https:\/\/www.feuerwehr-brilon.de\/?cat=102"},"img":{"alt_text":"","src":"","width":0,"height":0},"classes":[]},{"id":21979,"url":"https:\/\/www.feuerwehr-brilon.de\/?p=21979","url_meta":{"origin":32210,"position":2},"title":"+++ Einsatz +++","author":"Andreas Becker","date":"1. Januar 2020","format":false,"excerpt":"01.01. 00:23Uhr, Brandeinsatz, F0, Brilon, Marktplatz, brennt M\u00fclleimer","rel":"","context":"In &quot;Alarmierungen&quot;","block_context":{"text":"Alarmierungen","link":"https:\/\/www.feuerwehr-brilon.de\/?cat=102"},"img":{"alt_text":"","src":"","width":0,"height":0},"classes":[]},{"id":31490,"url":"https:\/\/www.feuerwehr-brilon.de\/?p=31490","url_meta":{"origin":32210,"position":3},"title":"+++ Einsatz +++","author":"Andreas Becker","date":"31. August 2023","format":false,"excerpt":"31.08. 06:23Uhr, Brandeinsatz, F0, Brilon, Heimbergsgrund, unkl. Feuerschein","rel":"","context":"In &quot;Alarmierungen&quot;","block_context":{"text":"Alarmierungen","link":"https:\/\/www.feuerwehr-brilon.de\/?cat=102"},"img":{"alt_text":"","src":"https:\/\/i0.wp.com\/www.feuerwehr-brilon.de\/wp-up\/2023\/06\/sym_MLF01.jpeg?resize=350%2C200&ssl=1","width":350,"height":200,"srcset":"https:\/\/i0.wp.com\/www.feuerwehr-brilon.de\/wp-up\/2023\/06\/sym_MLF01.jpeg?resize=350%2C200&ssl=1 1x, https:\/\/i0.wp.com\/www.feuerwehr-brilon.de\/wp-up\/2023\/06\/sym_MLF01.jpeg?resize=525%2C300&ssl=1 1.5x, https:\/\/i0.wp.com\/www.feuerwehr-brilon.de\/wp-up\/2023\/06\/sym_MLF01.jpeg?resize=700%2C400&ssl=1 2x"},"classes":[]},{"id":22877,"url":"https:\/\/www.feuerwehr-brilon.de\/?p=22877","url_meta":{"origin":32210,"position":4},"title":"+++ Einsatz +++","author":"Andreas Becker","date":"31. Oktober 2020","format":false,"excerpt":"31.10. 17:23Uhr, Brandeinsatz, F0, Brilon, Am \u00d6stenberg, unklare Brandgeruch","rel":"","context":"In &quot;Alarmierungen&quot;","block_context":{"text":"Alarmierungen","link":"https:\/\/www.feuerwehr-brilon.de\/?cat=102"},"img":{"alt_text":"","src":"","width":0,"height":0},"classes":[]},{"id":32215,"url":"https:\/\/www.feuerwehr-brilon.de\/?p=32215","url_meta":{"origin":32210,"position":5},"title":"+++ Einsatz +++","author":"Andreas Becker","date":"19. M\u00e4rz 2024","format":false,"excerpt":"19.03. 19:15Uhr, Brandeinsatz, F0, Brilon, Kreuziger Mauer, Nachschau - Kirche verraucht","rel":"","context":"In &quot;Alarmierungen&quot;","block_context":{"text":"Alarmierungen","link":"https:\/\/www.feuerwehr-brilon.de\/?cat=102"},"img":{"alt_text":"","src":"https:\/\/i0.wp.com\/www.feuerwehr-brilon.de\/wp-up\/2023\/03\/sym_HLF-2.jpg?resize=350%2C200&ssl=1","width":350,"height":200,"srcset":"https:\/\/i0.wp.com\/www.feuerwehr-brilon.de\/wp-up\/2023\/03\/sym_HLF-2.jpg?resize=350%2C200&ssl=1 1x, https:\/\/i0.wp.com\/www.feuerwehr-brilon.de\/wp-up\/2023\/03\/sym_HLF-2.jpg?resize=525%2C300&ssl=1 1.5x, https:\/\/i0.wp.com\/www.feuerwehr-brilon.de\/wp-up\/2023\/03\/sym_HLF-2.jpg?resize=700%2C400&ssl=1 2x"},"classes":[]}],"_links":{"self":[{"href":"https:\/\/www.feuerwehr-brilon.de\/index.php?rest_route=\/wp\/v2\/posts\/32210","targetHints":{"allow":["GET"]}}],"collection":[{"href":"https:\/\/www.feuerwehr-brilon.de\/index.php?rest_route=\/wp\/v2\/posts"}],"about":[{"href":"https:\/\/www.feuerwehr-brilon.de\/index.php?rest_route=\/wp\/v2\/types\/post"}],"author":[{"embeddable":true,"href":"https:\/\/www.feuerwehr-brilon.de\/index.php?rest_route=\/wp\/v2\/users\/8"}],"replies":[{"embeddable":true,"href":"https:\/\/www.feuerwehr-brilon.de\/index.php?rest_route=%2Fwp%2Fv2%2Fcomments&post=32210"}],"version-history":[{"count":1,"href":"https:\/\/www.feuerwehr-brilon.de\/index.php?rest_route=\/wp\/v2\/posts\/32210\/revisions"}],"predecessor-version":[{"id":32211,"href":"https:\/\/www.feuerwehr-brilon.de\/index.php?rest_route=\/wp\/v2\/posts\/32210\/revisions\/32211"}],"wp:featuredmedia":[{"embeddable":true,"href":"https:\/\/www.feuerwehr-brilon.de\/index.php?rest_route=\/wp\/v2\/media\/32113"}],"wp:attachment":[{"href":"https:\/\/www.feuerwehr-brilon.de\/index.php?rest_route=%2Fwp%2Fv2%2Fmedia&parent=32210"}],"wp:term":[{"taxonomy":"category","embeddable":true,"href":"https:\/\/www.feuerwehr-brilon.de\/index.php?rest_route=%2Fwp%2Fv2%2Fcategories&post=32210"},{"taxonomy":"post_tag","embeddable":true,"href":"https:\/\/www.feuerwehr-brilon.de\/index.php?rest_route=%2Fwp%2Fv2%2Ftags&post=32210"}],"curies":[{"name":"wp","href":"https:\/\/api.w.org\/{rel}","templated":true}]}}