{"id":32212,"date":"2024-03-19T20:28:07","date_gmt":"2024-03-19T19:28:07","guid":{"rendered":"https:\/\/www.feuerwehr-brilon.de\/?p=32212"},"modified":"2024-03-19T20:28:07","modified_gmt":"2024-03-19T19:28:07","slug":"einsatz-950","status":"publish","type":"post","link":"https:\/\/www.feuerwehr-brilon.de\/?p=32212","title":{"rendered":"+++ Einsatz +++"},"content":{"rendered":"<p>19.03. 18:33Uhr, Brandeinsatz, F0, Brilon, Marktstra\u00dfe, B\u00f6ller im Toilettenh\u00e4uschen gez\u00fcndet<\/p>\n","protected":false},"excerpt":{"rendered":"<p>19.03. 18:33Uhr, Brandeinsatz, F0, Brilon, Marktstra\u00dfe, B\u00f6ller im Toilettenh\u00e4uschen gez\u00fcndet<\/p>\n","protected":false},"author":8,"featured_media":32213,"comment_status":"closed","ping_status":"closed","sticky":false,"template":"","format":"standard","meta":{"_exactmetrics_skip_tracking":false,"_exactmetrics_sitenote_active":false,"_exactmetrics_sitenote_note":"","_exactmetrics_sitenote_category":0,"jetpack_post_was_ever_published":false,"_jetpack_newsletter_access":"","_jetpack_dont_email_post_to_subs":false,"_jetpack_newsletter_tier_id":0,"_jetpack_memberships_contains_paywalled_content":false,"_jetpack_memberships_contains_paid_content":false,"footnotes":""},"categories":[102],"tags":[],"class_list":["post-32212","post","type-post","status-publish","format-standard","has-post-thumbnail","hentry","category-alarmierungen"],"jetpack_featured_media_url":"https:\/\/www.feuerwehr-brilon.de\/wp-up\/2024\/03\/240319_Bri_Marktstr_FB.jpg","jetpack_shortlink":"https:\/\/wp.me\/pCIJa-8ny","jetpack_sharing_enabled":true,"jetpack-related-posts":[{"id":32210,"url":"https:\/\/www.feuerwehr-brilon.de\/?p=32210","url_meta":{"origin":32212,"position":0},"title":"+++ Einsatz +++","author":"Andreas Becker","date":"19. M\u00e4rz 2024","format":false,"excerpt":"19.03. 18:23Uhr, Brandeinsatz, F0, Brilon, Altenbriloner Str., B\u00f6ller im Treppenhaus gez\u00fcndet","rel":"","context":"In &quot;Alarmierungen&quot;","block_context":{"text":"Alarmierungen","link":"https:\/\/www.feuerwehr-brilon.de\/?cat=102"},"img":{"alt_text":"","src":"https:\/\/i0.wp.com\/www.feuerwehr-brilon.de\/wp-up\/2024\/02\/sym_HLF-POL.jpg?resize=350%2C200&ssl=1","width":350,"height":200,"srcset":"https:\/\/i0.wp.com\/www.feuerwehr-brilon.de\/wp-up\/2024\/02\/sym_HLF-POL.jpg?resize=350%2C200&ssl=1 1x, https:\/\/i0.wp.com\/www.feuerwehr-brilon.de\/wp-up\/2024\/02\/sym_HLF-POL.jpg?resize=525%2C300&ssl=1 1.5x, https:\/\/i0.wp.com\/www.feuerwehr-brilon.de\/wp-up\/2024\/02\/sym_HLF-POL.jpg?resize=700%2C400&ssl=1 2x, https:\/\/i0.wp.com\/www.feuerwehr-brilon.de\/wp-up\/2024\/02\/sym_HLF-POL.jpg?resize=1050%2C600&ssl=1 3x"},"classes":[]},{"id":32215,"url":"https:\/\/www.feuerwehr-brilon.de\/?p=32215","url_meta":{"origin":32212,"position":1},"title":"+++ Einsatz +++","author":"Andreas Becker","date":"19. M\u00e4rz 2024","format":false,"excerpt":"19.03. 19:15Uhr, Brandeinsatz, F0, Brilon, Kreuziger Mauer, Nachschau - Kirche verraucht","rel":"","context":"In &quot;Alarmierungen&quot;","block_context":{"text":"Alarmierungen","link":"https:\/\/www.feuerwehr-brilon.de\/?cat=102"},"img":{"alt_text":"","src":"https:\/\/i0.wp.com\/www.feuerwehr-brilon.de\/wp-up\/2023\/03\/sym_HLF-2.jpg?resize=350%2C200&ssl=1","width":350,"height":200,"srcset":"https:\/\/i0.wp.com\/www.feuerwehr-brilon.de\/wp-up\/2023\/03\/sym_HLF-2.jpg?resize=350%2C200&ssl=1 1x, https:\/\/i0.wp.com\/www.feuerwehr-brilon.de\/wp-up\/2023\/03\/sym_HLF-2.jpg?resize=525%2C300&ssl=1 1.5x, https:\/\/i0.wp.com\/www.feuerwehr-brilon.de\/wp-up\/2023\/03\/sym_HLF-2.jpg?resize=700%2C400&ssl=1 2x"},"classes":[]},{"id":30603,"url":"https:\/\/www.feuerwehr-brilon.de\/?p=30603","url_meta":{"origin":32212,"position":2},"title":"+++ Einsatz +++","author":"Andreas Becker","date":"6. Januar 2023","format":false,"excerpt":"05.01. 16:33Uhr, Brandeinsatz, F0, Hoppecke, L913, brennt Baum","rel":"","context":"In &quot;Alarmierungen&quot;","block_context":{"text":"Alarmierungen","link":"https:\/\/www.feuerwehr-brilon.de\/?cat=102"},"img":{"alt_text":"","src":"https:\/\/i0.wp.com\/www.feuerwehr-brilon.de\/wp-up\/2022\/08\/ticker.jpg?resize=350%2C200&ssl=1","width":350,"height":200,"srcset":"https:\/\/i0.wp.com\/www.feuerwehr-brilon.de\/wp-up\/2022\/08\/ticker.jpg?resize=350%2C200&ssl=1 1x, https:\/\/i0.wp.com\/www.feuerwehr-brilon.de\/wp-up\/2022\/08\/ticker.jpg?resize=525%2C300&ssl=1 1.5x"},"classes":[]},{"id":23937,"url":"https:\/\/www.feuerwehr-brilon.de\/?p=23937","url_meta":{"origin":32212,"position":3},"title":"+++ Einsatz +++","author":"Andreas Becker","date":"24. Oktober 2021","format":false,"excerpt":"23.10. 19:12Uhr, Brandeinsatz, F3, Brilon, Marktstra\u00dfe, brennt Elektroverteilung","rel":"","context":"In &quot;Alarmierungen&quot;","block_context":{"text":"Alarmierungen","link":"https:\/\/www.feuerwehr-brilon.de\/?cat=102"},"img":{"alt_text":"","src":"https:\/\/i0.wp.com\/www.feuerwehr-brilon.de\/wp-up\/2021\/10\/ezy-watermark_24-10-2021_07-00-05pm.jpg?resize=350%2C200&ssl=1","width":350,"height":200,"srcset":"https:\/\/i0.wp.com\/www.feuerwehr-brilon.de\/wp-up\/2021\/10\/ezy-watermark_24-10-2021_07-00-05pm.jpg?resize=350%2C200&ssl=1 1x, https:\/\/i0.wp.com\/www.feuerwehr-brilon.de\/wp-up\/2021\/10\/ezy-watermark_24-10-2021_07-00-05pm.jpg?resize=525%2C300&ssl=1 1.5x, https:\/\/i0.wp.com\/www.feuerwehr-brilon.de\/wp-up\/2021\/10\/ezy-watermark_24-10-2021_07-00-05pm.jpg?resize=700%2C400&ssl=1 2x"},"classes":[]},{"id":16213,"url":"https:\/\/www.feuerwehr-brilon.de\/?p=16213","url_meta":{"origin":32212,"position":4},"title":"02.08. 21:33Uhr, Brandeinsatz, F0, Brilon,\u2026","author":"Andreas Becker","date":"3. August 2018","format":false,"excerpt":"02.08. 21:33Uhr, Brandeinsatz, F0, Brilon, Antoniusstra\u00dfe, Nachschau","rel":"","context":"In &quot;Alarmierungen&quot;","block_context":{"text":"Alarmierungen","link":"https:\/\/www.feuerwehr-brilon.de\/?cat=102"},"img":{"alt_text":"","src":"","width":0,"height":0},"classes":[]},{"id":21441,"url":"https:\/\/www.feuerwehr-brilon.de\/?p=21441","url_meta":{"origin":32212,"position":5},"title":"13.06. 17:33Uhr, Brandeinsatz, F0, Brilon,\u2026","author":"Andreas Becker","date":"13. Juni 2019","format":false,"excerpt":"13.06. 17:33Uhr, Brandeinsatz, F0, Brilon, Gropperweg, brennt Hecke","rel":"","context":"In &quot;Alarmierungen&quot;","block_context":{"text":"Alarmierungen","link":"https:\/\/www.feuerwehr-brilon.de\/?cat=102"},"img":{"alt_text":"","src":"","width":0,"height":0},"classes":[]}],"_links":{"self":[{"href":"https:\/\/www.feuerwehr-brilon.de\/index.php?rest_route=\/wp\/v2\/posts\/32212","targetHints":{"allow":["GET"]}}],"collection":[{"href":"https:\/\/www.feuerwehr-brilon.de\/index.php?rest_route=\/wp\/v2\/posts"}],"about":[{"href":"https:\/\/www.feuerwehr-brilon.de\/index.php?rest_route=\/wp\/v2\/types\/post"}],"author":[{"embeddable":true,"href":"https:\/\/www.feuerwehr-brilon.de\/index.php?rest_route=\/wp\/v2\/users\/8"}],"replies":[{"embeddable":true,"href":"https:\/\/www.feuerwehr-brilon.de\/index.php?rest_route=%2Fwp%2Fv2%2Fcomments&post=32212"}],"version-history":[{"count":1,"href":"https:\/\/www.feuerwehr-brilon.de\/index.php?rest_route=\/wp\/v2\/posts\/32212\/revisions"}],"predecessor-version":[{"id":32214,"href":"https:\/\/www.feuerwehr-brilon.de\/index.php?rest_route=\/wp\/v2\/posts\/32212\/revisions\/32214"}],"wp:featuredmedia":[{"embeddable":true,"href":"https:\/\/www.feuerwehr-brilon.de\/index.php?rest_route=\/wp\/v2\/media\/32213"}],"wp:attachment":[{"href":"https:\/\/www.feuerwehr-brilon.de\/index.php?rest_route=%2Fwp%2Fv2%2Fmedia&parent=32212"}],"wp:term":[{"taxonomy":"category","embeddable":true,"href":"https:\/\/www.feuerwehr-brilon.de\/index.php?rest_route=%2Fwp%2Fv2%2Fcategories&post=32212"},{"taxonomy":"post_tag","embeddable":true,"href":"https:\/\/www.feuerwehr-brilon.de\/index.php?rest_route=%2Fwp%2Fv2%2Ftags&post=32212"}],"curies":[{"name":"wp","href":"https:\/\/api.w.org\/{rel}","templated":true}]}}