{"id":32227,"date":"2024-04-08T12:18:56","date_gmt":"2024-04-08T11:18:56","guid":{"rendered":"https:\/\/www.feuerwehr-brilon.de\/?p=32227"},"modified":"2024-04-08T12:18:56","modified_gmt":"2024-04-08T11:18:56","slug":"einsatz-954","status":"publish","type":"post","link":"https:\/\/www.feuerwehr-brilon.de\/?p=32227","title":{"rendered":"+++ Einsatz +++"},"content":{"rendered":"<p>03.04. 08:06Uhr, Hilfeleistung, H0 \u00d6lspur, Altenb\u00fcren, Antfelder Str., Verkehrsunfall<\/p>\n","protected":false},"excerpt":{"rendered":"<p>03.04. 08:06Uhr, Hilfeleistung, H0 \u00d6lspur, Altenb\u00fcren, Antfelder Str., Verkehrsunfall<\/p>\n","protected":false},"author":5,"featured_media":30506,"comment_status":"closed","ping_status":"closed","sticky":false,"template":"","format":"standard","meta":{"_exactmetrics_skip_tracking":false,"_exactmetrics_sitenote_active":false,"_exactmetrics_sitenote_note":"","_exactmetrics_sitenote_category":0,"jetpack_post_was_ever_published":false,"_jetpack_newsletter_access":"","_jetpack_dont_email_post_to_subs":false,"_jetpack_newsletter_tier_id":0,"_jetpack_memberships_contains_paywalled_content":false,"_jetpack_memberships_contains_paid_content":false,"footnotes":""},"categories":[102],"tags":[],"class_list":["post-32227","post","type-post","status-publish","format-standard","has-post-thumbnail","hentry","category-alarmierungen"],"jetpack_featured_media_url":"https:\/\/www.feuerwehr-brilon.de\/wp-up\/2022\/12\/42352cc9-1c78-4276-b449-72b12b378cd6.jpg","jetpack_shortlink":"https:\/\/wp.me\/pCIJa-8nN","jetpack_sharing_enabled":true,"jetpack-related-posts":[{"id":23121,"url":"https:\/\/www.feuerwehr-brilon.de\/?p=23121","url_meta":{"origin":32227,"position":0},"title":"+++ Einsatz +++","author":"Andreas Becker","date":"22. Januar 2021","format":false,"excerpt":"21.01. 22:41Uhr, Hilfeleistung, H0 Unfall, Altenb\u00fcren, Antfelder Str., Verkehrsunfall","rel":"","context":"In &quot;Alarmierungen&quot;","block_context":{"text":"Alarmierungen","link":"https:\/\/www.feuerwehr-brilon.de\/?cat=102"},"img":{"alt_text":"","src":"https:\/\/i0.wp.com\/www.feuerwehr-brilon.de\/wp-up\/2020\/02\/Oelspur.jpg?resize=350%2C200&ssl=1","width":350,"height":200,"srcset":"https:\/\/i0.wp.com\/www.feuerwehr-brilon.de\/wp-up\/2020\/02\/Oelspur.jpg?resize=350%2C200&ssl=1 1x, https:\/\/i0.wp.com\/www.feuerwehr-brilon.de\/wp-up\/2020\/02\/Oelspur.jpg?resize=525%2C300&ssl=1 1.5x"},"classes":[]},{"id":32411,"url":"https:\/\/www.feuerwehr-brilon.de\/?p=32411","url_meta":{"origin":32227,"position":1},"title":"+++ Einsatz +++","author":"Andreas Becker","date":"16. Mai 2024","format":false,"excerpt":"15.05. 16:36Uhr, Hilfeleistung, H0 Unfall, Altenb\u00fcren, Antfelder Str., Verkehrsunfall","rel":"","context":"In &quot;Alarmierungen&quot;","block_context":{"text":"Alarmierungen","link":"https:\/\/www.feuerwehr-brilon.de\/?cat=102"},"img":{"alt_text":"","src":"https:\/\/i0.wp.com\/www.feuerwehr-brilon.de\/wp-up\/2023\/03\/sym_sign.jpg?resize=350%2C200&ssl=1","width":350,"height":200,"srcset":"https:\/\/i0.wp.com\/www.feuerwehr-brilon.de\/wp-up\/2023\/03\/sym_sign.jpg?resize=350%2C200&ssl=1 1x, https:\/\/i0.wp.com\/www.feuerwehr-brilon.de\/wp-up\/2023\/03\/sym_sign.jpg?resize=525%2C300&ssl=1 1.5x, https:\/\/i0.wp.com\/www.feuerwehr-brilon.de\/wp-up\/2023\/03\/sym_sign.jpg?resize=700%2C400&ssl=1 2x"},"classes":[]},{"id":24011,"url":"https:\/\/www.feuerwehr-brilon.de\/?p=24011","url_meta":{"origin":32227,"position":2},"title":"+++ Einsatz +++","author":"Andreas Becker","date":"5. Dezember 2021","format":false,"excerpt":"05.12. 15:06Uhr, Hilfeleistung, H0 \u00d6lspur, Altenb\u00fcren, B480 Antfeld, \u00d6lspur nach VU","rel":"","context":"In &quot;Alarmierungen&quot;","block_context":{"text":"Alarmierungen","link":"https:\/\/www.feuerwehr-brilon.de\/?cat=102"},"img":{"alt_text":"","src":"https:\/\/i0.wp.com\/www.feuerwehr-brilon.de\/wp-up\/2020\/02\/Oelspur.jpg?resize=350%2C200&ssl=1","width":350,"height":200,"srcset":"https:\/\/i0.wp.com\/www.feuerwehr-brilon.de\/wp-up\/2020\/02\/Oelspur.jpg?resize=350%2C200&ssl=1 1x, https:\/\/i0.wp.com\/www.feuerwehr-brilon.de\/wp-up\/2020\/02\/Oelspur.jpg?resize=525%2C300&ssl=1 1.5x"},"classes":[]},{"id":33328,"url":"https:\/\/www.feuerwehr-brilon.de\/?p=33328","url_meta":{"origin":32227,"position":3},"title":"+++ Einsatz +++","author":"Andreas Becker","date":"5. April 2025","format":false,"excerpt":"05.04. 14:04Uhr, Hilfeleistung, H0 \u00d6lspur, Madfeld, Bredelarer Str., nach Verkehrsunfall","rel":"","context":"In &quot;Alarmierungen&quot;","block_context":{"text":"Alarmierungen","link":"https:\/\/www.feuerwehr-brilon.de\/?cat=102"},"img":{"alt_text":"","src":"","width":0,"height":0},"classes":[]},{"id":32491,"url":"https:\/\/www.feuerwehr-brilon.de\/?p=32491","url_meta":{"origin":32227,"position":4},"title":"+++ Einsatz +++","author":"Andreas Becker","date":"10. Juni 2024","format":false,"excerpt":"09.06. 14:06Uhr, Hilfeleistung, H0 \u00d6lspur, Hoppecke, K61 -> Bontkirchen, \u00d6lspur nach VU","rel":"","context":"In &quot;Alarmierungen&quot;","block_context":{"text":"Alarmierungen","link":"https:\/\/www.feuerwehr-brilon.de\/?cat=102"},"img":{"alt_text":"","src":"https:\/\/i0.wp.com\/www.feuerwehr-brilon.de\/wp-up\/2023\/03\/sym_sign.jpg?resize=350%2C200&ssl=1","width":350,"height":200,"srcset":"https:\/\/i0.wp.com\/www.feuerwehr-brilon.de\/wp-up\/2023\/03\/sym_sign.jpg?resize=350%2C200&ssl=1 1x, https:\/\/i0.wp.com\/www.feuerwehr-brilon.de\/wp-up\/2023\/03\/sym_sign.jpg?resize=525%2C300&ssl=1 1.5x, https:\/\/i0.wp.com\/www.feuerwehr-brilon.de\/wp-up\/2023\/03\/sym_sign.jpg?resize=700%2C400&ssl=1 2x"},"classes":[]},{"id":21978,"url":"https:\/\/www.feuerwehr-brilon.de\/?p=21978","url_meta":{"origin":32227,"position":5},"title":"+++ Einsatz +++","author":"Andreas Becker","date":"31. Dezember 2019","format":false,"excerpt":"31.12. 10:45Uhr, Hilfeleistung, H0 \u00d6lspur, Altenb\u00fcren, B480, \u00d6lspur","rel":"","context":"In &quot;Alarmierungen&quot;","block_context":{"text":"Alarmierungen","link":"https:\/\/www.feuerwehr-brilon.de\/?cat=102"},"img":{"alt_text":"","src":"","width":0,"height":0},"classes":[]}],"_links":{"self":[{"href":"https:\/\/www.feuerwehr-brilon.de\/index.php?rest_route=\/wp\/v2\/posts\/32227","targetHints":{"allow":["GET"]}}],"collection":[{"href":"https:\/\/www.feuerwehr-brilon.de\/index.php?rest_route=\/wp\/v2\/posts"}],"about":[{"href":"https:\/\/www.feuerwehr-brilon.de\/index.php?rest_route=\/wp\/v2\/types\/post"}],"author":[{"embeddable":true,"href":"https:\/\/www.feuerwehr-brilon.de\/index.php?rest_route=\/wp\/v2\/users\/5"}],"replies":[{"embeddable":true,"href":"https:\/\/www.feuerwehr-brilon.de\/index.php?rest_route=%2Fwp%2Fv2%2Fcomments&post=32227"}],"version-history":[{"count":1,"href":"https:\/\/www.feuerwehr-brilon.de\/index.php?rest_route=\/wp\/v2\/posts\/32227\/revisions"}],"predecessor-version":[{"id":32228,"href":"https:\/\/www.feuerwehr-brilon.de\/index.php?rest_route=\/wp\/v2\/posts\/32227\/revisions\/32228"}],"wp:featuredmedia":[{"embeddable":true,"href":"https:\/\/www.feuerwehr-brilon.de\/index.php?rest_route=\/wp\/v2\/media\/30506"}],"wp:attachment":[{"href":"https:\/\/www.feuerwehr-brilon.de\/index.php?rest_route=%2Fwp%2Fv2%2Fmedia&parent=32227"}],"wp:term":[{"taxonomy":"category","embeddable":true,"href":"https:\/\/www.feuerwehr-brilon.de\/index.php?rest_route=%2Fwp%2Fv2%2Fcategories&post=32227"},{"taxonomy":"post_tag","embeddable":true,"href":"https:\/\/www.feuerwehr-brilon.de\/index.php?rest_route=%2Fwp%2Fv2%2Ftags&post=32227"}],"curies":[{"name":"wp","href":"https:\/\/api.w.org\/{rel}","templated":true}]}}