{"id":32232,"date":"2024-04-08T12:19:37","date_gmt":"2024-04-08T11:19:37","guid":{"rendered":"https:\/\/www.feuerwehr-brilon.de\/?p=32232"},"modified":"2024-04-08T12:19:37","modified_gmt":"2024-04-08T11:19:37","slug":"einsatz-956","status":"publish","type":"post","link":"https:\/\/www.feuerwehr-brilon.de\/?p=32232","title":{"rendered":"+++ Einsatz +++"},"content":{"rendered":"<p>07.04. 08:31Uhr, Hilfeleistung, H0 T\u00fcr, Alme, Hermann-L\u00f6ns-Str., T\u00fcr\u00f6ffnung<\/p>\n","protected":false},"excerpt":{"rendered":"<p>07.04. 08:31Uhr, Hilfeleistung, H0 T\u00fcr, Alme, Hermann-L\u00f6ns-Str., T\u00fcr\u00f6ffnung<\/p>\n","protected":false},"author":5,"featured_media":30206,"comment_status":"closed","ping_status":"closed","sticky":false,"template":"","format":"standard","meta":{"_exactmetrics_skip_tracking":false,"_exactmetrics_sitenote_active":false,"_exactmetrics_sitenote_note":"","_exactmetrics_sitenote_category":0,"jetpack_post_was_ever_published":false,"_jetpack_newsletter_access":"","_jetpack_dont_email_post_to_subs":false,"_jetpack_newsletter_tier_id":0,"_jetpack_memberships_contains_paywalled_content":false,"_jetpack_memberships_contains_paid_content":false,"footnotes":""},"categories":[102],"tags":[],"class_list":["post-32232","post","type-post","status-publish","format-standard","has-post-thumbnail","hentry","category-alarmierungen"],"jetpack_featured_media_url":"https:\/\/www.feuerwehr-brilon.de\/wp-up\/2022\/09\/sym_tuer.jpg","jetpack_shortlink":"https:\/\/wp.me\/pCIJa-8nS","jetpack_sharing_enabled":true,"jetpack-related-posts":[{"id":31516,"url":"https:\/\/www.feuerwehr-brilon.de\/?p=31516","url_meta":{"origin":32232,"position":0},"title":"+++ Einsatz +++","author":"Andreas Becker","date":"20. September 2023","format":false,"excerpt":"20.09. 02:10Uhr, Hilfeleistung, H0 T\u00fcr, Alme, Hermann-L\u00f6ns-Str., T\u00fcr\u00f6ffnung","rel":"","context":"In &quot;Alarmierungen&quot;","block_context":{"text":"Alarmierungen","link":"https:\/\/www.feuerwehr-brilon.de\/?cat=102"},"img":{"alt_text":"","src":"https:\/\/i0.wp.com\/www.feuerwehr-brilon.de\/wp-up\/2022\/09\/sym_tuer.jpg?resize=350%2C200&ssl=1","width":350,"height":200,"srcset":"https:\/\/i0.wp.com\/www.feuerwehr-brilon.de\/wp-up\/2022\/09\/sym_tuer.jpg?resize=350%2C200&ssl=1 1x, https:\/\/i0.wp.com\/www.feuerwehr-brilon.de\/wp-up\/2022\/09\/sym_tuer.jpg?resize=525%2C300&ssl=1 1.5x, https:\/\/i0.wp.com\/www.feuerwehr-brilon.de\/wp-up\/2022\/09\/sym_tuer.jpg?resize=700%2C400&ssl=1 2x"},"classes":[]},{"id":23219,"url":"https:\/\/www.feuerwehr-brilon.de\/?p=23219","url_meta":{"origin":32232,"position":1},"title":"+++ Einsatz +++","author":"Andreas Becker","date":"22. Februar 2021","format":false,"excerpt":"22.02. 09:31Uhr, Hilfeleistung, H0 T\u00fcr, Brilon-Wald, Korbacher Str., T\u00fcr\u00f6ffnung","rel":"","context":"In &quot;Alarmierungen&quot;","block_context":{"text":"Alarmierungen","link":"https:\/\/www.feuerwehr-brilon.de\/?cat=102"},"img":{"alt_text":"","src":"https:\/\/i0.wp.com\/www.feuerwehr-brilon.de\/wp-up\/2020\/08\/Tueroeffnung.jpg?resize=350%2C200&ssl=1","width":350,"height":200,"srcset":"https:\/\/i0.wp.com\/www.feuerwehr-brilon.de\/wp-up\/2020\/08\/Tueroeffnung.jpg?resize=350%2C200&ssl=1 1x, https:\/\/i0.wp.com\/www.feuerwehr-brilon.de\/wp-up\/2020\/08\/Tueroeffnung.jpg?resize=525%2C300&ssl=1 1.5x, https:\/\/i0.wp.com\/www.feuerwehr-brilon.de\/wp-up\/2020\/08\/Tueroeffnung.jpg?resize=700%2C400&ssl=1 2x"},"classes":[]},{"id":22288,"url":"https:\/\/www.feuerwehr-brilon.de\/?p=22288","url_meta":{"origin":32232,"position":2},"title":"+++ Einsatz +++","author":"Andreas Becker","date":"24. M\u00e4rz 2020","format":false,"excerpt":"24.03. 18:54Uhr, Hilfeleistung, H0 T\u00fcr, Alme, W\u00fcnnenberger Str., T\u00fcr\u00f6ffnung","rel":"","context":"In &quot;Alarmierungen&quot;","block_context":{"text":"Alarmierungen","link":"https:\/\/www.feuerwehr-brilon.de\/?cat=102"},"img":{"alt_text":"","src":"","width":0,"height":0},"classes":[]},{"id":22818,"url":"https:\/\/www.feuerwehr-brilon.de\/?p=22818","url_meta":{"origin":32232,"position":3},"title":"+++ Einsatz +++","author":"Andreas Becker","date":"24. September 2020","format":false,"excerpt":"24.09. 19:21Uhr, Hilfeleistung, H0 T\u00fcr, Alme, W\u00fcnnenberger Str., T\u00fcr\u00f6ffnung","rel":"","context":"In &quot;Alarmierungen&quot;","block_context":{"text":"Alarmierungen","link":"https:\/\/www.feuerwehr-brilon.de\/?cat=102"},"img":{"alt_text":"","src":"https:\/\/i0.wp.com\/www.feuerwehr-brilon.de\/wp-up\/2020\/08\/Tueroeffnung.jpg?resize=350%2C200&ssl=1","width":350,"height":200,"srcset":"https:\/\/i0.wp.com\/www.feuerwehr-brilon.de\/wp-up\/2020\/08\/Tueroeffnung.jpg?resize=350%2C200&ssl=1 1x, https:\/\/i0.wp.com\/www.feuerwehr-brilon.de\/wp-up\/2020\/08\/Tueroeffnung.jpg?resize=525%2C300&ssl=1 1.5x, https:\/\/i0.wp.com\/www.feuerwehr-brilon.de\/wp-up\/2020\/08\/Tueroeffnung.jpg?resize=700%2C400&ssl=1 2x"},"classes":[]},{"id":13224,"url":"https:\/\/www.feuerwehr-brilon.de\/?p=13224","url_meta":{"origin":32232,"position":4},"title":"10.02. 07:03Uhr, Hilfeleistung, TH mit\u2026","author":"Andreas Becker","date":"10. Februar 2016","format":false,"excerpt":"10.02. 07:03Uhr, Hilfeleistung, TH mit RD, Alme, Hermann L\u00f6ns Str., T\u00fcr\u00f6ffnung","rel":"","context":"In &quot;Alarmierungen&quot;","block_context":{"text":"Alarmierungen","link":"https:\/\/www.feuerwehr-brilon.de\/?cat=102"},"img":{"alt_text":"","src":"","width":0,"height":0},"classes":[]},{"id":23350,"url":"https:\/\/www.feuerwehr-brilon.de\/?p=23350","url_meta":{"origin":32232,"position":5},"title":"+++ Einsatz +++","author":"Andreas Becker","date":"7. April 2021","format":false,"excerpt":"07.04. 19:13Uhr, Hilfeleistung, H0 T\u00fcr, Brilon, Bahnhofstra\u00dfe, T\u00fcr\u00f6ffnung","rel":"","context":"In &quot;Alarmierungen&quot;","block_context":{"text":"Alarmierungen","link":"https:\/\/www.feuerwehr-brilon.de\/?cat=102"},"img":{"alt_text":"","src":"https:\/\/i0.wp.com\/www.feuerwehr-brilon.de\/wp-up\/2020\/08\/Tueroeffnung.jpg?resize=350%2C200&ssl=1","width":350,"height":200,"srcset":"https:\/\/i0.wp.com\/www.feuerwehr-brilon.de\/wp-up\/2020\/08\/Tueroeffnung.jpg?resize=350%2C200&ssl=1 1x, https:\/\/i0.wp.com\/www.feuerwehr-brilon.de\/wp-up\/2020\/08\/Tueroeffnung.jpg?resize=525%2C300&ssl=1 1.5x, https:\/\/i0.wp.com\/www.feuerwehr-brilon.de\/wp-up\/2020\/08\/Tueroeffnung.jpg?resize=700%2C400&ssl=1 2x"},"classes":[]}],"_links":{"self":[{"href":"https:\/\/www.feuerwehr-brilon.de\/index.php?rest_route=\/wp\/v2\/posts\/32232","targetHints":{"allow":["GET"]}}],"collection":[{"href":"https:\/\/www.feuerwehr-brilon.de\/index.php?rest_route=\/wp\/v2\/posts"}],"about":[{"href":"https:\/\/www.feuerwehr-brilon.de\/index.php?rest_route=\/wp\/v2\/types\/post"}],"author":[{"embeddable":true,"href":"https:\/\/www.feuerwehr-brilon.de\/index.php?rest_route=\/wp\/v2\/users\/5"}],"replies":[{"embeddable":true,"href":"https:\/\/www.feuerwehr-brilon.de\/index.php?rest_route=%2Fwp%2Fv2%2Fcomments&post=32232"}],"version-history":[{"count":1,"href":"https:\/\/www.feuerwehr-brilon.de\/index.php?rest_route=\/wp\/v2\/posts\/32232\/revisions"}],"predecessor-version":[{"id":32233,"href":"https:\/\/www.feuerwehr-brilon.de\/index.php?rest_route=\/wp\/v2\/posts\/32232\/revisions\/32233"}],"wp:featuredmedia":[{"embeddable":true,"href":"https:\/\/www.feuerwehr-brilon.de\/index.php?rest_route=\/wp\/v2\/media\/30206"}],"wp:attachment":[{"href":"https:\/\/www.feuerwehr-brilon.de\/index.php?rest_route=%2Fwp%2Fv2%2Fmedia&parent=32232"}],"wp:term":[{"taxonomy":"category","embeddable":true,"href":"https:\/\/www.feuerwehr-brilon.de\/index.php?rest_route=%2Fwp%2Fv2%2Fcategories&post=32232"},{"taxonomy":"post_tag","embeddable":true,"href":"https:\/\/www.feuerwehr-brilon.de\/index.php?rest_route=%2Fwp%2Fv2%2Ftags&post=32232"}],"curies":[{"name":"wp","href":"https:\/\/api.w.org\/{rel}","templated":true}]}}